{"id":2094,"date":"2025-10-20T08:21:28","date_gmt":"2025-10-20T11:21:28","guid":{"rendered":"https:\/\/elpueblonoticia.com.ar\/web\/?p=2094"},"modified":"2025-10-20T08:21:28","modified_gmt":"2025-10-20T11:21:28","slug":"tras-el-rechazo-de-la-prision-domiciliaria-lazaro-baez-volvio-a-la-carcel-de-ezeiza","status":"publish","type":"post","link":"https:\/\/elpueblonoticia.com.ar\/web\/2025\/10\/20\/tras-el-rechazo-de-la-prision-domiciliaria-lazaro-baez-volvio-a-la-carcel-de-ezeiza\/","title":{"rendered":"Tras el rechazo de la prisi\u00f3n domiciliaria, L\u00e1zaro B\u00e1ez volvi\u00f3 a la c\u00e1rcel de Ezeiza"},"content":{"rendered":"<div id=\"modalIntrotext\">\n<div>El empresario condenado por corrupci\u00f3n hab\u00eda solicitado la prisi\u00f3n domiciliaria por su estado de salud, pero un juez le neg\u00f3 el pedido y orden\u00f3 su traslado a un pabell\u00f3n con mejores condiciones.<\/div>\n<div><\/div>\n<\/div>\n<div>Este domingo por la ma\u00f1ana, L\u00e1zaro B\u00e1ez ingres\u00f3 nuevamente a la c\u00e1rcel de Ezeiza, luego de ser trasladado desde la Unidad Penitenciaria N\u00b0 15 de R\u00edo Gallegos. As\u00ed lo hab\u00eda ordenado el juez federal Claudio V\u00e1zquez, quien rechaz\u00f3 la posibilidad de otorgarle la prisi\u00f3n domiciliaria pero dispuso que su alojamiento en un lugar con mejores condiciones, dado su delicado estado de salud.<\/p>\n<p>Fuentes judiciales precisaron a Infobae que el empresario condenado por corrupci\u00f3n en la \u201cRuta del dinero K\u201d y \u201cVialidad\u201d empez\u00f3 el proceso de traslado el s\u00e1bado. Primero fue llevado por tierra hacia la ciudad de Trelew, en Chubut, donde se tom\u00f3 un avi\u00f3n que lo llev\u00f3 hasta Ezeiza. El operativo estuvo a cargo del Servicio Penitenciario Federal.<\/p>\n<p>Hasta este mediod\u00eda, B\u00e1ez permanec\u00eda en el Hospital Central Penitenciario de la c\u00e1rcel para hacerse estudios y todav\u00eda no le hab\u00edan asignado un pabell\u00f3n. En ese sector del complejo penitenciario hay muy pocos presos. Uno de ellos es Fernando Sabag Montiel, el hombre que gatill\u00f3 un arma en la cabeza de Cristina Fern\u00e1ndez de Kirchner.<\/p>\n<p>Este domingo por la ma\u00f1ana, L\u00e1zaro B\u00e1ez ingres\u00f3 nuevamente a la c\u00e1rcel de Ezeiza, luego de ser trasladado desde la Unidad Penitenciaria N\u00b0 15 de R\u00edo Gallegos. As\u00ed lo hab\u00eda ordenado el juez federal Claudio V\u00e1zquez, quien rechaz\u00f3 la posibilidad de otorgarle la prisi\u00f3n domiciliaria pero dispuso que su alojamiento en un lugar con mejores condiciones, dado su delicado estado de salud.<\/p>\n<p>Fuentes judiciales precisaron a Infobae que el empresario condenado por corrupci\u00f3n en la \u201cRuta del dinero K\u201d y \u201cVialidad\u201d empez\u00f3 el proceso de traslado el s\u00e1bado. Primero fue llevado por tierra hacia la ciudad de Trelew, en Chubut, donde se tom\u00f3 un avi\u00f3n que lo llev\u00f3 hasta Ezeiza. El operativo estuvo a cargo del Servicio Penitenciario Federal.<\/p>\n<p>Hasta este mediod\u00eda, B\u00e1ez permanec\u00eda en el Hospital Central Penitenciario de la c\u00e1rcel para hacerse estudios y todav\u00eda no le hab\u00edan asignado un pabell\u00f3n. En ese sector del complejo penitenciario hay muy pocos presos. Uno de ellos es Fernando Sabag Montiel, el hombre que gatill\u00f3 un arma en la cabeza de Cristina Fern\u00e1ndez de Kirchner.<\/p>\n<p>La defensa de L\u00e1zaro B\u00e1ez hab\u00eda presentado esta semana un habeas corpus en el que exig\u00edan su salida de la prisi\u00f3n de R\u00edo Gallegos, donde hasta ayer compart\u00eda un solo ba\u00f1o con otros 20 reclusos.<\/p>\n<p>En ese escrito, definieron su lugar de alojamiento como un \u201cbuz\u00f3n\u201d o \u201cleonera\u201d, lo que \u201cse conoce en la jerga carcelaria como lugar de castigo, carente de habitabilidad m\u00ednima, sin ba\u00f1o ni ventilaci\u00f3n adecuada, con filtraciones y deficiente alimentaci\u00f3n\u201d.<\/p>\n<p>A sus 69 a\u00f1os, el empresario padece EPOC, hipertensi\u00f3n arterial, arritmia, diabetes, asma bronquial y problemas gastrointestinales.<\/p>\n<p>El juez N\u00e9stor Costabel, presidente del Tribunal Oral Federal N\u00b0 4 que tiene a cargo la ejecuci\u00f3n de la condena de B\u00e1ez, orden\u00f3 el jueves una \u201cnueva evaluaci\u00f3n cardiol\u00f3gica respecto del interno, debi\u00e9ndose incluir la realizaci\u00f3n de un electrocardiograma, ecocardiograma y laboratorio completo\u201d.<\/p>\n<p>El magistrado tambi\u00e9n le pidi\u00f3 al Cuerpo M\u00e9dico Forense de la Corte Suprema de Justicia que determine si B\u00e1ez \u201cse encuentra en estado cr\u00edtico, con riesgo cierto de muerte s\u00fabita\u201d, como sostiene -luego de un estudio m\u00e9dico de parte- su defensa, integrada por los abogados Lucas y Yanina Nicoletti.<\/p>\n<p>Ese informe ser\u00e1 determinante para definir el reclamo que sostiene el empresario para dejar la prisi\u00f3n y acceder a un r\u00e9gimen domiciliario.<\/p>\n<p>El juez Costabel gir\u00f3 luego el habeas corpus hacia su par de R\u00edo Gallegos, Claudio V\u00e1zquez, quien convoc\u00f3 a una audiencia entre todas las partes. All\u00ed se analizaron los argumentos de los defensores.<\/p>\n<p>Al considerar que los fundamentos sanitarios que expusieron los abogados eran adecuados, el Juzgado Federal de R\u00edo Gallegos habilit\u00f3 el s\u00e1bado su inmediato traspaso hacia el Complejo Penitenciario Federal N\u00b0 1 de Ezeiza.<\/p>\n<p>B\u00e1ez hab\u00eda pedido quedar internado en el Hospital SAMIC de El Calafate, pero el Servicio Penitenciario Federal se opuso a esa posibilidad porque, seg\u00fan esgrimieron en la audiencia, no ten\u00edan los medios necesarios para trasladarlo hasta esa ciudad, ubicada a unos 300 kil\u00f3metros de la Unidad Penitenciaria N\u00b0 15.<\/p>\n<p>Adem\u00e1s, luego de varias horas de discusi\u00f3n sobre la ejecuci\u00f3n de la pena, el juez V\u00e1zquez concluy\u00f3 que no se comprob\u00f3 un \u201cagravamiento ileg\u00edtimo de las formas y condiciones de detenci\u00f3n\u201d.<\/p>\n<p>En medio del traslado de Santa Cruz a Buenos Aires, los defensores perdieron contacto con B\u00e1ez y, como desconoc\u00edan su paradero, salieron a denunciar \u201cuna situaci\u00f3n de total incertidumbre tanto para su familia como para quien suscribe, que evoca pr\u00e1cticas propias de \u00e9pocas que la Rep\u00fablica no puede repetir\u201d, seg\u00fan plasmaron en una presentaci\u00f3n que hicieron ante el TOF N\u00b0 4.<\/p>\n<p>Por \u201cVialidad\u201d y la \u201cRuta del dinero K\u201d, L\u00e1zaro B\u00e1ez purga una pena unificada de 15 a\u00f1os de prisi\u00f3n. Adem\u00e1s tiene otra sentencia -que todav\u00eda no est\u00e1 firme- impuesta por el Tribunal Oral en lo Penal Econ\u00f3mico N\u00b0 3, que conden\u00f3 al empresario a tres a\u00f1os y seis meses de c\u00e1rcel por la apropiaci\u00f3n indebida de los aportes de los trabajadores Austral Construcciones y otras empresas.<\/p><\/div>\n","protected":false},"excerpt":{"rendered":"<p>El empresario condenado por corrupci\u00f3n hab\u00eda solicitado la prisi\u00f3n domiciliaria por su estado de salud, pero un juez le neg\u00f3 el pedido y orden\u00f3 su traslado a un pabell\u00f3n con mejores condiciones. Este domingo por la ma\u00f1ana, L\u00e1zaro B\u00e1ez ingres\u00f3 nuevamente a la c\u00e1rcel de Ezeiza, luego de ser trasladado desde la Unidad Penitenciaria N\u00b0 [&hellip;]<\/p>\n","protected":false},"author":2,"featured_media":2095,"comment_status":"open","ping_status":"open","sticky":false,"template":"","format":"standard","meta":{"footnotes":""},"categories":[68],"tags":[],"class_list":{"0":"post-2094","1":"post","2":"type-post","3":"status-publish","4":"format-standard","5":"has-post-thumbnail","7":"category-policiales-nacionales"},"_links":{"self":[{"href":"https:\/\/elpueblonoticia.com.ar\/web\/wp-json\/wp\/v2\/posts\/2094","targetHints":{"allow":["GET"]}}],"collection":[{"href":"https:\/\/elpueblonoticia.com.ar\/web\/wp-json\/wp\/v2\/posts"}],"about":[{"href":"https:\/\/elpueblonoticia.com.ar\/web\/wp-json\/wp\/v2\/types\/post"}],"author":[{"embeddable":true,"href":"https:\/\/elpueblonoticia.com.ar\/web\/wp-json\/wp\/v2\/users\/2"}],"replies":[{"embeddable":true,"href":"https:\/\/elpueblonoticia.com.ar\/web\/wp-json\/wp\/v2\/comments?post=2094"}],"version-history":[{"count":0,"href":"https:\/\/elpueblonoticia.com.ar\/web\/wp-json\/wp\/v2\/posts\/2094\/revisions"}],"wp:featuredmedia":[{"embeddable":true,"href":"https:\/\/elpueblonoticia.com.ar\/web\/wp-json\/wp\/v2\/media\/2095"}],"wp:attachment":[{"href":"https:\/\/elpueblonoticia.com.ar\/web\/wp-json\/wp\/v2\/media?parent=2094"}],"wp:term":[{"taxonomy":"category","embeddable":true,"href":"https:\/\/elpueblonoticia.com.ar\/web\/wp-json\/wp\/v2\/categories?post=2094"},{"taxonomy":"post_tag","embeddable":true,"href":"https:\/\/elpueblonoticia.com.ar\/web\/wp-json\/wp\/v2\/tags?post=2094"}],"curies":[{"name":"wp","href":"https:\/\/api.w.org\/{rel}","templated":true}]}}