{"id":2079,"date":"2025-10-20T07:45:27","date_gmt":"2025-10-20T10:45:27","guid":{"rendered":"https:\/\/elpueblonoticia.com.ar\/web\/?p=2079"},"modified":"2025-10-20T07:48:46","modified_gmt":"2025-10-20T10:48:46","slug":"goya-rock-2025-un-imponente-escenario-para-generar-el-espacio-a-las-bandas-locales","status":"publish","type":"post","link":"https:\/\/elpueblonoticia.com.ar\/web\/2025\/10\/20\/goya-rock-2025-un-imponente-escenario-para-generar-el-espacio-a-las-bandas-locales\/","title":{"rendered":"GOYA ROCK 2025 : UN IMPONENTE ESCENARIO PARA GENERAR EL ESPACIO A LAS BANDAS LOCALES"},"content":{"rendered":"<p data-olk-copy-source=\"MessageBody\">\n<p data-olk-copy-source=\"MessageBody\"><img loading=\"lazy\" decoding=\"async\" class=\"alignnone size-medium wp-image-2086\" src=\"https:\/\/elpueblonoticia.com.ar\/web\/wp-content\/uploads\/2025\/10\/FotoJet-1-1-300x300.jpg\" alt=\"\" width=\"300\" height=\"300\" srcset=\"https:\/\/elpueblonoticia.com.ar\/web\/wp-content\/uploads\/2025\/10\/FotoJet-1-1-300x300.jpg 300w, https:\/\/elpueblonoticia.com.ar\/web\/wp-content\/uploads\/2025\/10\/FotoJet-1-1-1024x1024.jpg 1024w, https:\/\/elpueblonoticia.com.ar\/web\/wp-content\/uploads\/2025\/10\/FotoJet-1-1-150x150.jpg 150w, https:\/\/elpueblonoticia.com.ar\/web\/wp-content\/uploads\/2025\/10\/FotoJet-1-1-768x768.jpg 768w, https:\/\/elpueblonoticia.com.ar\/web\/wp-content\/uploads\/2025\/10\/FotoJet-1-1-420x420.jpg 420w, https:\/\/elpueblonoticia.com.ar\/web\/wp-content\/uploads\/2025\/10\/FotoJet-1-1-696x696.jpg 696w, https:\/\/elpueblonoticia.com.ar\/web\/wp-content\/uploads\/2025\/10\/FotoJet-1-1-1068x1068.jpg 1068w, https:\/\/elpueblonoticia.com.ar\/web\/wp-content\/uploads\/2025\/10\/FotoJet-1-1.jpg 1080w\" sizes=\"auto, (max-width: 300px) 100vw, 300px\" \/><\/p>\n<p class=\"x_MsoNormal\" data-olk-copy-source=\"MessageBody\">EL INTENDENTE MARIANO HORMAECHEA ACOMPA\u00d1\u00d3 LA JORNADA FINAL EN LA COSTANERA NORTE<\/p>\n<p class=\"x_MsoNormal\">Un fin de semana donde la ciudad vibr\u00f3 al ritmo del Rock, con el desfile por el imponente escenario montado en Costanera Norte, Playa el Inga por m\u00e1s de 20 bandas de este g\u00e9nero musical.<\/p>\n<p class=\"x_MsoNormal\">\u201cTrabajamos para generar espacios y oportunidades para nuestra cultura, creando una agenda que abarque a todas las expresiones\u201d Se\u00f1alo el Intendente<\/p>\n<p class=\"x_MsoNormal\">Un valor agregado del espacio art\u00edstico estuvo marcado por la presentaci\u00f3n de nuevas bandas, emergentes en el rock que han sabido aprovechar la oportunidad para exhibir sus talentos, con un elemento o denominador com\u00fan en esta edici\u00f3n, la mayor\u00eda de las bandas se encarg\u00f3 de interpretar sus propias canciones, de su autor\u00eda, otorgando un plus a esa presentaci\u00f3n.<\/p>\n<p class=\"x_MsoNormal\">El Intendente Mariano Hormaechea, tras recorrer el espacio destinado a los emprendedores, saludar a cada uno de ellos, convers\u00f3 con el p\u00fablico, en el momento de ser invitado a dirigir unas palabras, dej\u00f3 expresado el saludo a \u201ctodas las madres, en su d\u00eda\u201d, adem\u00e1s de adelantar que se viene \u201cpreparando la agenda de verano, en el pr\u00f3ximo mes seguramente estaremos anunciando el programa para el verano\u201d Anticip\u00f3 el Jefe Comunal.<\/p>\n<p class=\"x_MsoNormal\">Durante estas dos jornadas, s\u00e1bado y domingo el p\u00fablico disfruto (lo sigue haciendo, a\u00fan sigue el festival) de la propuesta ideada desde el Municipio, a trav\u00e9s de la Secretar\u00eda de Gobierno, por medio de la Direcci\u00f3n de Juventud, de las actuaciones de bandas locales con un excelente nivel musical ofrecido a los espectadores.<\/p>\n<p class=\"x_MsoNormal\">Sin dudas este espacio destinado al Rock viene creciendo, creando oportunidades y nuevos desaf\u00edos para las bandas j\u00f3venes, combinados en el escenario con aquellas de mayor recorrido, con la posibilidad de encontrar tributos a legendarios grupos a nivel nacional, internacional, con el componente s\u00faper valioso de \u201cjugarse\u201d en el escenario interpretando temas propios, con el estilo que cada grupo ha brindado, con enorme adhesi\u00f3n de los \u201camantes\u201d del g\u00e9nero que se congregaron en La Playita.<\/p>\n<p class=\"x_MsoNormal\">En los pasillos los m\u00fasicos agradecieron el \u00e1mbito recreado en el Inga para sus presentaciones de manera informal el Director de Juventud Gast\u00f3n Espinosa, coment\u00f3 que el principal objetivo de este a\u00f1o con el \u201cGoya Rock, ha sido permitir la \u201csocializaci\u00f3n\u201d de nuevas bandas, j\u00f3venes que han entendido que este es el espacio ideal para su exhibici\u00f3n, agradecemos a Mariano (Hormaechea) por la decisi\u00f3n de acompa\u00f1ar la iniciativa y permitir la realizaci\u00f3n de esta propuesta en nuestra Costanera Norte\u201d<\/p>\n<p class=\"x_MsoNormal\">En el mismo sentido los artistas, personalidades de la cultura presente, se\u00f1alaron, el valor que implica otorgar un espacio de expresi\u00f3n art\u00edstica en la ciudad.<\/p>\n<p class=\"x_MsoNormal\">MARIANO HORMAECHEA<\/p>\n<p class=\"x_MsoNormal\">El Intendente Mariano Hormaechea expres\u00f3 su agradecimiento a la Secretaria de Gobierno, a la Direcci\u00f3n de Juventud, a todas las \u00e1reas que intervinieron en la organizaci\u00f3n, a \u201clas bandas que son much\u00edsimas para ser parte del Goya Rock, viene creciendo, venimos trabajando para crear una agenda para permitir espacios y oportunidades para nuestra cultura, lo hacemos con el chamam\u00e9, ahora con el Rock con una gran cantidad de bandas j\u00f3venes, felicito a las j\u00f3venes bandas por sumarse, gracias por acompa\u00f1ar en nuestra Playa El Inga, La Costanera Norte que seguir\u00e1 creciendo hacia la zona del Remanso, despu\u00e9s estaremos contando.\u201d<\/p>\n<p class=\"x_MsoNormal\">En su saludo el Jefe Comunal, adelant\u00f3: \u201cNosotros seguiremos generando espacios y oportunidades, para el mes de noviembre estaremos anunciando la agenda para la temporada de verano, esperemos que el r\u00edo nos acompa\u00f1e para disfrutar de la playa, pero estamos armando una agenda desde diciembre a febrero para nuestra temporada de verano, reitero mis felicitaciones a las bandas y un saludo muy especial a todas las madres en su d\u00eda.\u201d<\/p>\n<p class=\"x_MsoNormal\">PINTADA DE COLOR ROSA<\/p>\n<p class=\"x_MsoNormal\">No solo el rock, los emprendedores ocuparon el espacio de La Playita, tambi\u00e9n se cre\u00f3 el momento desde el arte para sensibilizar sobre el d\u00eda del c\u00e1ncer, en ese sentido Manuel Caama\u00f1o, m\u00e9dico de profesi\u00f3n, Director del Servicio de Ginecolog\u00eda del Hospital Regional, un apasionado, aficionado a la pintura, de all\u00ed su expresi\u00f3n desde el arte en ese sentido: \u201cNosotros apoyamos desde la cultura, desde el arte queremos llegar a los ciudadanos por eso optamos por ese espacio de gran convocatoria, para concientizar sobre esta patolog\u00eda del c\u00e1ncer, me involucro porque es mi actividad, invitando a la sociedad a que se informe, se interiorice, haga el autoexamen, se asesores, nosotros como para del grupo \u201cChamigo Pintores\u201d, nos encontramos en todo el pa\u00eds, algunas de las obras que estamos exponiendo han participado en varios cert\u00e1menes nacionales, andamos por todos lados con este grupo, nos dedicamos a esta pasi\u00f3n, nosotros a la profesi\u00f3n la medicina, junto a mi esposa Cecilia Alonso, por eso nos juntamos para expresar desde la pintura este mensaje de concientizaci\u00f3n, sensibilizaci\u00f3n sobre el c\u00e1ncer.\u201d<\/p>\n<p class=\"x_MsoNormal\">Costanera Norte genera la posibilidad de combinar todas las expresiones art\u00edsticas, sin dejar de enviar mensajes sobre esta cuesti\u00f3n del c\u00e1ncer, una iniciativa surgida desde la sensibilidad de los artistas pl\u00e1sticos del Grupo \u201cChamigo Pintores\u201d adhiriendo a la fecha del 19 de octubre.<\/p>\n<p class=\"x_MsoNormal\">El Goya Rock 2025 hizo vibrar de emoci\u00f3n a la ciudad con sus artistas, con las bandas locales, con los tributos a las leyendas del Rock, la interpretaci\u00f3n de sus propias canciones, el valor del trabajo de emprendedores y la pasi\u00f3n de los artistas pl\u00e1sticos para \u201cpintar\u201d la realidad.<\/p>\n<p class=\"x_MsoNormal\">El show continu\u00f3, seguramente se prolongar\u00e1 hasta pasada la medianoche con las bandas que aportaran sus cualidades en el escenario montado en la Costanera Norte, con el compromiso y desaf\u00edo de seguir generando espacios y oportunidades a nuevos valores, a los consagrados para continuar creciendo como propuesta cultural para Goya y la Regi\u00f3n<\/p>\n","protected":false},"excerpt":{"rendered":"<p>EL INTENDENTE MARIANO HORMAECHEA ACOMPA\u00d1\u00d3 LA JORNADA FINAL EN LA COSTANERA NORTE Un fin de semana donde la ciudad vibr\u00f3 al ritmo del Rock, con el desfile por el imponente escenario montado en Costanera Norte, Playa el Inga por m\u00e1s de 20 bandas de este g\u00e9nero musical. \u201cTrabajamos para generar espacios y oportunidades para nuestra [&hellip;]<\/p>\n","protected":false},"author":2,"featured_media":2087,"comment_status":"open","ping_status":"open","sticky":false,"template":"","format":"standard","meta":{"footnotes":""},"categories":[56],"tags":[],"class_list":{"0":"post-2079","1":"post","2":"type-post","3":"status-publish","4":"format-standard","5":"has-post-thumbnail","7":"category-locales"},"_links":{"self":[{"href":"https:\/\/elpueblonoticia.com.ar\/web\/wp-json\/wp\/v2\/posts\/2079","targetHints":{"allow":["GET"]}}],"collection":[{"href":"https:\/\/elpueblonoticia.com.ar\/web\/wp-json\/wp\/v2\/posts"}],"about":[{"href":"https:\/\/elpueblonoticia.com.ar\/web\/wp-json\/wp\/v2\/types\/post"}],"author":[{"embeddable":true,"href":"https:\/\/elpueblonoticia.com.ar\/web\/wp-json\/wp\/v2\/users\/2"}],"replies":[{"embeddable":true,"href":"https:\/\/elpueblonoticia.com.ar\/web\/wp-json\/wp\/v2\/comments?post=2079"}],"version-history":[{"count":0,"href":"https:\/\/elpueblonoticia.com.ar\/web\/wp-json\/wp\/v2\/posts\/2079\/revisions"}],"wp:featuredmedia":[{"embeddable":true,"href":"https:\/\/elpueblonoticia.com.ar\/web\/wp-json\/wp\/v2\/media\/2087"}],"wp:attachment":[{"href":"https:\/\/elpueblonoticia.com.ar\/web\/wp-json\/wp\/v2\/media?parent=2079"}],"wp:term":[{"taxonomy":"category","embeddable":true,"href":"https:\/\/elpueblonoticia.com.ar\/web\/wp-json\/wp\/v2\/categories?post=2079"},{"taxonomy":"post_tag","embeddable":true,"href":"https:\/\/elpueblonoticia.com.ar\/web\/wp-json\/wp\/v2\/tags?post=2079"}],"curies":[{"name":"wp","href":"https:\/\/api.w.org\/{rel}","templated":true}]}}