{"id":2072,"date":"2025-10-17T11:48:22","date_gmt":"2025-10-17T14:48:22","guid":{"rendered":"https:\/\/elpueblonoticia.com.ar\/web\/?p=2072"},"modified":"2025-10-17T11:48:22","modified_gmt":"2025-10-17T14:48:22","slug":"saladas-la-xxii-edicion-de-la-fiesta-mas-dulce-del-ano-sera-los-dias-18-y-19-de-octubre","status":"publish","type":"post","link":"https:\/\/elpueblonoticia.com.ar\/web\/2025\/10\/17\/saladas-la-xxii-edicion-de-la-fiesta-mas-dulce-del-ano-sera-los-dias-18-y-19-de-octubre\/","title":{"rendered":"Saladas: La XXII edici\u00f3n de la fiesta m\u00e1s dulce del a\u00f1o ser\u00e1 los d\u00edas 18 y 19 de octubre"},"content":{"rendered":"<div id=\"modalIntrotext\">\n<div><img decoding=\"async\" src=\"https:\/\/www.powernoticias.com\/images\/202510171024401820\" \/><\/div>\n<div>Lo anunci\u00f3 en la tarde de ayer el intendente de la localidad de Saladas Noel G\u00f3mez en conferencia de prensa, debido a las altas probabilidades de lluvia para el este viernes 17. Esto amerit\u00f3 una reprogramaci\u00f3n de la fiesta provincial en tanto a la grilla art\u00edstica de una de sus galas, y las actividades diurnas con la Expo Saladas y Ap\u00edcola.<\/div>\n<\/div>\n<div><\/div>\n<div>En el sal\u00f3n Presb\u00edtero Jos\u00e9 Demarchi del palacio municipal, el intendente encabez\u00f3 la conferencia ante medios locales y de la zona, siendo acompa\u00f1ado por el Secretario de Gobierno Municipal, Nicol\u00e1s Guidobono; el Secretario de Producci\u00f3n, Marcos R\u00edos; y la Directora de Empleo y Desarrollo Local, Kathia Salas.<\/p>\n<p>Teniendo en cuenta la informaci\u00f3n del Servicio Meteorol\u00f3gico Nacional con Alerta Naranja para gran parte de la provincia, incluida Saladas, y para preservar el estado del Complejo Tur\u00edstico Municipal, la organizaci\u00f3n decidi\u00f3 suspender la jornada completa del d\u00eda viernes 17 y reprogramarla al domingo 19 de octubre.<\/p>\n<p>Esto implica que algunos artistas como Piko Frank y otros, no puedan estar el domingo por razones de contrato y giras, pero no obstante, ya se trabaj\u00f3 en el armado de una nueva grilla donde el folclorista formose\u00f1o Iv\u00e1n Ruiz, volver\u00e1 a deleitar al p\u00fablico con su m\u00fasica.<\/p>\n<p>Al mismo tiempo, la inauguraci\u00f3n de la 4\u00aa Expo Saladas con artesanos y emprendedores, ser\u00e1 el s\u00e1bado 18 a las 10.00 de la ma\u00f1ana, mientras que las Charlas y Expo Ap\u00edcola 2025, se desarrollar\u00e1 a partir de las 14 horas en el SUM del complejo.<\/p>\n<p>Las entradas anticipadas se mantienen a la venta hasta este viernes 17 inclusive, con los montos estipulados y al mismo tiempo las sillas al valor de 2 mil pesos.<\/p>\n<p>Programa completo<\/p>\n<p>S\u00e1bado 18\/10<br \/>\n10:00 &#8211; Apertura del predio y 4\u00aa Expo Saladas.<br \/>\n11:00 &#8211; Charlas y talleres de emprendedores.<br \/>\n14:00 &#8211; Charla y Expo Ap\u00edcola 2025.<\/p>\n<p>21:00 &#8211; Recorrido de la expo junto a las autoridades.<br \/>\n* Presentaci\u00f3n y apertura.<br \/>\n21:45 &#8211; Faustino Flores y la Banda Municipal.<br \/>\n* Inauguraci\u00f3n de la XXII edici\u00f3n de la Fiesta Provincial de la Miel y el Desarrollo Emprendedor.<br \/>\n* Palabras de bienvenida \/ Bendici\u00f3n del evento.<br \/>\n22:15 &#8211; Presentaci\u00f3n y primer desfile de candidatas a reina.<br \/>\n22:40 &#8211; \u00c1ngel Piciochi.<br \/>\n23:30 &#8211; Pedro R\u00edos.<br \/>\n00:30 &#8211; Ballet Folcl\u00f3rico Municipal &#8220;Ram\u00f3n Paulino Fe\u00fc&#8221;.<br \/>\n00:45 &#8211; Tunay.<br \/>\n1:50 &#8211; Elecci\u00f3n y Coronaci\u00f3n de la Reina Provincial de la Miel y el D.E.<br \/>\n2:30 hs Valen Vargas.<br \/>\n* DJ\u00b4s.<\/p>\n<p>Domingo 19\/10<br \/>\n10:00 &#8211; Apertura del predio \/ 4\u00aa Expo Saladas.<\/p>\n<p>19:00 &#8211; Los Nuevos Amanecidos.<br \/>\n19:30 &#8211; Los Paisanos.<br \/>\n20:00 &#8211; Ballet Folcl\u00f3rico Municipal &#8220;Ram\u00f3n Paulino Fe\u00fc&#8221;.<br \/>\n20:15 &#8211; Faustino Flores y la Banda Municipal.<br \/>\n20:30 &#8211; Presentaci\u00f3n Reinitas de la Miel.<br \/>\n21:00 &#8211; Iv\u00e1n Ruiz.<br \/>\n23:00 hs Mauri y el Arranke.<br \/>\n* DJ\u00b4s.<\/p><\/div>\n","protected":false},"excerpt":{"rendered":"<p>Lo anunci\u00f3 en la tarde de ayer el intendente de la localidad de Saladas Noel G\u00f3mez en conferencia de prensa, debido a las altas probabilidades de lluvia para el este viernes 17. Esto amerit\u00f3 una reprogramaci\u00f3n de la fiesta provincial en tanto a la grilla art\u00edstica de una de sus galas, y las actividades diurnas [&hellip;]<\/p>\n","protected":false},"author":2,"featured_media":2073,"comment_status":"open","ping_status":"open","sticky":false,"template":"","format":"standard","meta":{"footnotes":""},"categories":[78],"tags":[],"class_list":{"0":"post-2072","1":"post","2":"type-post","3":"status-publish","4":"format-standard","5":"has-post-thumbnail","7":"category-generales"},"_links":{"self":[{"href":"https:\/\/elpueblonoticia.com.ar\/web\/wp-json\/wp\/v2\/posts\/2072","targetHints":{"allow":["GET"]}}],"collection":[{"href":"https:\/\/elpueblonoticia.com.ar\/web\/wp-json\/wp\/v2\/posts"}],"about":[{"href":"https:\/\/elpueblonoticia.com.ar\/web\/wp-json\/wp\/v2\/types\/post"}],"author":[{"embeddable":true,"href":"https:\/\/elpueblonoticia.com.ar\/web\/wp-json\/wp\/v2\/users\/2"}],"replies":[{"embeddable":true,"href":"https:\/\/elpueblonoticia.com.ar\/web\/wp-json\/wp\/v2\/comments?post=2072"}],"version-history":[{"count":0,"href":"https:\/\/elpueblonoticia.com.ar\/web\/wp-json\/wp\/v2\/posts\/2072\/revisions"}],"wp:featuredmedia":[{"embeddable":true,"href":"https:\/\/elpueblonoticia.com.ar\/web\/wp-json\/wp\/v2\/media\/2073"}],"wp:attachment":[{"href":"https:\/\/elpueblonoticia.com.ar\/web\/wp-json\/wp\/v2\/media?parent=2072"}],"wp:term":[{"taxonomy":"category","embeddable":true,"href":"https:\/\/elpueblonoticia.com.ar\/web\/wp-json\/wp\/v2\/categories?post=2072"},{"taxonomy":"post_tag","embeddable":true,"href":"https:\/\/elpueblonoticia.com.ar\/web\/wp-json\/wp\/v2\/tags?post=2072"}],"curies":[{"name":"wp","href":"https:\/\/api.w.org\/{rel}","templated":true}]}}