{"id":2066,"date":"2025-10-17T11:31:27","date_gmt":"2025-10-17T14:31:27","guid":{"rendered":"https:\/\/elpueblonoticia.com.ar\/web\/?p=2066"},"modified":"2025-10-17T11:31:27","modified_gmt":"2025-10-17T14:31:27","slug":"en-la-catedral-de-goya-celebraron-nueve-anos-de-brochero-santo","status":"publish","type":"post","link":"https:\/\/elpueblonoticia.com.ar\/web\/2025\/10\/17\/en-la-catedral-de-goya-celebraron-nueve-anos-de-brochero-santo\/","title":{"rendered":"EN LA CATEDRAL DE GOYA CELEBRARON NUEVE A\u00d1OS DE BROCHERO SANTO"},"content":{"rendered":"<p><strong>En el noveno aniversario de la canonizaci\u00f3n de San Jos\u00e9 Gabriel del Rosario Brochero, la di\u00f3cesis de Goya celebr\u00f3 una misa para recordar al &#8220;Cura Gaucho&#8221; con la participaci\u00f3n del grupo Los amigos de Brochero.<\/strong><\/p>\n<p>Presidi\u00f3 la celebraci\u00f3n eucar\u00edstica el obispo diocesano, monse\u00f1or Adolfo Canecin remarcando en su homil\u00eda que es una ocasi\u00f3n para pedir la intercesi\u00f3n del Santo Cura Brochero, y record\u00f3 Dios quiere que todos los seres humanos seamos santos, porque, Dios es santo&#8221;.<\/p>\n<p>La feligres\u00eda se congreg\u00f3 en la Catedral dedicada a Nuestra Se\u00f1ora del Rosario para dar gracias a Dios por San Jos\u00e9 Gabriel del Rosario Brochero, m\u00e1s conocido como el Cura Brochero, que fue canonizado el 16 de octubre de\u00a02016 en el Vaticano, en el marco de una ceremonia que presidi\u00f3 el papa Francisco.<\/p>\n<p>En el inicio, el obispo destac\u00f3 la iniciativa de un grupo de laicos, congregados bajo la denominaci\u00f3n de los Amigos de Brochero, quienes se encargaron, con gran fidelidad de difundir la devoci\u00f3n del santo cura Brochero, cuyas im\u00e1genes ya se encuentran entronizadas en la Catedral, en la parroquia San Roque y San Jacinto y en la capilla Sagrada Familia de Goya. Asimismo, en Curuz\u00fa Cuati\u00e1 y en el paraje Desmochado, donde se erigi\u00f3 la primera capilla de la di\u00f3cesis de Goya dedicada a este santo argentino.<\/p>\n<p>El obispo destac\u00f3 &#8220;la importancia de la celebraci\u00f3n de la eucarist\u00eda&#8221;, se\u00f1alando &#8220;que lindo es sentirnos part\u00edcipes protagonistas de la mesa que estamos celebrando&#8221;-<\/p>\n<p>Remarc\u00f3 que &#8220;la misa actualiza, hoy, aqu\u00ed y ahora el misterio pascual por eso lo llamamos memorial que significa que se hace presente la pasi\u00f3n, la muerte y la resurrecci\u00f3n y la glorificaci\u00f3n del Se\u00f1or Jes\u00fas, todo eso acontece en cada misa que fue instituida por el mismo Jes\u00fas, es el \u00fanico sacrificio verdaderamente agradable a Dios Padre. Que hermoso es vivir esto para poder entender este misterio&#8221; puntualiz\u00f3 el diocesano.<\/p>\n<p>Continuo &#8220;estamos celebrando la obra de Dios en una persona, san Jos\u00e9 Gabriel del Rosario Brochero, \u00b4el cura gaucho\u00b4,\u00a0quien evangeliz\u00f3 a lomo de mula a los paisanos de las sierras de C\u00f3rdoba, por eso, es importante reconocer que los santos no alcanzaron la santidad por medios propios, sino que son la obra de Dios en cada uno de ellos&#8221;.<\/p>\n<p>El obispo dijo que &#8220;los santos son por un lado intercesores y mediadores, pero, por otro lado, son como un espejo donde nos podemos mirar e inspirarnos para arreglarnos delante de Dios&#8221;.<\/p>\n<p>&#8220;Hermanos, celebrar a un santo nos tiene que hacer pensar en el proyecto original del Padre. Dios quiere que todos los seres humanos seamos santos, porque Dios es santo&#8221;.<\/p>\n<p>Monse\u00f1or Adolfo Canecin, dijo &#8220;queridos hermanos, cuando sentimos la palabra santo, muchas veces pensamos en los santos que estan en los altares, pero, el Papa Francisco, en su exhortaci\u00f3n Gaudete et Exsultate, nos habl\u00f3 de \u201clos santos de la puerta de al lado\u201d y profundiz\u00f3 son &#8220;aquellos hombres y mujeres que viven a nuestro alrededor, pero con una fe profunda\u201d.<\/p>\n<p>Textualmente dice el Papa:\u00a0<em>\u201cMe gusta ver la santidad en el pueblo de Dios paciente: en los padres que cr\u00edan con tanto amor a sus hijos, en los hombres y mujeres que trabajan para llevar el pan a casa, en los enfermos, en las religiosas ancianas que siguen sonriendo&#8230; \u00c9sta es muchas veces la santidad de la puerta de al lado, de aquellos que viven cerca de nosotros y son un reflejo de la presencia de Dios.\u201d<\/em><\/p>\n<p>&#8220;Ser santo no es hacer cosas extraordinarias, sino vivir de manera extraordinaria lo ordinario&#8221; destac\u00f3.<\/p>\n<p>Monse\u00f1or Adolfo Canecin cit\u00f3 la frase atribuida a L\u00e9on Bloy:\u00a0<em>\u201cS\u00f3lo hay una tristeza en la vida: la de no ser santos&#8221;.<\/em>\u00a0Esta frase est\u00e1 escrita en la exhortaci\u00f3n apost\u00f3lica Gaudete et Exsultate (Alegraos y regocijaos), publicada en 2018 por el Papa Francisco, sobre la llamada a la santidad en el mundo contempor\u00e1neo y anim\u00f3 a descubrir la \u201cpropia vocaci\u00f3n a la santidad \u201c.<\/p>\n<p>Destac\u00f3 la figura del santo cura Brochero remarcando que fue \u201cun pastor con olor a ovejas&#8221; y anim\u00f3 a seguir \u201csu ejemplo de santidad, llevando el mensaje de Cristo a las periferias geogr\u00e1ficas y existenciales&#8221;.<\/p>\n<p>Finalmente,\u00a0monse\u00f1or Canecin record\u00f3 que el Cura Brochero fue declarado como patrono del clero argentino y anim\u00f3 en su homil\u00eda a rezar por los sacerdotes. &#8211;<\/p>\n","protected":false},"excerpt":{"rendered":"<p>En el noveno aniversario de la canonizaci\u00f3n de San Jos\u00e9 Gabriel del Rosario Brochero, la di\u00f3cesis de Goya celebr\u00f3 una misa para recordar al &#8220;Cura Gaucho&#8221; con la participaci\u00f3n del grupo Los amigos de Brochero. Presidi\u00f3 la celebraci\u00f3n eucar\u00edstica el obispo diocesano, monse\u00f1or Adolfo Canecin remarcando en su homil\u00eda que es una ocasi\u00f3n para pedir [&hellip;]<\/p>\n","protected":false},"author":2,"featured_media":2069,"comment_status":"open","ping_status":"open","sticky":false,"template":"","format":"standard","meta":{"footnotes":""},"categories":[56],"tags":[],"class_list":{"0":"post-2066","1":"post","2":"type-post","3":"status-publish","4":"format-standard","5":"has-post-thumbnail","7":"category-locales"},"_links":{"self":[{"href":"https:\/\/elpueblonoticia.com.ar\/web\/wp-json\/wp\/v2\/posts\/2066","targetHints":{"allow":["GET"]}}],"collection":[{"href":"https:\/\/elpueblonoticia.com.ar\/web\/wp-json\/wp\/v2\/posts"}],"about":[{"href":"https:\/\/elpueblonoticia.com.ar\/web\/wp-json\/wp\/v2\/types\/post"}],"author":[{"embeddable":true,"href":"https:\/\/elpueblonoticia.com.ar\/web\/wp-json\/wp\/v2\/users\/2"}],"replies":[{"embeddable":true,"href":"https:\/\/elpueblonoticia.com.ar\/web\/wp-json\/wp\/v2\/comments?post=2066"}],"version-history":[{"count":0,"href":"https:\/\/elpueblonoticia.com.ar\/web\/wp-json\/wp\/v2\/posts\/2066\/revisions"}],"wp:featuredmedia":[{"embeddable":true,"href":"https:\/\/elpueblonoticia.com.ar\/web\/wp-json\/wp\/v2\/media\/2069"}],"wp:attachment":[{"href":"https:\/\/elpueblonoticia.com.ar\/web\/wp-json\/wp\/v2\/media?parent=2066"}],"wp:term":[{"taxonomy":"category","embeddable":true,"href":"https:\/\/elpueblonoticia.com.ar\/web\/wp-json\/wp\/v2\/categories?post=2066"},{"taxonomy":"post_tag","embeddable":true,"href":"https:\/\/elpueblonoticia.com.ar\/web\/wp-json\/wp\/v2\/tags?post=2066"}],"curies":[{"name":"wp","href":"https:\/\/api.w.org\/{rel}","templated":true}]}}