{"id":2058,"date":"2025-10-17T11:03:11","date_gmt":"2025-10-17T14:03:11","guid":{"rendered":"https:\/\/elpueblonoticia.com.ar\/web\/?p=2058"},"modified":"2025-10-17T11:03:11","modified_gmt":"2025-10-17T14:03:11","slug":"un-trabajador-murio-sepultado-mientras-hacia-un-zanjeo","status":"publish","type":"post","link":"https:\/\/elpueblonoticia.com.ar\/web\/2025\/10\/17\/un-trabajador-murio-sepultado-mientras-hacia-un-zanjeo\/","title":{"rendered":"Un trabajador muri\u00f3 sepultado mientras hac\u00eda un zanjeo"},"content":{"rendered":"<p><img decoding=\"async\" src=\"https:\/\/www.diarioellibertador.com.ar\/wp-content\/uploads\/2025\/10\/564674390_1137315008375635_409282815630178722_n.jpg\" \/><\/p>\n<p><span style=\"color: #0000cc;\">TRAGEDIA EN ESQUINA:<\/span><\/p>\n<p>Un tr\u00e1gico hecho ocurri\u00f3 en la ciudad de Esquina. Un trabajador muri\u00f3 tras quedar enterrado en un desmoronamiento de tierra, mientras realizaba tareas de zanjeo para colocar ca\u00f1er\u00edas.<\/p>\n<p>La informaci\u00f3n de la Polic\u00eda indica que la tragedia ocurri\u00f3 en por calles Marcelino D\u00e1vila casi Serrano Soto, \u201ccuando un hombre mayor de edad aparentemente habr\u00eda perdido la vida momentos en que realizaba trabajos de zanjeo\u201d.<\/p>\n<div>La v\u00edctima ten\u00eda 38 a\u00f1os y fue identificada con el apellido Bogado. \u201cSe encontraba realizando trabajo de zanjeo de profundidad y en un momento dado por causas y circunstancias que es materia de investigaci\u00f3n se habr\u00eda producido el desmoronamiento de tierra sobre su humanidad, lo que produjo su lamentable deceso en el lugar\u201d.<\/div>\n<div><\/div>\n<div>Al respecto, en la citada comisaria se llevan a cabo las diligencias correspondientes del caso, con intervenci\u00f3n de la unidad fiscal en turno.<\/div>\n<div><\/div>\n<div><\/div>\n","protected":false},"excerpt":{"rendered":"<p>TRAGEDIA EN ESQUINA: Un tr\u00e1gico hecho ocurri\u00f3 en la ciudad de Esquina. Un trabajador muri\u00f3 tras quedar enterrado en un desmoronamiento de tierra, mientras realizaba tareas de zanjeo para colocar ca\u00f1er\u00edas. La informaci\u00f3n de la Polic\u00eda indica que la tragedia ocurri\u00f3 en por calles Marcelino D\u00e1vila casi Serrano Soto, \u201ccuando un hombre mayor de edad [&hellip;]<\/p>\n","protected":false},"author":2,"featured_media":2059,"comment_status":"open","ping_status":"open","sticky":false,"template":"","format":"standard","meta":{"footnotes":""},"categories":[78],"tags":[],"class_list":{"0":"post-2058","1":"post","2":"type-post","3":"status-publish","4":"format-standard","5":"has-post-thumbnail","7":"category-generales"},"_links":{"self":[{"href":"https:\/\/elpueblonoticia.com.ar\/web\/wp-json\/wp\/v2\/posts\/2058","targetHints":{"allow":["GET"]}}],"collection":[{"href":"https:\/\/elpueblonoticia.com.ar\/web\/wp-json\/wp\/v2\/posts"}],"about":[{"href":"https:\/\/elpueblonoticia.com.ar\/web\/wp-json\/wp\/v2\/types\/post"}],"author":[{"embeddable":true,"href":"https:\/\/elpueblonoticia.com.ar\/web\/wp-json\/wp\/v2\/users\/2"}],"replies":[{"embeddable":true,"href":"https:\/\/elpueblonoticia.com.ar\/web\/wp-json\/wp\/v2\/comments?post=2058"}],"version-history":[{"count":0,"href":"https:\/\/elpueblonoticia.com.ar\/web\/wp-json\/wp\/v2\/posts\/2058\/revisions"}],"wp:featuredmedia":[{"embeddable":true,"href":"https:\/\/elpueblonoticia.com.ar\/web\/wp-json\/wp\/v2\/media\/2059"}],"wp:attachment":[{"href":"https:\/\/elpueblonoticia.com.ar\/web\/wp-json\/wp\/v2\/media?parent=2058"}],"wp:term":[{"taxonomy":"category","embeddable":true,"href":"https:\/\/elpueblonoticia.com.ar\/web\/wp-json\/wp\/v2\/categories?post=2058"},{"taxonomy":"post_tag","embeddable":true,"href":"https:\/\/elpueblonoticia.com.ar\/web\/wp-json\/wp\/v2\/tags?post=2058"}],"curies":[{"name":"wp","href":"https:\/\/api.w.org\/{rel}","templated":true}]}}