{"id":2050,"date":"2025-10-17T10:40:21","date_gmt":"2025-10-17T13:40:21","guid":{"rendered":"https:\/\/elpueblonoticia.com.ar\/web\/?p=2050"},"modified":"2025-10-17T10:40:21","modified_gmt":"2025-10-17T13:40:21","slug":"el-peronismo-goyano-se-reune-para-conmemorar-el-dia-de-la-lealtad","status":"publish","type":"post","link":"https:\/\/elpueblonoticia.com.ar\/web\/2025\/10\/17\/el-peronismo-goyano-se-reune-para-conmemorar-el-dia-de-la-lealtad\/","title":{"rendered":"El peronismo goyano se re\u00fane para conmemorar el D\u00eda de la Lealtad"},"content":{"rendered":"<div id=\"modalIntrotext\">\n<div>C\u00f3mo cada 17 de octubre desde hace d\u00e9cadas, el peronismo goyano se reunir\u00e1 este viernes 17 de Octubre para conmemorar el D\u00eda de la Lealtad Peronista. Informaron desde esa fuerza pol\u00edtica que el encuentro ser\u00e1 a las 19,30 en la sede dicho partido, calle Corrientes 1.350.<\/div>\n<\/div>\n<div><\/div>\n<div>\n<div>La gacetilla difundida indica:<\/div>\n<div>Porque la lealtad es unidad, memoria y compromiso con nuestro pueblo.<\/div>\n<div>Ven\u00ed con tus compa\u00f1eros y compa\u00f1eras, con tu bandera, con tu historia\u2026<\/div>\n<div>\u00a1Sigamos haciendo grande al movimiento que cambi\u00f3 la Argentina! \ud83c\udde6\ud83c\uddf7\ud83d\udd25<\/div>\n<div><\/div>\n<div>#D\u00edaDeLaLealtad #Peronismo #PJGoya #UnidadJusticialista #LealtadPeronista #17DeOctubre<\/div>\n<div><\/div>\n<\/div>\n","protected":false},"excerpt":{"rendered":"<p>C\u00f3mo cada 17 de octubre desde hace d\u00e9cadas, el peronismo goyano se reunir\u00e1 este viernes 17 de Octubre para conmemorar el D\u00eda de la Lealtad Peronista. Informaron desde esa fuerza pol\u00edtica que el encuentro ser\u00e1 a las 19,30 en la sede dicho partido, calle Corrientes 1.350. La gacetilla difundida indica: Porque la lealtad es unidad, [&hellip;]<\/p>\n","protected":false},"author":2,"featured_media":2051,"comment_status":"open","ping_status":"open","sticky":false,"template":"","format":"standard","meta":{"footnotes":""},"categories":[66],"tags":[],"class_list":{"0":"post-2050","1":"post","2":"type-post","3":"status-publish","4":"format-standard","5":"has-post-thumbnail","7":"category-politica-nacionales"},"_links":{"self":[{"href":"https:\/\/elpueblonoticia.com.ar\/web\/wp-json\/wp\/v2\/posts\/2050","targetHints":{"allow":["GET"]}}],"collection":[{"href":"https:\/\/elpueblonoticia.com.ar\/web\/wp-json\/wp\/v2\/posts"}],"about":[{"href":"https:\/\/elpueblonoticia.com.ar\/web\/wp-json\/wp\/v2\/types\/post"}],"author":[{"embeddable":true,"href":"https:\/\/elpueblonoticia.com.ar\/web\/wp-json\/wp\/v2\/users\/2"}],"replies":[{"embeddable":true,"href":"https:\/\/elpueblonoticia.com.ar\/web\/wp-json\/wp\/v2\/comments?post=2050"}],"version-history":[{"count":0,"href":"https:\/\/elpueblonoticia.com.ar\/web\/wp-json\/wp\/v2\/posts\/2050\/revisions"}],"wp:featuredmedia":[{"embeddable":true,"href":"https:\/\/elpueblonoticia.com.ar\/web\/wp-json\/wp\/v2\/media\/2051"}],"wp:attachment":[{"href":"https:\/\/elpueblonoticia.com.ar\/web\/wp-json\/wp\/v2\/media?parent=2050"}],"wp:term":[{"taxonomy":"category","embeddable":true,"href":"https:\/\/elpueblonoticia.com.ar\/web\/wp-json\/wp\/v2\/categories?post=2050"},{"taxonomy":"post_tag","embeddable":true,"href":"https:\/\/elpueblonoticia.com.ar\/web\/wp-json\/wp\/v2\/tags?post=2050"}],"curies":[{"name":"wp","href":"https:\/\/api.w.org\/{rel}","templated":true}]}}