{"id":2046,"date":"2025-10-17T10:31:40","date_gmt":"2025-10-17T13:31:40","guid":{"rendered":"https:\/\/elpueblonoticia.com.ar\/web\/?p=2046"},"modified":"2025-10-17T10:31:40","modified_gmt":"2025-10-17T13:31:40","slug":"mes-de-la-plena-inclusion-3","status":"publish","type":"post","link":"https:\/\/elpueblonoticia.com.ar\/web\/2025\/10\/17\/mes-de-la-plena-inclusion-3\/","title":{"rendered":"Mes de la Plena Inclusi\u00f3n"},"content":{"rendered":"<p class=\"x_MsoNormal\" data-olk-copy-source=\"MessageBody\">\u201cEL LENGUAJE COMO UNA FLOR\u201d: UNA INVITACI\u00d3N A REFLEXIONAR SOBRE C\u00d3MO NOS COMUNICAMOS DESDE LOS PRIMEROS V\u00cdNCULOS<\/p>\n<p class=\"x_MsoNormal\">El viernes 17 de octubre a las 18 hs, en el Club de Leones Goya (Espa\u00f1a 254), se llevar\u00e1 a cabo el taller \u201cEl Lenguaje como una Flor\u201d, coordinado por la Lic. Natalia Baccarezza, fonoaudi\u00f3loga.<\/p>\n<p class=\"x_MsoNormal\" aria-hidden=\"true\">\n<p class=\"x_MsoNormal\">Esta propuesta abierta a todo p\u00fablico \u2014familias, docentes y profesionales\u2014 invita a reflexionar sobre la importancia del desarrollo del lenguaje como base de la comunicaci\u00f3n humana.<\/p>\n<p class=\"x_MsoNormal\" aria-hidden=\"true\">\n<p class=\"x_MsoNormal\">A trav\u00e9s de una mirada integradora, la autora propone comprender c\u00f3mo el lenguaje se construye desde los primeros v\u00ednculos, se nutre de la interacci\u00f3n cotidiana y florece en la expresi\u00f3n personal.<\/p>\n<p class=\"x_MsoNormal\" aria-hidden=\"true\">\n<p class=\"x_MsoNormal\">\u201cEl lenguaje es m\u00e1s que palabras, es la manera en que nos conectamos con los dem\u00e1s y con el mundo. Cuando acompa\u00f1amos su desarrollo desde la infancia, estamos sembrando las bases de una comunicaci\u00f3n m\u00e1s emp\u00e1tica y consciente en la sociedad\u201d.<\/p>\n<p class=\"x_MsoNormal\" aria-hidden=\"true\">\n<p class=\"x_MsoNormal\">El encuentro ser\u00e1 un espacio para compartir conocimientos, experiencias y herramientas que permitan fortalecer la prevenci\u00f3n y el acompa\u00f1amiento del desarrollo del lenguaje desde los primeros a\u00f1os de vida.<\/p>\n<p class=\"x_MsoNormal\" aria-hidden=\"true\">\n<p class=\"x_MsoNormal\">Fecha: viernes 17 de octubre \u2013 18:00 hs<\/p>\n<p class=\"x_MsoNormal\">Lugar: Club de Leones Goya \u2013 Espa\u00f1a 254<\/p>\n<p class=\"x_MsoNormal\">Destinado a: familias, docentes y profesionales.<\/p>\n<p class=\"x_MsoNormal\">Actividad libre\u00a0 con un intercambio de un alimento no perecedero.<\/p>\n<p class=\"x_MsoNormal\">Entre todos damos y recibimos.<\/p>\n","protected":false},"excerpt":{"rendered":"<p>\u201cEL LENGUAJE COMO UNA FLOR\u201d: UNA INVITACI\u00d3N A REFLEXIONAR SOBRE C\u00d3MO NOS COMUNICAMOS DESDE LOS PRIMEROS V\u00cdNCULOS El viernes 17 de octubre a las 18 hs, en el Club de Leones Goya (Espa\u00f1a 254), se llevar\u00e1 a cabo el taller \u201cEl Lenguaje como una Flor\u201d, coordinado por la Lic. Natalia Baccarezza, fonoaudi\u00f3loga. Esta propuesta abierta [&hellip;]<\/p>\n","protected":false},"author":2,"featured_media":2047,"comment_status":"open","ping_status":"open","sticky":false,"template":"","format":"standard","meta":{"footnotes":""},"categories":[78],"tags":[],"class_list":{"0":"post-2046","1":"post","2":"type-post","3":"status-publish","4":"format-standard","5":"has-post-thumbnail","7":"category-generales"},"_links":{"self":[{"href":"https:\/\/elpueblonoticia.com.ar\/web\/wp-json\/wp\/v2\/posts\/2046","targetHints":{"allow":["GET"]}}],"collection":[{"href":"https:\/\/elpueblonoticia.com.ar\/web\/wp-json\/wp\/v2\/posts"}],"about":[{"href":"https:\/\/elpueblonoticia.com.ar\/web\/wp-json\/wp\/v2\/types\/post"}],"author":[{"embeddable":true,"href":"https:\/\/elpueblonoticia.com.ar\/web\/wp-json\/wp\/v2\/users\/2"}],"replies":[{"embeddable":true,"href":"https:\/\/elpueblonoticia.com.ar\/web\/wp-json\/wp\/v2\/comments?post=2046"}],"version-history":[{"count":0,"href":"https:\/\/elpueblonoticia.com.ar\/web\/wp-json\/wp\/v2\/posts\/2046\/revisions"}],"wp:featuredmedia":[{"embeddable":true,"href":"https:\/\/elpueblonoticia.com.ar\/web\/wp-json\/wp\/v2\/media\/2047"}],"wp:attachment":[{"href":"https:\/\/elpueblonoticia.com.ar\/web\/wp-json\/wp\/v2\/media?parent=2046"}],"wp:term":[{"taxonomy":"category","embeddable":true,"href":"https:\/\/elpueblonoticia.com.ar\/web\/wp-json\/wp\/v2\/categories?post=2046"},{"taxonomy":"post_tag","embeddable":true,"href":"https:\/\/elpueblonoticia.com.ar\/web\/wp-json\/wp\/v2\/tags?post=2046"}],"curies":[{"name":"wp","href":"https:\/\/api.w.org\/{rel}","templated":true}]}}