{"id":2037,"date":"2025-10-17T10:23:19","date_gmt":"2025-10-17T13:23:19","guid":{"rendered":"https:\/\/elpueblonoticia.com.ar\/web\/?p=2037"},"modified":"2025-10-17T10:23:19","modified_gmt":"2025-10-17T13:23:19","slug":"octubre-mes-rosa","status":"publish","type":"post","link":"https:\/\/elpueblonoticia.com.ar\/web\/2025\/10\/17\/octubre-mes-rosa\/","title":{"rendered":"OCTUBRE MES ROSA"},"content":{"rendered":"<p data-olk-copy-source=\"MessageBody\"><img loading=\"lazy\" decoding=\"async\" class=\"alignnone size-medium wp-image-2039\" src=\"https:\/\/elpueblonoticia.com.ar\/web\/wp-content\/uploads\/2025\/10\/octubre-Rosa-Campana-sensibilizacion-dependencias-municipales-6-225x300.jpg\" alt=\"\" width=\"225\" height=\"300\" srcset=\"https:\/\/elpueblonoticia.com.ar\/web\/wp-content\/uploads\/2025\/10\/octubre-Rosa-Campana-sensibilizacion-dependencias-municipales-6-225x300.jpg 225w, https:\/\/elpueblonoticia.com.ar\/web\/wp-content\/uploads\/2025\/10\/octubre-Rosa-Campana-sensibilizacion-dependencias-municipales-6-768x1024.jpg 768w, https:\/\/elpueblonoticia.com.ar\/web\/wp-content\/uploads\/2025\/10\/octubre-Rosa-Campana-sensibilizacion-dependencias-municipales-6-1152x1536.jpg 1152w, https:\/\/elpueblonoticia.com.ar\/web\/wp-content\/uploads\/2025\/10\/octubre-Rosa-Campana-sensibilizacion-dependencias-municipales-6-315x420.jpg 315w, https:\/\/elpueblonoticia.com.ar\/web\/wp-content\/uploads\/2025\/10\/octubre-Rosa-Campana-sensibilizacion-dependencias-municipales-6-696x928.jpg 696w, https:\/\/elpueblonoticia.com.ar\/web\/wp-content\/uploads\/2025\/10\/octubre-Rosa-Campana-sensibilizacion-dependencias-municipales-6-1068x1424.jpg 1068w, https:\/\/elpueblonoticia.com.ar\/web\/wp-content\/uploads\/2025\/10\/octubre-Rosa-Campana-sensibilizacion-dependencias-municipales-6.jpg 1200w\" sizes=\"auto, (max-width: 225px) 100vw, 225px\" \/><img loading=\"lazy\" decoding=\"async\" class=\"alignnone size-medium wp-image-2040\" src=\"https:\/\/elpueblonoticia.com.ar\/web\/wp-content\/uploads\/2025\/10\/octubre-Rosa-Campana-sensibilizacion-dependencias-municipales-3-225x300.jpg\" alt=\"\" width=\"225\" height=\"300\" srcset=\"https:\/\/elpueblonoticia.com.ar\/web\/wp-content\/uploads\/2025\/10\/octubre-Rosa-Campana-sensibilizacion-dependencias-municipales-3-225x300.jpg 225w, https:\/\/elpueblonoticia.com.ar\/web\/wp-content\/uploads\/2025\/10\/octubre-Rosa-Campana-sensibilizacion-dependencias-municipales-3-768x1024.jpg 768w, https:\/\/elpueblonoticia.com.ar\/web\/wp-content\/uploads\/2025\/10\/octubre-Rosa-Campana-sensibilizacion-dependencias-municipales-3-1152x1536.jpg 1152w, https:\/\/elpueblonoticia.com.ar\/web\/wp-content\/uploads\/2025\/10\/octubre-Rosa-Campana-sensibilizacion-dependencias-municipales-3-315x420.jpg 315w, https:\/\/elpueblonoticia.com.ar\/web\/wp-content\/uploads\/2025\/10\/octubre-Rosa-Campana-sensibilizacion-dependencias-municipales-3-696x928.jpg 696w, https:\/\/elpueblonoticia.com.ar\/web\/wp-content\/uploads\/2025\/10\/octubre-Rosa-Campana-sensibilizacion-dependencias-municipales-3-1068x1424.jpg 1068w, https:\/\/elpueblonoticia.com.ar\/web\/wp-content\/uploads\/2025\/10\/octubre-Rosa-Campana-sensibilizacion-dependencias-municipales-3.jpg 1200w\" sizes=\"auto, (max-width: 225px) 100vw, 225px\" \/><img loading=\"lazy\" decoding=\"async\" class=\"alignnone size-medium wp-image-2041\" src=\"https:\/\/elpueblonoticia.com.ar\/web\/wp-content\/uploads\/2025\/10\/octubre-Rosa-Campana-sensibilizacion-dependencias-municipales-1-225x300.jpg\" alt=\"\" width=\"225\" height=\"300\" srcset=\"https:\/\/elpueblonoticia.com.ar\/web\/wp-content\/uploads\/2025\/10\/octubre-Rosa-Campana-sensibilizacion-dependencias-municipales-1-225x300.jpg 225w, https:\/\/elpueblonoticia.com.ar\/web\/wp-content\/uploads\/2025\/10\/octubre-Rosa-Campana-sensibilizacion-dependencias-municipales-1-768x1024.jpg 768w, https:\/\/elpueblonoticia.com.ar\/web\/wp-content\/uploads\/2025\/10\/octubre-Rosa-Campana-sensibilizacion-dependencias-municipales-1-315x420.jpg 315w, https:\/\/elpueblonoticia.com.ar\/web\/wp-content\/uploads\/2025\/10\/octubre-Rosa-Campana-sensibilizacion-dependencias-municipales-1-696x928.jpg 696w, https:\/\/elpueblonoticia.com.ar\/web\/wp-content\/uploads\/2025\/10\/octubre-Rosa-Campana-sensibilizacion-dependencias-municipales-1.jpg 774w\" sizes=\"auto, (max-width: 225px) 100vw, 225px\" \/><img loading=\"lazy\" decoding=\"async\" class=\"alignnone size-medium wp-image-2042\" src=\"https:\/\/elpueblonoticia.com.ar\/web\/wp-content\/uploads\/2025\/10\/octubre-Rosa-Campana-sensibilizacion-dependencias-municipales-5-225x300.jpg\" alt=\"\" width=\"225\" height=\"300\" srcset=\"https:\/\/elpueblonoticia.com.ar\/web\/wp-content\/uploads\/2025\/10\/octubre-Rosa-Campana-sensibilizacion-dependencias-municipales-5-225x300.jpg 225w, https:\/\/elpueblonoticia.com.ar\/web\/wp-content\/uploads\/2025\/10\/octubre-Rosa-Campana-sensibilizacion-dependencias-municipales-5-768x1024.jpg 768w, https:\/\/elpueblonoticia.com.ar\/web\/wp-content\/uploads\/2025\/10\/octubre-Rosa-Campana-sensibilizacion-dependencias-municipales-5-1152x1536.jpg 1152w, https:\/\/elpueblonoticia.com.ar\/web\/wp-content\/uploads\/2025\/10\/octubre-Rosa-Campana-sensibilizacion-dependencias-municipales-5-315x420.jpg 315w, https:\/\/elpueblonoticia.com.ar\/web\/wp-content\/uploads\/2025\/10\/octubre-Rosa-Campana-sensibilizacion-dependencias-municipales-5-696x928.jpg 696w, https:\/\/elpueblonoticia.com.ar\/web\/wp-content\/uploads\/2025\/10\/octubre-Rosa-Campana-sensibilizacion-dependencias-municipales-5-1068x1424.jpg 1068w, https:\/\/elpueblonoticia.com.ar\/web\/wp-content\/uploads\/2025\/10\/octubre-Rosa-Campana-sensibilizacion-dependencias-municipales-5.jpg 1200w\" sizes=\"auto, (max-width: 225px) 100vw, 225px\" \/><img loading=\"lazy\" decoding=\"async\" class=\"alignnone size-medium wp-image-2043\" src=\"https:\/\/elpueblonoticia.com.ar\/web\/wp-content\/uploads\/2025\/10\/octubre-Rosa-Campana-sensibilizacion-dependencias-municipales-2-225x300.jpg\" alt=\"\" width=\"225\" height=\"300\" srcset=\"https:\/\/elpueblonoticia.com.ar\/web\/wp-content\/uploads\/2025\/10\/octubre-Rosa-Campana-sensibilizacion-dependencias-municipales-2-225x300.jpg 225w, https:\/\/elpueblonoticia.com.ar\/web\/wp-content\/uploads\/2025\/10\/octubre-Rosa-Campana-sensibilizacion-dependencias-municipales-2-768x1024.jpg 768w, https:\/\/elpueblonoticia.com.ar\/web\/wp-content\/uploads\/2025\/10\/octubre-Rosa-Campana-sensibilizacion-dependencias-municipales-2-1152x1536.jpg 1152w, https:\/\/elpueblonoticia.com.ar\/web\/wp-content\/uploads\/2025\/10\/octubre-Rosa-Campana-sensibilizacion-dependencias-municipales-2-315x420.jpg 315w, https:\/\/elpueblonoticia.com.ar\/web\/wp-content\/uploads\/2025\/10\/octubre-Rosa-Campana-sensibilizacion-dependencias-municipales-2-696x928.jpg 696w, https:\/\/elpueblonoticia.com.ar\/web\/wp-content\/uploads\/2025\/10\/octubre-Rosa-Campana-sensibilizacion-dependencias-municipales-2-1068x1424.jpg 1068w, https:\/\/elpueblonoticia.com.ar\/web\/wp-content\/uploads\/2025\/10\/octubre-Rosa-Campana-sensibilizacion-dependencias-municipales-2.jpg 1200w\" sizes=\"auto, (max-width: 225px) 100vw, 225px\" \/><\/p>\n<p class=\"x_MsoNormal\" data-olk-copy-source=\"MessageBody\">Cada 19 de octubre se conmemora el D\u00eda Internacional de la Lucha contra el C\u00e1ncer de Mama, una fecha impulsada por la Organizaci\u00f3n Mundial de la Salud (OMS) para fomentar la detecci\u00f3n temprana y el tratamiento oportuno de esta enfermedad.<\/p>\n<p class=\"x_MsoNormal\" aria-hidden=\"true\">\n<p class=\"x_MsoNormal\">ADHESI\u00d3N DE LA MUNICIPALIDAD DE GOYA<\/p>\n<p class=\"x_MsoNormal\">Como parte de la Campa\u00f1a de sensibilizaci\u00f3n y concientizaci\u00f3n sobre el c\u00e1ncer de Mama, la Direcci\u00f3n de la Mujer ha realizado un recorrido por distintas oficinas y \u00e1reas municipales distribuyendo el Lazo Rosa, s\u00edmbolo de la mencionada campa\u00f1a.<\/p>\n<p class=\"x_MsoNormal\">En los pr\u00f3ximos d\u00edas, esta dependencia municipal continuar\u00e1 con la acci\u00f3n de entrega del Lazo Rosa.<\/p>\n<p class=\"x_MsoNormal\" aria-hidden=\"true\">\n","protected":false},"excerpt":{"rendered":"<p>Cada 19 de octubre se conmemora el D\u00eda Internacional de la Lucha contra el C\u00e1ncer de Mama, una fecha impulsada por la Organizaci\u00f3n Mundial de la Salud (OMS) para fomentar la detecci\u00f3n temprana y el tratamiento oportuno de esta enfermedad. ADHESI\u00d3N DE LA MUNICIPALIDAD DE GOYA Como parte de la Campa\u00f1a de sensibilizaci\u00f3n y concientizaci\u00f3n [&hellip;]<\/p>\n","protected":false},"author":2,"featured_media":2038,"comment_status":"open","ping_status":"open","sticky":false,"template":"","format":"standard","meta":{"footnotes":""},"categories":[56],"tags":[],"class_list":{"0":"post-2037","1":"post","2":"type-post","3":"status-publish","4":"format-standard","5":"has-post-thumbnail","7":"category-locales"},"_links":{"self":[{"href":"https:\/\/elpueblonoticia.com.ar\/web\/wp-json\/wp\/v2\/posts\/2037","targetHints":{"allow":["GET"]}}],"collection":[{"href":"https:\/\/elpueblonoticia.com.ar\/web\/wp-json\/wp\/v2\/posts"}],"about":[{"href":"https:\/\/elpueblonoticia.com.ar\/web\/wp-json\/wp\/v2\/types\/post"}],"author":[{"embeddable":true,"href":"https:\/\/elpueblonoticia.com.ar\/web\/wp-json\/wp\/v2\/users\/2"}],"replies":[{"embeddable":true,"href":"https:\/\/elpueblonoticia.com.ar\/web\/wp-json\/wp\/v2\/comments?post=2037"}],"version-history":[{"count":0,"href":"https:\/\/elpueblonoticia.com.ar\/web\/wp-json\/wp\/v2\/posts\/2037\/revisions"}],"wp:featuredmedia":[{"embeddable":true,"href":"https:\/\/elpueblonoticia.com.ar\/web\/wp-json\/wp\/v2\/media\/2038"}],"wp:attachment":[{"href":"https:\/\/elpueblonoticia.com.ar\/web\/wp-json\/wp\/v2\/media?parent=2037"}],"wp:term":[{"taxonomy":"category","embeddable":true,"href":"https:\/\/elpueblonoticia.com.ar\/web\/wp-json\/wp\/v2\/categories?post=2037"},{"taxonomy":"post_tag","embeddable":true,"href":"https:\/\/elpueblonoticia.com.ar\/web\/wp-json\/wp\/v2\/tags?post=2037"}],"curies":[{"name":"wp","href":"https:\/\/api.w.org\/{rel}","templated":true}]}}