{"id":2029,"date":"2025-10-17T10:16:36","date_gmt":"2025-10-17T13:16:36","guid":{"rendered":"https:\/\/elpueblonoticia.com.ar\/web\/?p=2029"},"modified":"2025-10-17T10:16:36","modified_gmt":"2025-10-17T13:16:36","slug":"octubre-en-rotary-mes-del-desarrollo-de-las-economias-locales","status":"publish","type":"post","link":"https:\/\/elpueblonoticia.com.ar\/web\/2025\/10\/17\/octubre-en-rotary-mes-del-desarrollo-de-las-economias-locales\/","title":{"rendered":"OCTUBRE EN ROTARY:  MES DEL DESARROLLO DE LAS ECONOM\u00cdAS LOCALES."},"content":{"rendered":"<p data-olk-copy-source=\"MessageBody\"><img loading=\"lazy\" decoding=\"async\" class=\"alignnone size-medium wp-image-2031\" src=\"https:\/\/elpueblonoticia.com.ar\/web\/wp-content\/uploads\/2025\/10\/Taller-Emprender-en-la-era-digital-flyr-2-240x300.jpg\" alt=\"\" width=\"240\" height=\"300\" srcset=\"https:\/\/elpueblonoticia.com.ar\/web\/wp-content\/uploads\/2025\/10\/Taller-Emprender-en-la-era-digital-flyr-2-240x300.jpg 240w, https:\/\/elpueblonoticia.com.ar\/web\/wp-content\/uploads\/2025\/10\/Taller-Emprender-en-la-era-digital-flyr-2-819x1024.jpg 819w, https:\/\/elpueblonoticia.com.ar\/web\/wp-content\/uploads\/2025\/10\/Taller-Emprender-en-la-era-digital-flyr-2-768x960.jpg 768w, https:\/\/elpueblonoticia.com.ar\/web\/wp-content\/uploads\/2025\/10\/Taller-Emprender-en-la-era-digital-flyr-2-336x420.jpg 336w, https:\/\/elpueblonoticia.com.ar\/web\/wp-content\/uploads\/2025\/10\/Taller-Emprender-en-la-era-digital-flyr-2-696x870.jpg 696w, https:\/\/elpueblonoticia.com.ar\/web\/wp-content\/uploads\/2025\/10\/Taller-Emprender-en-la-era-digital-flyr-2.jpg 1024w\" sizes=\"auto, (max-width: 240px) 100vw, 240px\" \/><img loading=\"lazy\" decoding=\"async\" class=\"alignnone size-medium wp-image-2032\" src=\"https:\/\/elpueblonoticia.com.ar\/web\/wp-content\/uploads\/2025\/10\/Taller-Emprender-en-la-era-digital-flyr-3-disertantes-240x300.jpg\" alt=\"\" width=\"240\" height=\"300\" srcset=\"https:\/\/elpueblonoticia.com.ar\/web\/wp-content\/uploads\/2025\/10\/Taller-Emprender-en-la-era-digital-flyr-3-disertantes-240x300.jpg 240w, https:\/\/elpueblonoticia.com.ar\/web\/wp-content\/uploads\/2025\/10\/Taller-Emprender-en-la-era-digital-flyr-3-disertantes-819x1024.jpg 819w, https:\/\/elpueblonoticia.com.ar\/web\/wp-content\/uploads\/2025\/10\/Taller-Emprender-en-la-era-digital-flyr-3-disertantes-768x960.jpg 768w, https:\/\/elpueblonoticia.com.ar\/web\/wp-content\/uploads\/2025\/10\/Taller-Emprender-en-la-era-digital-flyr-3-disertantes-336x420.jpg 336w, https:\/\/elpueblonoticia.com.ar\/web\/wp-content\/uploads\/2025\/10\/Taller-Emprender-en-la-era-digital-flyr-3-disertantes-696x870.jpg 696w, https:\/\/elpueblonoticia.com.ar\/web\/wp-content\/uploads\/2025\/10\/Taller-Emprender-en-la-era-digital-flyr-3-disertantes-1068x1335.jpg 1068w, https:\/\/elpueblonoticia.com.ar\/web\/wp-content\/uploads\/2025\/10\/Taller-Emprender-en-la-era-digital-flyr-3-disertantes.jpg 1080w\" sizes=\"auto, (max-width: 240px) 100vw, 240px\" \/><img loading=\"lazy\" decoding=\"async\" class=\"alignnone size-medium wp-image-2033\" src=\"https:\/\/elpueblonoticia.com.ar\/web\/wp-content\/uploads\/2025\/10\/Taller-Emprender-en-la-era-digital-flyr-4-disertantes-240x300.jpg\" alt=\"\" width=\"240\" height=\"300\" srcset=\"https:\/\/elpueblonoticia.com.ar\/web\/wp-content\/uploads\/2025\/10\/Taller-Emprender-en-la-era-digital-flyr-4-disertantes-240x300.jpg 240w, https:\/\/elpueblonoticia.com.ar\/web\/wp-content\/uploads\/2025\/10\/Taller-Emprender-en-la-era-digital-flyr-4-disertantes-819x1024.jpg 819w, https:\/\/elpueblonoticia.com.ar\/web\/wp-content\/uploads\/2025\/10\/Taller-Emprender-en-la-era-digital-flyr-4-disertantes-768x960.jpg 768w, https:\/\/elpueblonoticia.com.ar\/web\/wp-content\/uploads\/2025\/10\/Taller-Emprender-en-la-era-digital-flyr-4-disertantes-336x420.jpg 336w, https:\/\/elpueblonoticia.com.ar\/web\/wp-content\/uploads\/2025\/10\/Taller-Emprender-en-la-era-digital-flyr-4-disertantes-696x870.jpg 696w, https:\/\/elpueblonoticia.com.ar\/web\/wp-content\/uploads\/2025\/10\/Taller-Emprender-en-la-era-digital-flyr-4-disertantes-1068x1335.jpg 1068w, https:\/\/elpueblonoticia.com.ar\/web\/wp-content\/uploads\/2025\/10\/Taller-Emprender-en-la-era-digital-flyr-4-disertantes.jpg 1080w\" sizes=\"auto, (max-width: 240px) 100vw, 240px\" \/><img loading=\"lazy\" decoding=\"async\" class=\"alignnone size-medium wp-image-2034\" src=\"https:\/\/elpueblonoticia.com.ar\/web\/wp-content\/uploads\/2025\/10\/Taller-Emprender-en-la-era-digital-flyr-5-disertantes-240x300.jpg\" alt=\"\" width=\"240\" height=\"300\" srcset=\"https:\/\/elpueblonoticia.com.ar\/web\/wp-content\/uploads\/2025\/10\/Taller-Emprender-en-la-era-digital-flyr-5-disertantes-240x300.jpg 240w, https:\/\/elpueblonoticia.com.ar\/web\/wp-content\/uploads\/2025\/10\/Taller-Emprender-en-la-era-digital-flyr-5-disertantes-819x1024.jpg 819w, https:\/\/elpueblonoticia.com.ar\/web\/wp-content\/uploads\/2025\/10\/Taller-Emprender-en-la-era-digital-flyr-5-disertantes-768x960.jpg 768w, https:\/\/elpueblonoticia.com.ar\/web\/wp-content\/uploads\/2025\/10\/Taller-Emprender-en-la-era-digital-flyr-5-disertantes-336x420.jpg 336w, https:\/\/elpueblonoticia.com.ar\/web\/wp-content\/uploads\/2025\/10\/Taller-Emprender-en-la-era-digital-flyr-5-disertantes-696x870.jpg 696w, https:\/\/elpueblonoticia.com.ar\/web\/wp-content\/uploads\/2025\/10\/Taller-Emprender-en-la-era-digital-flyr-5-disertantes-1068x1335.jpg 1068w, https:\/\/elpueblonoticia.com.ar\/web\/wp-content\/uploads\/2025\/10\/Taller-Emprender-en-la-era-digital-flyr-5-disertantes.jpg 1080w\" sizes=\"auto, (max-width: 240px) 100vw, 240px\" \/><\/p>\n<p class=\"x_MsoNormal\" data-olk-copy-source=\"MessageBody\">Nuestro impacto en las econom\u00edas locales: Es un evento organizado por los clubes rotarios Sat\u00e9lite Ar\u00e1 Pyah\u00fa (Ctes), Goya y el Club de Emprendedores.<\/p>\n<p class=\"x_MsoNormal\" aria-hidden=\"true\">\n<p class=\"x_MsoNormal\">Emprender en la Nueva Era Digital: ofrece herramientas para adaptarse, innovar y proteger el negocio en un entorno donde la presencia online lo es todo.<\/p>\n<p class=\"x_MsoNormal\">El mencionado taller se brindar\u00e1 en el Club de Emprendedores Goya, el pr\u00f3ximo viernes 24 de octubre de 19 a 21 horas, para mayor informaci\u00f3n y consultas podr\u00e1n dirigirse al 3777 622486.<\/p>\n<p class=\"x_MsoNormal\" aria-hidden=\"true\">\n<p class=\"x_MsoNormal\">Gracias a la capacitaci\u00f3n que brindan los socios de Rotary, los beneficiarios sirven de recurso a sus comunidades mediante actividades para el establecimiento de contactos, el desarrollo de nuevos negocios, y la formaci\u00f3n en principios de gesti\u00f3n financiera.<\/p>\n<p class=\"x_MsoNormal\" aria-hidden=\"true\">\n<p class=\"x_MsoNormal\">DISERTANTES:<\/p>\n<p class=\"x_MsoNormal\">Luis Lizardo Pruyas: L\u00edder en equipo de Pugliese S.A. y miembro activo del Rotary Club Sat\u00e9lite Ar\u00e1 Pyah\u00fa (Ctes), con una mirada estrat\u00e9gica y humana sobre el liderazgo, compartir\u00e1 su experiencia en el desarrollo de equipos y el crecimiento personal como base del \u00e9xito emprendedor.<\/p>\n<p class=\"x_MsoNormal\" aria-hidden=\"true\">\n<p class=\"x_MsoNormal\">Rodrigo Quintana Ciles: Abogado, escribano p\u00fablico, martillero y corredor de Comercio, mag\u00edster en Derecho Empresario, director del Laboratorio Jur\u00eddico Digital Legal \u201cTeach Lab del C.P.A.C: presidente del Rotary Club Sat\u00e9lite Ar\u00e1 Pyah\u00fa Corrientes, impulsa la innovaci\u00f3n jur\u00eddica y tecnol\u00f3gica en el \u00e1mbito emprendedor.<\/p>\n<p class=\"x_MsoNormal\" aria-hidden=\"true\">\n<p class=\"x_MsoNormal\">Facundo Cabral Dom\u00ednguez: Administrador de Redes y Sistemas Multiusuario, consultor I.T. y asesor de Ciberseguridad, mediador, emprendedor y tesorero del Rotary Club Sat\u00e9lite Ar\u00e1 Pyah\u00fa Corrientes, aportar\u00e1 su conocimiento para que los emprendedores fortalezcan la seguridad digital y la confianza en sus proyectos.<\/p>\n<p class=\"x_MsoNormal\" aria-hidden=\"true\">\n<p class=\"x_MsoNormal\">El Taller destinado a emprendedores locales aportar\u00e1 habilidad emprendedora, innovaci\u00f3n e I.A, ciberseguridad, competencias claves y presencia online.<\/p>\n<p class=\"x_MsoNormal\" aria-hidden=\"true\">\n<p class=\"x_MsoNormal\">Para los interesados se recuerda pueden recabar informaci\u00f3n al 3777-622486.<\/p>\n<p class=\"x_MsoNormal\" aria-hidden=\"true\">\n","protected":false},"excerpt":{"rendered":"<p>Nuestro impacto en las econom\u00edas locales: Es un evento organizado por los clubes rotarios Sat\u00e9lite Ar\u00e1 Pyah\u00fa (Ctes), Goya y el Club de Emprendedores. Emprender en la Nueva Era Digital: ofrece herramientas para adaptarse, innovar y proteger el negocio en un entorno donde la presencia online lo es todo. El mencionado taller se brindar\u00e1 en [&hellip;]<\/p>\n","protected":false},"author":2,"featured_media":2030,"comment_status":"open","ping_status":"open","sticky":false,"template":"","format":"standard","meta":{"footnotes":""},"categories":[56],"tags":[],"class_list":{"0":"post-2029","1":"post","2":"type-post","3":"status-publish","4":"format-standard","5":"has-post-thumbnail","7":"category-locales"},"_links":{"self":[{"href":"https:\/\/elpueblonoticia.com.ar\/web\/wp-json\/wp\/v2\/posts\/2029","targetHints":{"allow":["GET"]}}],"collection":[{"href":"https:\/\/elpueblonoticia.com.ar\/web\/wp-json\/wp\/v2\/posts"}],"about":[{"href":"https:\/\/elpueblonoticia.com.ar\/web\/wp-json\/wp\/v2\/types\/post"}],"author":[{"embeddable":true,"href":"https:\/\/elpueblonoticia.com.ar\/web\/wp-json\/wp\/v2\/users\/2"}],"replies":[{"embeddable":true,"href":"https:\/\/elpueblonoticia.com.ar\/web\/wp-json\/wp\/v2\/comments?post=2029"}],"version-history":[{"count":0,"href":"https:\/\/elpueblonoticia.com.ar\/web\/wp-json\/wp\/v2\/posts\/2029\/revisions"}],"wp:featuredmedia":[{"embeddable":true,"href":"https:\/\/elpueblonoticia.com.ar\/web\/wp-json\/wp\/v2\/media\/2030"}],"wp:attachment":[{"href":"https:\/\/elpueblonoticia.com.ar\/web\/wp-json\/wp\/v2\/media?parent=2029"}],"wp:term":[{"taxonomy":"category","embeddable":true,"href":"https:\/\/elpueblonoticia.com.ar\/web\/wp-json\/wp\/v2\/categories?post=2029"},{"taxonomy":"post_tag","embeddable":true,"href":"https:\/\/elpueblonoticia.com.ar\/web\/wp-json\/wp\/v2\/tags?post=2029"}],"curies":[{"name":"wp","href":"https:\/\/api.w.org\/{rel}","templated":true}]}}