{"id":2004,"date":"2025-10-17T09:42:23","date_gmt":"2025-10-17T12:42:23","guid":{"rendered":"https:\/\/elpueblonoticia.com.ar\/web\/?p=2004"},"modified":"2025-10-17T09:42:23","modified_gmt":"2025-10-17T12:42:23","slug":"benjamin-matienzo-comunicado-oficial","status":"publish","type":"post","link":"https:\/\/elpueblonoticia.com.ar\/web\/2025\/10\/17\/benjamin-matienzo-comunicado-oficial\/","title":{"rendered":"BENJAMIN MATIENZO: COMUNICADO OFICIAL"},"content":{"rendered":"<p data-olk-copy-source=\"MessageBody\">\n<p data-olk-copy-source=\"MessageBody\"><img loading=\"lazy\" decoding=\"async\" class=\"alignnone size-medium wp-image-2005\" src=\"https:\/\/elpueblonoticia.com.ar\/web\/wp-content\/uploads\/2025\/10\/WhatsApp-Image-2025-10-11-at-10.53.19-300x176.jpeg\" alt=\"\" width=\"300\" height=\"176\" srcset=\"https:\/\/elpueblonoticia.com.ar\/web\/wp-content\/uploads\/2025\/10\/WhatsApp-Image-2025-10-11-at-10.53.19-300x176.jpeg 300w, https:\/\/elpueblonoticia.com.ar\/web\/wp-content\/uploads\/2025\/10\/WhatsApp-Image-2025-10-11-at-10.53.19-768x452.jpeg 768w, https:\/\/elpueblonoticia.com.ar\/web\/wp-content\/uploads\/2025\/10\/WhatsApp-Image-2025-10-11-at-10.53.19-714x420.jpeg 714w, https:\/\/elpueblonoticia.com.ar\/web\/wp-content\/uploads\/2025\/10\/WhatsApp-Image-2025-10-11-at-10.53.19-696x409.jpeg 696w, https:\/\/elpueblonoticia.com.ar\/web\/wp-content\/uploads\/2025\/10\/WhatsApp-Image-2025-10-11-at-10.53.19.jpeg 850w\" sizes=\"auto, (max-width: 300px) 100vw, 300px\" \/><\/p>\n<p class=\"x_MsoNormal\" data-olk-copy-source=\"MessageBody\">Desde la comisi\u00f3n directiva del club informan e invitan a los medios de prensa a la presentaci\u00f3n oficial del plantel que afrontar\u00e1 la pr\u00f3xima temporada del TRFA.<\/p>\n<p class=\"x_MsoNormal\" aria-hidden=\"true\">\n<p class=\"x_MsoNormal\">Asimismo,\u00a0 extienden la invitaci\u00f3n a toda la familia matiencista: socios, hinchas, familias y al resto de las categor\u00edas, a acompa\u00f1ar dicho evento.<\/p>\n<p class=\"x_MsoNormal\" aria-hidden=\"true\">\n<p class=\"x_MsoNormal\">El mismo se realizar\u00e1 este viernes 17 de octubre a las 20 horas en las instalaciones del club.<\/p>\n<p class=\"x_MsoNormal\" aria-hidden=\"true\">\n","protected":false},"excerpt":{"rendered":"<p>Desde la comisi\u00f3n directiva del club informan e invitan a los medios de prensa a la presentaci\u00f3n oficial del plantel que afrontar\u00e1 la pr\u00f3xima temporada del TRFA. Asimismo,\u00a0 extienden la invitaci\u00f3n a toda la familia matiencista: socios, hinchas, familias y al resto de las categor\u00edas, a acompa\u00f1ar dicho evento. El mismo se realizar\u00e1 este viernes [&hellip;]<\/p>\n","protected":false},"author":2,"featured_media":2006,"comment_status":"open","ping_status":"open","sticky":false,"template":"","format":"standard","meta":{"footnotes":""},"categories":[76],"tags":[],"class_list":{"0":"post-2004","1":"post","2":"type-post","3":"status-publish","4":"format-standard","5":"has-post-thumbnail","7":"category-deportes"},"_links":{"self":[{"href":"https:\/\/elpueblonoticia.com.ar\/web\/wp-json\/wp\/v2\/posts\/2004","targetHints":{"allow":["GET"]}}],"collection":[{"href":"https:\/\/elpueblonoticia.com.ar\/web\/wp-json\/wp\/v2\/posts"}],"about":[{"href":"https:\/\/elpueblonoticia.com.ar\/web\/wp-json\/wp\/v2\/types\/post"}],"author":[{"embeddable":true,"href":"https:\/\/elpueblonoticia.com.ar\/web\/wp-json\/wp\/v2\/users\/2"}],"replies":[{"embeddable":true,"href":"https:\/\/elpueblonoticia.com.ar\/web\/wp-json\/wp\/v2\/comments?post=2004"}],"version-history":[{"count":0,"href":"https:\/\/elpueblonoticia.com.ar\/web\/wp-json\/wp\/v2\/posts\/2004\/revisions"}],"wp:featuredmedia":[{"embeddable":true,"href":"https:\/\/elpueblonoticia.com.ar\/web\/wp-json\/wp\/v2\/media\/2006"}],"wp:attachment":[{"href":"https:\/\/elpueblonoticia.com.ar\/web\/wp-json\/wp\/v2\/media?parent=2004"}],"wp:term":[{"taxonomy":"category","embeddable":true,"href":"https:\/\/elpueblonoticia.com.ar\/web\/wp-json\/wp\/v2\/categories?post=2004"},{"taxonomy":"post_tag","embeddable":true,"href":"https:\/\/elpueblonoticia.com.ar\/web\/wp-json\/wp\/v2\/tags?post=2004"}],"curies":[{"name":"wp","href":"https:\/\/api.w.org\/{rel}","templated":true}]}}