{"id":1999,"date":"2025-10-17T09:37:06","date_gmt":"2025-10-17T12:37:06","guid":{"rendered":"https:\/\/elpueblonoticia.com.ar\/web\/?p=1999"},"modified":"2025-10-17T09:37:06","modified_gmt":"2025-10-17T12:37:06","slug":"goya-rock-2025-2","status":"publish","type":"post","link":"https:\/\/elpueblonoticia.com.ar\/web\/2025\/10\/17\/goya-rock-2025-2\/","title":{"rendered":"GOYA ROCK 2025"},"content":{"rendered":"<p data-olk-copy-source=\"MessageBody\">\n<p data-olk-copy-source=\"MessageBody\"><img loading=\"lazy\" decoding=\"async\" class=\"alignnone size-medium wp-image-2000\" src=\"https:\/\/elpueblonoticia.com.ar\/web\/wp-content\/uploads\/2025\/10\/Goya-Rock-Emprendedores-Locales-Flyr-1-240x300.jpg\" alt=\"\" width=\"240\" height=\"300\" srcset=\"https:\/\/elpueblonoticia.com.ar\/web\/wp-content\/uploads\/2025\/10\/Goya-Rock-Emprendedores-Locales-Flyr-1-240x300.jpg 240w, https:\/\/elpueblonoticia.com.ar\/web\/wp-content\/uploads\/2025\/10\/Goya-Rock-Emprendedores-Locales-Flyr-1-819x1024.jpg 819w, https:\/\/elpueblonoticia.com.ar\/web\/wp-content\/uploads\/2025\/10\/Goya-Rock-Emprendedores-Locales-Flyr-1-768x960.jpg 768w, https:\/\/elpueblonoticia.com.ar\/web\/wp-content\/uploads\/2025\/10\/Goya-Rock-Emprendedores-Locales-Flyr-1-336x420.jpg 336w, https:\/\/elpueblonoticia.com.ar\/web\/wp-content\/uploads\/2025\/10\/Goya-Rock-Emprendedores-Locales-Flyr-1-696x870.jpg 696w, https:\/\/elpueblonoticia.com.ar\/web\/wp-content\/uploads\/2025\/10\/Goya-Rock-Emprendedores-Locales-Flyr-1-1068x1335.jpg 1068w, https:\/\/elpueblonoticia.com.ar\/web\/wp-content\/uploads\/2025\/10\/Goya-Rock-Emprendedores-Locales-Flyr-1.jpg 1080w\" sizes=\"auto, (max-width: 240px) 100vw, 240px\" \/><\/p>\n<p class=\"x_MsoNormal\" data-olk-copy-source=\"MessageBody\">Junto a la presentaci\u00f3n de las bandas que ser\u00e1n protagonistas de este encuentro musical en Costanera Norte se confirma la presencia de m\u00e1s de 20 emprendedores goyanos.<\/p>\n<p class=\"x_MsoNormal\" aria-hidden=\"true\">\n<p class=\"x_MsoNormal\">Con el paisaje de playa El Inga, los d\u00edas s\u00e1bado y domingo durante el desarrollo de esta propuesta se suman m\u00e1s de 20 emprendedores locales, dotando al espacio como un gran paseo costero que combinar\u00e1 el arte de la m\u00fasica con la capacidad creativa de artesanos y emprendedores de nuestra ciudad.<\/p>\n<p class=\"x_MsoNormal\" aria-hidden=\"true\">\n<p class=\"x_MsoNormal\">La invitaci\u00f3n es a disfrutar el fin de semana de este magn\u00edfico combo creativo.<\/p>\n<p class=\"x_MsoNormal\" aria-hidden=\"true\">\n","protected":false},"excerpt":{"rendered":"<p>Junto a la presentaci\u00f3n de las bandas que ser\u00e1n protagonistas de este encuentro musical en Costanera Norte se confirma la presencia de m\u00e1s de 20 emprendedores goyanos. Con el paisaje de playa El Inga, los d\u00edas s\u00e1bado y domingo durante el desarrollo de esta propuesta se suman m\u00e1s de 20 emprendedores locales, dotando al espacio [&hellip;]<\/p>\n","protected":false},"author":2,"featured_media":2001,"comment_status":"open","ping_status":"open","sticky":false,"template":"","format":"standard","meta":{"footnotes":""},"categories":[56],"tags":[],"class_list":{"0":"post-1999","1":"post","2":"type-post","3":"status-publish","4":"format-standard","5":"has-post-thumbnail","7":"category-locales"},"_links":{"self":[{"href":"https:\/\/elpueblonoticia.com.ar\/web\/wp-json\/wp\/v2\/posts\/1999","targetHints":{"allow":["GET"]}}],"collection":[{"href":"https:\/\/elpueblonoticia.com.ar\/web\/wp-json\/wp\/v2\/posts"}],"about":[{"href":"https:\/\/elpueblonoticia.com.ar\/web\/wp-json\/wp\/v2\/types\/post"}],"author":[{"embeddable":true,"href":"https:\/\/elpueblonoticia.com.ar\/web\/wp-json\/wp\/v2\/users\/2"}],"replies":[{"embeddable":true,"href":"https:\/\/elpueblonoticia.com.ar\/web\/wp-json\/wp\/v2\/comments?post=1999"}],"version-history":[{"count":0,"href":"https:\/\/elpueblonoticia.com.ar\/web\/wp-json\/wp\/v2\/posts\/1999\/revisions"}],"wp:featuredmedia":[{"embeddable":true,"href":"https:\/\/elpueblonoticia.com.ar\/web\/wp-json\/wp\/v2\/media\/2001"}],"wp:attachment":[{"href":"https:\/\/elpueblonoticia.com.ar\/web\/wp-json\/wp\/v2\/media?parent=1999"}],"wp:term":[{"taxonomy":"category","embeddable":true,"href":"https:\/\/elpueblonoticia.com.ar\/web\/wp-json\/wp\/v2\/categories?post=1999"},{"taxonomy":"post_tag","embeddable":true,"href":"https:\/\/elpueblonoticia.com.ar\/web\/wp-json\/wp\/v2\/tags?post=1999"}],"curies":[{"name":"wp","href":"https:\/\/api.w.org\/{rel}","templated":true}]}}