{"id":1995,"date":"2025-10-17T09:31:12","date_gmt":"2025-10-17T12:31:12","guid":{"rendered":"https:\/\/elpueblonoticia.com.ar\/web\/?p=1995"},"modified":"2025-10-17T09:31:12","modified_gmt":"2025-10-17T12:31:12","slug":"basquetbol-de-alto-nivel","status":"publish","type":"post","link":"https:\/\/elpueblonoticia.com.ar\/web\/2025\/10\/17\/basquetbol-de-alto-nivel\/","title":{"rendered":"B\u00e1squetbol de alto nivel"},"content":{"rendered":"<p class=\"x_MsoNormal\" data-olk-copy-source=\"MessageBody\">SELECCI\u00d3N GOYANA Y COMUNICACIONES DE MERCEDES SE ENFRENTAR\u00c1N EN UN MATCH AMISTOSO<\/p>\n<p class=\"x_MsoNormal\">El mi\u00e9rcoles 22 de octubre, desde las 21 horas en el estadio \u201cJuan Faturo\u201d de AMAD, se jugar\u00e1 un partido amistoso de Pretemporada entre el seleccionado goyano y el equipo de Comunicaciones de Mercedes, que actualmente est\u00e1 jugando el Torneo Argentino, la segunda categor\u00eda del B\u00e1squetbol Nacional.<\/p>\n<p class=\"x_MsoNormal\" aria-hidden=\"true\">\n<p class=\"x_MsoNormal\">El b\u00e1squetbol de alto nivel llega a Goya con un partido amistoso entre la Selecci\u00f3n Goyana y Comunicaciones de Mercedes que promete ser un espect\u00e1culo de primera para los amantes de este deporte.<\/p>\n<p class=\"x_MsoNormal\" aria-hidden=\"true\">\n<p class=\"x_MsoNormal\">PARTIDO DE PRETEMPORADA<\/p>\n<p class=\"x_MsoNormal\">Hern\u00e1n Laprovitta, presidente de la Asociaci\u00f3n Goyana de B\u00e1squetbol, destac\u00f3 la importancia de este evento: &#8220;Hace tiempo se viene trabajando bien con el tema del b\u00e1squetbol y ahora tenemos la oportunidad de que el equipo de Comunicaciones de Mercedes nos visite para jugar un partido amistoso contra la selecci\u00f3n goyana&#8221;.<\/p>\n<p class=\"x_MsoNormal\" aria-hidden=\"true\">\n<p class=\"x_MsoNormal\">\u201cLa selecci\u00f3n local estar\u00e1 dirigida por Humberto &#8220;Tano&#8221; L\u00f3pez R\u00edos, t\u00e9cnico de AMAD, y contar\u00e1 con la asistencia de &#8220;La Bruja&#8221; Rojas, entrenador de Uni\u00f3n, ambos participando en el Pre Federal\u201d, indic\u00f3 el dirigente del b\u00e1squetbol goyano.<\/p>\n<p class=\"x_MsoNormal\" aria-hidden=\"true\">\n<p class=\"x_MsoNormal\">Las entradas anticipadas tendr\u00e1n un valor de 2.000 pesos, mientras que en puerta costar\u00e1n 3.000 pesos.<\/p>\n<p class=\"x_MsoNormal\">El dirigente invit\u00f3 a la afici\u00f3n goyana a acompa\u00f1ar este evento \u00fanico: &#8220;Esperemos que la gente acompa\u00f1e, porque la entrada es accesible para que todo el mundo pueda asistir y ver un buen espect\u00e1culo deportivo. Yo creo que ser\u00e1 un partido con un nivel de b\u00e1squetbol que no se ve seguido en Goya&#8221;.<\/p>\n<p class=\"x_MsoNormal\" aria-hidden=\"true\">\n<p class=\"x_MsoNormal\">SELECCI\u00d3N GOYANA<\/p>\n<p class=\"x_MsoNormal\">El dirigente dijo: \u201cEl equipo que va a estar representando a la Selecci\u00f3n Goyana de B\u00e1squetbol estar\u00e1 compuesto por jugadores de todos los equipos que est\u00e1n participando del torneo local de Primera Divisi\u00f3n. Inclusive, jugadores de Atl\u00e9tico Saladas que est\u00e1n jugando nuestro torneo. Tambi\u00e9n ellos van a ser incorporados en la Selecci\u00f3n\u201d, inform\u00f3 Laprovitta.<\/p>\n<p class=\"x_MsoNormal\">\u201cCreo que vamos a tener un equipo competitivo porque son jugadores con experiencia y buen nivel. Jugar\u00e1n contra un equipo que se form\u00f3 muy fuerte, como es Comunicaciones de Mercedes\u201d, coment\u00f3 el dirigente de la Asociaci\u00f3n.<\/p>\n<p class=\"x_MsoNormal\" aria-hidden=\"true\">\n<p class=\"x_MsoNormal\">UN BUEN ESPECT\u00c1CULO<\/p>\n<p class=\"x_MsoNormal\">\u201cYo creo que ser\u00e1 un partido con un nivel de b\u00e1squetbol que no se ve seguido en Goya. Comunicaciones es de la Liga B, y eso es realmente importante\u201d, expres\u00f3 el dirigente.<\/p>\n<p class=\"x_MsoNormal\" aria-hidden=\"true\">\n<p class=\"x_MsoNormal\">\u201cCon Facundo, coordinador de Comunicaciones, venimos hablando hace tiempo y yo le plantee esta idea, se mostr\u00f3 encantado y le puso todas las ganas. Llegamos a un acuerdo y el mi\u00e9rcoles de la semana pr\u00f3xima tendremos este partido\u201d, sostuvo.<\/p>\n<p class=\"x_MsoNormal\" aria-hidden=\"true\">\n<p class=\"x_MsoNormal\">Aclar\u00f3 que los \u00e1rbitros son designados por la Confederaci\u00f3n Argentina de B\u00e1squetbol, por lo tanto, es probable que los \u00e1rbitros sean de otra ciudad. En tanto, Laprovitta dijo que la mesa t\u00e9cnica, s\u00ed ser\u00eda de Goya. \u201cTodo tiene su costo, lo m\u00e1s caro es el arbitraje\u201d, dijo.<\/p>\n<p class=\"x_MsoNormal\" aria-hidden=\"true\">\n<p class=\"x_MsoNormal\">\u201cSe definir\u00e1 d\u00f3nde se pondr\u00e1n a la venta las entradas anticipadas, ser\u00edan en la sede de la Asociaci\u00f3n y en la del Club AMAD\u201d.<\/p>\n<p class=\"x_MsoNormal\" aria-hidden=\"true\">\n<p class=\"x_MsoNormal\">Laprovitta tambi\u00e9n lament\u00f3 la frustrada visita de San Mart\u00edn y Regatas de Corrientes, pero celebr\u00f3 el acuerdo con Comunicaciones, gracias a las gestiones con Facundo, coordinador del equipo.<\/p>\n","protected":false},"excerpt":{"rendered":"<p>SELECCI\u00d3N GOYANA Y COMUNICACIONES DE MERCEDES SE ENFRENTAR\u00c1N EN UN MATCH AMISTOSO El mi\u00e9rcoles 22 de octubre, desde las 21 horas en el estadio \u201cJuan Faturo\u201d de AMAD, se jugar\u00e1 un partido amistoso de Pretemporada entre el seleccionado goyano y el equipo de Comunicaciones de Mercedes, que actualmente est\u00e1 jugando el Torneo Argentino, la segunda [&hellip;]<\/p>\n","protected":false},"author":2,"featured_media":1996,"comment_status":"open","ping_status":"open","sticky":false,"template":"","format":"standard","meta":{"footnotes":""},"categories":[76],"tags":[],"class_list":{"0":"post-1995","1":"post","2":"type-post","3":"status-publish","4":"format-standard","5":"has-post-thumbnail","7":"category-deportes"},"_links":{"self":[{"href":"https:\/\/elpueblonoticia.com.ar\/web\/wp-json\/wp\/v2\/posts\/1995","targetHints":{"allow":["GET"]}}],"collection":[{"href":"https:\/\/elpueblonoticia.com.ar\/web\/wp-json\/wp\/v2\/posts"}],"about":[{"href":"https:\/\/elpueblonoticia.com.ar\/web\/wp-json\/wp\/v2\/types\/post"}],"author":[{"embeddable":true,"href":"https:\/\/elpueblonoticia.com.ar\/web\/wp-json\/wp\/v2\/users\/2"}],"replies":[{"embeddable":true,"href":"https:\/\/elpueblonoticia.com.ar\/web\/wp-json\/wp\/v2\/comments?post=1995"}],"version-history":[{"count":0,"href":"https:\/\/elpueblonoticia.com.ar\/web\/wp-json\/wp\/v2\/posts\/1995\/revisions"}],"wp:featuredmedia":[{"embeddable":true,"href":"https:\/\/elpueblonoticia.com.ar\/web\/wp-json\/wp\/v2\/media\/1996"}],"wp:attachment":[{"href":"https:\/\/elpueblonoticia.com.ar\/web\/wp-json\/wp\/v2\/media?parent=1995"}],"wp:term":[{"taxonomy":"category","embeddable":true,"href":"https:\/\/elpueblonoticia.com.ar\/web\/wp-json\/wp\/v2\/categories?post=1995"},{"taxonomy":"post_tag","embeddable":true,"href":"https:\/\/elpueblonoticia.com.ar\/web\/wp-json\/wp\/v2\/tags?post=1995"}],"curies":[{"name":"wp","href":"https:\/\/api.w.org\/{rel}","templated":true}]}}