{"id":1984,"date":"2025-10-17T09:11:18","date_gmt":"2025-10-17T12:11:18","guid":{"rendered":"https:\/\/elpueblonoticia.com.ar\/web\/?p=1984"},"modified":"2025-10-17T09:11:18","modified_gmt":"2025-10-17T12:11:18","slug":"el-intendente-mariano-hormaechea-se-reunio-con-empresarios-y-referentes-del-sector-productivo","status":"publish","type":"post","link":"https:\/\/elpueblonoticia.com.ar\/web\/2025\/10\/17\/el-intendente-mariano-hormaechea-se-reunio-con-empresarios-y-referentes-del-sector-productivo\/","title":{"rendered":"EL INTENDENTE MARIANO HORMAECHEA SE REUNI\u00d3 CON EMPRESARIOS Y REFERENTES DEL SECTOR PRODUCTIVO"},"content":{"rendered":"<p data-olk-copy-source=\"MessageBody\"><img loading=\"lazy\" decoding=\"async\" class=\"alignnone size-medium wp-image-1986\" src=\"https:\/\/elpueblonoticia.com.ar\/web\/wp-content\/uploads\/2025\/10\/Reunion-de-Intendente-con-Empresarios-Locales-1-300x200.jpg\" alt=\"\" width=\"300\" height=\"200\" srcset=\"https:\/\/elpueblonoticia.com.ar\/web\/wp-content\/uploads\/2025\/10\/Reunion-de-Intendente-con-Empresarios-Locales-1-300x200.jpg 300w, https:\/\/elpueblonoticia.com.ar\/web\/wp-content\/uploads\/2025\/10\/Reunion-de-Intendente-con-Empresarios-Locales-1-1024x682.jpg 1024w, https:\/\/elpueblonoticia.com.ar\/web\/wp-content\/uploads\/2025\/10\/Reunion-de-Intendente-con-Empresarios-Locales-1-768x512.jpg 768w, https:\/\/elpueblonoticia.com.ar\/web\/wp-content\/uploads\/2025\/10\/Reunion-de-Intendente-con-Empresarios-Locales-1-1536x1023.jpg 1536w, https:\/\/elpueblonoticia.com.ar\/web\/wp-content\/uploads\/2025\/10\/Reunion-de-Intendente-con-Empresarios-Locales-1-630x420.jpg 630w, https:\/\/elpueblonoticia.com.ar\/web\/wp-content\/uploads\/2025\/10\/Reunion-de-Intendente-con-Empresarios-Locales-1-696x464.jpg 696w, https:\/\/elpueblonoticia.com.ar\/web\/wp-content\/uploads\/2025\/10\/Reunion-de-Intendente-con-Empresarios-Locales-1-1068x712.jpg 1068w, https:\/\/elpueblonoticia.com.ar\/web\/wp-content\/uploads\/2025\/10\/Reunion-de-Intendente-con-Empresarios-Locales-1.jpg 1600w\" sizes=\"auto, (max-width: 300px) 100vw, 300px\" \/><img loading=\"lazy\" decoding=\"async\" class=\"alignnone size-medium wp-image-1987\" src=\"https:\/\/elpueblonoticia.com.ar\/web\/wp-content\/uploads\/2025\/10\/Reunion-de-Intendente-con-Empresarios-Locales-3-300x200.jpg\" alt=\"\" width=\"300\" height=\"200\" srcset=\"https:\/\/elpueblonoticia.com.ar\/web\/wp-content\/uploads\/2025\/10\/Reunion-de-Intendente-con-Empresarios-Locales-3-300x200.jpg 300w, https:\/\/elpueblonoticia.com.ar\/web\/wp-content\/uploads\/2025\/10\/Reunion-de-Intendente-con-Empresarios-Locales-3-1024x682.jpg 1024w, https:\/\/elpueblonoticia.com.ar\/web\/wp-content\/uploads\/2025\/10\/Reunion-de-Intendente-con-Empresarios-Locales-3-768x512.jpg 768w, https:\/\/elpueblonoticia.com.ar\/web\/wp-content\/uploads\/2025\/10\/Reunion-de-Intendente-con-Empresarios-Locales-3-1536x1023.jpg 1536w, https:\/\/elpueblonoticia.com.ar\/web\/wp-content\/uploads\/2025\/10\/Reunion-de-Intendente-con-Empresarios-Locales-3-630x420.jpg 630w, https:\/\/elpueblonoticia.com.ar\/web\/wp-content\/uploads\/2025\/10\/Reunion-de-Intendente-con-Empresarios-Locales-3-696x464.jpg 696w, https:\/\/elpueblonoticia.com.ar\/web\/wp-content\/uploads\/2025\/10\/Reunion-de-Intendente-con-Empresarios-Locales-3-1068x712.jpg 1068w, https:\/\/elpueblonoticia.com.ar\/web\/wp-content\/uploads\/2025\/10\/Reunion-de-Intendente-con-Empresarios-Locales-3.jpg 1600w\" sizes=\"auto, (max-width: 300px) 100vw, 300px\" \/><\/p>\n<p class=\"x_MsoNormal\" data-olk-copy-source=\"MessageBody\">En la ma\u00f1ana del jueves el intendente municipal Mariano Hormaechea mantuvo un encuentro con los empresarios locales y representantes del sector productivo, en el Sal\u00f3n de Acuerdos.<\/p>\n<p class=\"x_MsoNormal\" aria-hidden=\"true\">\n<p class=\"x_MsoNormal\">De la reuni\u00f3n junto al mandatario local particip\u00f3 la secretaria de Industria del municipio Mar\u00eda Paz Lampugnani, los representantes de la C\u00e1mara Empresarial Goya, Asociaci\u00f3n de Comercio, Parque Industrial y Sociedad Rural Goya, Miguel Galarza; Iv\u00e1n Vilas; C\u00e9sar Almeda; Horacio Urdiro y Santiago Decotto.<\/p>\n<p class=\"x_MsoNormal\" aria-hidden=\"true\">\n<p class=\"x_MsoNormal\">En el encuentro, uno de los temas abordados fue la continuidad de las gestiones para el servicio del transporte de la balsa que une Goya-Reconquista, algo impulsado por los sectores p\u00fablico y privado para la conexi\u00f3n con la zona sur correntina-norte santafesino.<\/p>\n<p class=\"x_MsoNormal\" aria-hidden=\"true\">\n<p class=\"x_MsoNormal\">La reuni\u00f3n adem\u00e1s sirvi\u00f3 para presentar a los empresarios y representantes del sector productivo, hacer conocer lo que dispone la Ley Provincial 6157 de la fecha 9 de noviembre 1791, como la fecha de la Primera Radicaci\u00f3n Hist\u00f3rica de Goya, con el prop\u00f3sito de sumar los aspectos de la historia de la ciudad, reforzar el sentido de identidad, de pertenencia, sustentado en los registros como documento oficial del Archivo Hist\u00f3rico de la Naci\u00f3n, certificando los 234 a\u00f1os de existencia de Goya.<\/p>\n<p class=\"x_MsoNormal\" aria-hidden=\"true\">\n<p class=\"x_MsoNormal\">El intendente Mariano Hormaechea consider\u00f3 como un \u201cencuentro de di\u00e1logo y coincidencias, donde reafirmamos la importancia de este proyecto que fortalece nuestra identidad y pone en valor la historia de Goya como motor de desarrollo\u201d. Agradeciendo a los sectores vinculados al desarrollo econ\u00f3mico de la ciudad por acompa\u00f1ar, estar y ser parte de la construcci\u00f3n colectiva.<\/p>\n<p class=\"x_MsoNormal\" aria-hidden=\"true\">\n","protected":false},"excerpt":{"rendered":"<p>En la ma\u00f1ana del jueves el intendente municipal Mariano Hormaechea mantuvo un encuentro con los empresarios locales y representantes del sector productivo, en el Sal\u00f3n de Acuerdos. De la reuni\u00f3n junto al mandatario local particip\u00f3 la secretaria de Industria del municipio Mar\u00eda Paz Lampugnani, los representantes de la C\u00e1mara Empresarial Goya, Asociaci\u00f3n de Comercio, Parque [&hellip;]<\/p>\n","protected":false},"author":2,"featured_media":1985,"comment_status":"open","ping_status":"open","sticky":false,"template":"","format":"standard","meta":{"footnotes":""},"categories":[78],"tags":[],"class_list":{"0":"post-1984","1":"post","2":"type-post","3":"status-publish","4":"format-standard","5":"has-post-thumbnail","7":"category-generales"},"_links":{"self":[{"href":"https:\/\/elpueblonoticia.com.ar\/web\/wp-json\/wp\/v2\/posts\/1984","targetHints":{"allow":["GET"]}}],"collection":[{"href":"https:\/\/elpueblonoticia.com.ar\/web\/wp-json\/wp\/v2\/posts"}],"about":[{"href":"https:\/\/elpueblonoticia.com.ar\/web\/wp-json\/wp\/v2\/types\/post"}],"author":[{"embeddable":true,"href":"https:\/\/elpueblonoticia.com.ar\/web\/wp-json\/wp\/v2\/users\/2"}],"replies":[{"embeddable":true,"href":"https:\/\/elpueblonoticia.com.ar\/web\/wp-json\/wp\/v2\/comments?post=1984"}],"version-history":[{"count":0,"href":"https:\/\/elpueblonoticia.com.ar\/web\/wp-json\/wp\/v2\/posts\/1984\/revisions"}],"wp:featuredmedia":[{"embeddable":true,"href":"https:\/\/elpueblonoticia.com.ar\/web\/wp-json\/wp\/v2\/media\/1985"}],"wp:attachment":[{"href":"https:\/\/elpueblonoticia.com.ar\/web\/wp-json\/wp\/v2\/media?parent=1984"}],"wp:term":[{"taxonomy":"category","embeddable":true,"href":"https:\/\/elpueblonoticia.com.ar\/web\/wp-json\/wp\/v2\/categories?post=1984"},{"taxonomy":"post_tag","embeddable":true,"href":"https:\/\/elpueblonoticia.com.ar\/web\/wp-json\/wp\/v2\/tags?post=1984"}],"curies":[{"name":"wp","href":"https:\/\/api.w.org\/{rel}","templated":true}]}}