{"id":1961,"date":"2025-10-17T08:44:04","date_gmt":"2025-10-17T11:44:04","guid":{"rendered":"https:\/\/elpueblonoticia.com.ar\/web\/?p=1961"},"modified":"2025-10-17T08:44:04","modified_gmt":"2025-10-17T11:44:04","slug":"el-instituto-santa-teresa-de-jesus-presenta-su-muestra-anual-somos-arte-goya-en-colores","status":"publish","type":"post","link":"https:\/\/elpueblonoticia.com.ar\/web\/2025\/10\/17\/el-instituto-santa-teresa-de-jesus-presenta-su-muestra-anual-somos-arte-goya-en-colores\/","title":{"rendered":"EL INSTITUTO SANTA TERESA DE JES\u00daS PRESENTA SU MUESTRA ANUAL \u201cSOMOS ARTE&#8230; GOYA EN COLORES\u201d"},"content":{"rendered":"<p data-olk-copy-source=\"MessageBody\">\n<p data-olk-copy-source=\"MessageBody\"><img loading=\"lazy\" decoding=\"async\" class=\"alignnone size-medium wp-image-1968\" src=\"https:\/\/elpueblonoticia.com.ar\/web\/wp-content\/uploads\/2025\/10\/Captura-de-pantalla-2025-10-17-084209-241x300.png\" alt=\"\" width=\"241\" height=\"300\" srcset=\"https:\/\/elpueblonoticia.com.ar\/web\/wp-content\/uploads\/2025\/10\/Captura-de-pantalla-2025-10-17-084209-241x300.png 241w, https:\/\/elpueblonoticia.com.ar\/web\/wp-content\/uploads\/2025\/10\/Captura-de-pantalla-2025-10-17-084209-338x420.png 338w, https:\/\/elpueblonoticia.com.ar\/web\/wp-content\/uploads\/2025\/10\/Captura-de-pantalla-2025-10-17-084209.png 387w\" sizes=\"auto, (max-width: 241px) 100vw, 241px\" \/><\/p>\n<p data-olk-copy-source=\"MessageBody\"><img loading=\"lazy\" decoding=\"async\" class=\"alignnone size-medium wp-image-1965\" src=\"https:\/\/elpueblonoticia.com.ar\/web\/wp-content\/uploads\/2025\/10\/SOMOS-ARTE-5-225x300.jpeg\" alt=\"\" width=\"225\" height=\"300\" srcset=\"https:\/\/elpueblonoticia.com.ar\/web\/wp-content\/uploads\/2025\/10\/SOMOS-ARTE-5-225x300.jpeg 225w, https:\/\/elpueblonoticia.com.ar\/web\/wp-content\/uploads\/2025\/10\/SOMOS-ARTE-5-768x1024.jpeg 768w, https:\/\/elpueblonoticia.com.ar\/web\/wp-content\/uploads\/2025\/10\/SOMOS-ARTE-5-1152x1536.jpeg 1152w, https:\/\/elpueblonoticia.com.ar\/web\/wp-content\/uploads\/2025\/10\/SOMOS-ARTE-5-315x420.jpeg 315w, https:\/\/elpueblonoticia.com.ar\/web\/wp-content\/uploads\/2025\/10\/SOMOS-ARTE-5-696x928.jpeg 696w, https:\/\/elpueblonoticia.com.ar\/web\/wp-content\/uploads\/2025\/10\/SOMOS-ARTE-5-1068x1424.jpeg 1068w, https:\/\/elpueblonoticia.com.ar\/web\/wp-content\/uploads\/2025\/10\/SOMOS-ARTE-5.jpeg 1200w\" sizes=\"auto, (max-width: 225px) 100vw, 225px\" \/><img loading=\"lazy\" decoding=\"async\" class=\"alignnone size-medium wp-image-1966\" src=\"https:\/\/elpueblonoticia.com.ar\/web\/wp-content\/uploads\/2025\/10\/SOMOS-ARTE-4-300x225.jpeg\" alt=\"\" width=\"300\" height=\"225\" srcset=\"https:\/\/elpueblonoticia.com.ar\/web\/wp-content\/uploads\/2025\/10\/SOMOS-ARTE-4-300x225.jpeg 300w, https:\/\/elpueblonoticia.com.ar\/web\/wp-content\/uploads\/2025\/10\/SOMOS-ARTE-4-1024x768.jpeg 1024w, https:\/\/elpueblonoticia.com.ar\/web\/wp-content\/uploads\/2025\/10\/SOMOS-ARTE-4-768x576.jpeg 768w, https:\/\/elpueblonoticia.com.ar\/web\/wp-content\/uploads\/2025\/10\/SOMOS-ARTE-4-560x420.jpeg 560w, https:\/\/elpueblonoticia.com.ar\/web\/wp-content\/uploads\/2025\/10\/SOMOS-ARTE-4-80x60.jpeg 80w, https:\/\/elpueblonoticia.com.ar\/web\/wp-content\/uploads\/2025\/10\/SOMOS-ARTE-4-696x522.jpeg 696w, https:\/\/elpueblonoticia.com.ar\/web\/wp-content\/uploads\/2025\/10\/SOMOS-ARTE-4-1068x801.jpeg 1068w, https:\/\/elpueblonoticia.com.ar\/web\/wp-content\/uploads\/2025\/10\/SOMOS-ARTE-4-265x198.jpeg 265w, https:\/\/elpueblonoticia.com.ar\/web\/wp-content\/uploads\/2025\/10\/SOMOS-ARTE-4.jpeg 1280w\" sizes=\"auto, (max-width: 300px) 100vw, 300px\" \/><img loading=\"lazy\" decoding=\"async\" class=\"alignnone size-medium wp-image-1967\" src=\"https:\/\/elpueblonoticia.com.ar\/web\/wp-content\/uploads\/2025\/10\/SOMOS-ARTE-3-300x226.jpeg\" alt=\"\" width=\"300\" height=\"226\" srcset=\"https:\/\/elpueblonoticia.com.ar\/web\/wp-content\/uploads\/2025\/10\/SOMOS-ARTE-3-300x226.jpeg 300w, https:\/\/elpueblonoticia.com.ar\/web\/wp-content\/uploads\/2025\/10\/SOMOS-ARTE-3-1024x770.jpeg 1024w, https:\/\/elpueblonoticia.com.ar\/web\/wp-content\/uploads\/2025\/10\/SOMOS-ARTE-3-768x578.jpeg 768w, https:\/\/elpueblonoticia.com.ar\/web\/wp-content\/uploads\/2025\/10\/SOMOS-ARTE-3-558x420.jpeg 558w, https:\/\/elpueblonoticia.com.ar\/web\/wp-content\/uploads\/2025\/10\/SOMOS-ARTE-3-80x60.jpeg 80w, https:\/\/elpueblonoticia.com.ar\/web\/wp-content\/uploads\/2025\/10\/SOMOS-ARTE-3-696x524.jpeg 696w, https:\/\/elpueblonoticia.com.ar\/web\/wp-content\/uploads\/2025\/10\/SOMOS-ARTE-3-1068x804.jpeg 1068w, https:\/\/elpueblonoticia.com.ar\/web\/wp-content\/uploads\/2025\/10\/SOMOS-ARTE-3.jpeg 1280w\" sizes=\"auto, (max-width: 300px) 100vw, 300px\" \/><\/p>\n<p class=\"x_MsoNormal\" data-olk-copy-source=\"MessageBody\">Del lunes 20 al viernes 24 de octubre, el Instituto Santa Teresa de Jes\u00fas invita a toda la comunidad a disfrutar de una nueva edici\u00f3n de su tradicional muestra anual \u201cSomos Arte&#8230; Goya en Colores\u201d, una propuesta que celebra la creatividad, la expresi\u00f3n y el talento de sus estudiantes en las distintas disciplinas art\u00edsticas.<\/p>\n<p class=\"x_MsoNormal\">La apertura oficial ser\u00e1 el lunes 20 de octubre a las 9.30 horas, con un colorido desfile en la plaza, donde los alumnos desplegar\u00e1n toda su alegr\u00eda y energ\u00eda en un encuentro lleno de m\u00fasica, movimiento y entusiasmo. Desde la organizaci\u00f3n se invita a los asistentes a participar con gorras, porras, silbatos y mucho esp\u00edritu festivo, para acompa\u00f1ar el inicio de una semana dedicada \u00edntegramente al arte.<\/p>\n<p class=\"x_MsoNormal\">El martes 21 se realizar\u00e1 la apertura de la muestra de Artes Visuales y la muestra Fotogr\u00e1fica, donde se podr\u00e1n apreciar las producciones realizadas durante el a\u00f1o en las distintas \u00e1reas pl\u00e1sticas, con tem\u00e1ticas que reflejan la mirada y sensibilidad de los j\u00f3venes artistas del Instituto.<\/p>\n<p class=\"x_MsoNormal\">El mi\u00e9rcoles 22 ser\u00e1 el turno del Festival de Teatro, una jornada en la que los estudiantes demostrar\u00e1n su talento esc\u00e9nico a trav\u00e9s de puestas en escena que combinan humor, reflexi\u00f3n y creatividad, reafirmando el valor del arte dram\u00e1tico como herramienta de aprendizaje y expresi\u00f3n.<\/p>\n<p class=\"x_MsoNormal\">Finalmente, el viernes 24 a las 21 horas, el p\u00fablico podr\u00e1 disfrutar del esperado Caf\u00e9 Concert, un espect\u00e1culo que reunir\u00e1 m\u00fasica, teatro y danza en una noche especial para cerrar con brillo esta intensa semana art\u00edstica.<\/p>\n<p class=\"x_MsoNormal\">La muestra \u201cSomos Arte&#8230; Goya en Colores\u201d es coordinada por el \u00c1rea de Educaci\u00f3n Art\u00edstica del Instituto Santa Teresa de Jes\u00fas, y representa una oportunidad para compartir con las familias y la comunidad el trabajo y compromiso de los estudiantes y docentes que, a lo largo del a\u00f1o, hicieron del arte una forma de encuentro, aprendizaje y alegr\u00eda.<\/p>\n<p class=\"x_MsoNormal\">\n<p class=\"x_MsoNormal\">\ud83d\udcc5\u00a0Del 20 al 24 de octubre<\/p>\n<p class=\"x_MsoNormal\">\ud83d\udccd\u00a0Instituto Santa Teresa de Jes\u00fas \u2013 Goya<\/p>\n<p class=\"x_MsoNormal\">\ud83c\udfa8\u00a0\u201cSomos Arte&#8230; Goya en Colores\u201d<\/p>\n","protected":false},"excerpt":{"rendered":"<p>Del lunes 20 al viernes 24 de octubre, el Instituto Santa Teresa de Jes\u00fas invita a toda la comunidad a disfrutar de una nueva edici\u00f3n de su tradicional muestra anual \u201cSomos Arte&#8230; Goya en Colores\u201d, una propuesta que celebra la creatividad, la expresi\u00f3n y el talento de sus estudiantes en las distintas disciplinas art\u00edsticas. La [&hellip;]<\/p>\n","protected":false},"author":2,"featured_media":1963,"comment_status":"open","ping_status":"open","sticky":false,"template":"","format":"standard","meta":{"footnotes":""},"categories":[56],"tags":[],"class_list":{"0":"post-1961","1":"post","2":"type-post","3":"status-publish","4":"format-standard","5":"has-post-thumbnail","7":"category-locales"},"_links":{"self":[{"href":"https:\/\/elpueblonoticia.com.ar\/web\/wp-json\/wp\/v2\/posts\/1961","targetHints":{"allow":["GET"]}}],"collection":[{"href":"https:\/\/elpueblonoticia.com.ar\/web\/wp-json\/wp\/v2\/posts"}],"about":[{"href":"https:\/\/elpueblonoticia.com.ar\/web\/wp-json\/wp\/v2\/types\/post"}],"author":[{"embeddable":true,"href":"https:\/\/elpueblonoticia.com.ar\/web\/wp-json\/wp\/v2\/users\/2"}],"replies":[{"embeddable":true,"href":"https:\/\/elpueblonoticia.com.ar\/web\/wp-json\/wp\/v2\/comments?post=1961"}],"version-history":[{"count":0,"href":"https:\/\/elpueblonoticia.com.ar\/web\/wp-json\/wp\/v2\/posts\/1961\/revisions"}],"wp:featuredmedia":[{"embeddable":true,"href":"https:\/\/elpueblonoticia.com.ar\/web\/wp-json\/wp\/v2\/media\/1963"}],"wp:attachment":[{"href":"https:\/\/elpueblonoticia.com.ar\/web\/wp-json\/wp\/v2\/media?parent=1961"}],"wp:term":[{"taxonomy":"category","embeddable":true,"href":"https:\/\/elpueblonoticia.com.ar\/web\/wp-json\/wp\/v2\/categories?post=1961"},{"taxonomy":"post_tag","embeddable":true,"href":"https:\/\/elpueblonoticia.com.ar\/web\/wp-json\/wp\/v2\/tags?post=1961"}],"curies":[{"name":"wp","href":"https:\/\/api.w.org\/{rel}","templated":true}]}}