{"id":1922,"date":"2025-10-16T11:23:41","date_gmt":"2025-10-16T14:23:41","guid":{"rendered":"https:\/\/elpueblonoticia.com.ar\/web\/?p=1922"},"modified":"2025-10-16T11:23:41","modified_gmt":"2025-10-16T14:23:41","slug":"hoy-jueves-16-el-obispo-diocesano-monsenor-adolfo-canecin-oficiara-misa-en-el-parador-del-cura-brochero","status":"publish","type":"post","link":"https:\/\/elpueblonoticia.com.ar\/web\/2025\/10\/16\/hoy-jueves-16-el-obispo-diocesano-monsenor-adolfo-canecin-oficiara-misa-en-el-parador-del-cura-brochero\/","title":{"rendered":"HOY JUEVES 16 el obispo Diocesano monse\u00f1or Adolfo Canecin oficiar\u00e1 misa en el parador del cura Brochero"},"content":{"rendered":"<p>&nbsp;<\/p>\n<p><img loading=\"lazy\" decoding=\"async\" class=\"alignnone size-medium wp-image-1923\" src=\"https:\/\/elpueblonoticia.com.ar\/web\/wp-content\/uploads\/2025\/10\/422275783_794700006036133_2485628543318302594_n-1-696x392-1-300x169.jpg\" alt=\"\" width=\"300\" height=\"169\" srcset=\"https:\/\/elpueblonoticia.com.ar\/web\/wp-content\/uploads\/2025\/10\/422275783_794700006036133_2485628543318302594_n-1-696x392-1-300x169.jpg 300w, https:\/\/elpueblonoticia.com.ar\/web\/wp-content\/uploads\/2025\/10\/422275783_794700006036133_2485628543318302594_n-1-696x392-1.jpg 696w\" sizes=\"auto, (max-width: 300px) 100vw, 300px\" \/><\/p>\n<p>HOy JUEVES 16 de octubre: Misa al Cura Brochero en el Parador<\/p>\n<p>SER\u00c1 PRESIDIDA POR EL OBISPO DIOCESANO MONSE\u00d1OR ADOLFO CANECIN<\/p>\n<p>El grupo Brocheriano de Goya invita a toda la comunidad a la santa misa que se realizar\u00e1 el jueves 16 de octubre al Santo Cura Brochero por los 9 a\u00f1os de canonizaci\u00f3n del primer Santo Argentino, que naci\u00f3, vivi\u00f3 y muri\u00f3 en su tierra natal.<\/p>\n<p>El lugar de encuentro ser\u00e1 en el Parador \u201cCura Brochero\u201d ubicado sobre Ruta Provincial N\u00b0 27. Est\u00e1n todos invitados a las 20 horas para la misa que ser\u00e1 presidida por Monse\u00f1or Adolfo Canec\u00edn. Se solicita traer silletas.<\/p>\n<p>El objetivo del encuentro y celebraci\u00f3n lit\u00fargica es recordar a este hombre santo que realiz\u00f3 su tarea evangelizadora en Traslasierra, C\u00f3rdoba, pero que tambi\u00e9n realiz\u00f3 m\u00faltiples tareas sociales con que benefici\u00f3 a la poblaci\u00f3n de esa \u00e9poca.<\/p>\n<p>Brochero naci\u00f3 en Carreta Quemada, \u00a0cerca de Santa Rosa del R\u00edo Primero en C\u00f3rdoba, pero al llegar al Curato de San Alberto se hizo un serrano m\u00e1s.<\/p>\n<figure class=\"wp-block-image size-large\"><\/figure>\n","protected":false},"excerpt":{"rendered":"<p>&nbsp; HOy JUEVES 16 de octubre: Misa al Cura Brochero en el Parador SER\u00c1 PRESIDIDA POR EL OBISPO DIOCESANO MONSE\u00d1OR ADOLFO CANECIN El grupo Brocheriano de Goya invita a toda la comunidad a la santa misa que se realizar\u00e1 el jueves 16 de octubre al Santo Cura Brochero por los 9 a\u00f1os de canonizaci\u00f3n del [&hellip;]<\/p>\n","protected":false},"author":2,"featured_media":1924,"comment_status":"open","ping_status":"open","sticky":false,"template":"","format":"standard","meta":{"footnotes":""},"categories":[56],"tags":[],"class_list":{"0":"post-1922","1":"post","2":"type-post","3":"status-publish","4":"format-standard","5":"has-post-thumbnail","7":"category-locales"},"_links":{"self":[{"href":"https:\/\/elpueblonoticia.com.ar\/web\/wp-json\/wp\/v2\/posts\/1922","targetHints":{"allow":["GET"]}}],"collection":[{"href":"https:\/\/elpueblonoticia.com.ar\/web\/wp-json\/wp\/v2\/posts"}],"about":[{"href":"https:\/\/elpueblonoticia.com.ar\/web\/wp-json\/wp\/v2\/types\/post"}],"author":[{"embeddable":true,"href":"https:\/\/elpueblonoticia.com.ar\/web\/wp-json\/wp\/v2\/users\/2"}],"replies":[{"embeddable":true,"href":"https:\/\/elpueblonoticia.com.ar\/web\/wp-json\/wp\/v2\/comments?post=1922"}],"version-history":[{"count":0,"href":"https:\/\/elpueblonoticia.com.ar\/web\/wp-json\/wp\/v2\/posts\/1922\/revisions"}],"wp:featuredmedia":[{"embeddable":true,"href":"https:\/\/elpueblonoticia.com.ar\/web\/wp-json\/wp\/v2\/media\/1924"}],"wp:attachment":[{"href":"https:\/\/elpueblonoticia.com.ar\/web\/wp-json\/wp\/v2\/media?parent=1922"}],"wp:term":[{"taxonomy":"category","embeddable":true,"href":"https:\/\/elpueblonoticia.com.ar\/web\/wp-json\/wp\/v2\/categories?post=1922"},{"taxonomy":"post_tag","embeddable":true,"href":"https:\/\/elpueblonoticia.com.ar\/web\/wp-json\/wp\/v2\/tags?post=1922"}],"curies":[{"name":"wp","href":"https:\/\/api.w.org\/{rel}","templated":true}]}}