{"id":1884,"date":"2025-10-16T10:02:27","date_gmt":"2025-10-16T13:02:27","guid":{"rendered":"https:\/\/elpueblonoticia.com.ar\/web\/?p=1884"},"modified":"2025-10-16T10:02:27","modified_gmt":"2025-10-16T13:02:27","slug":"mes-de-la-plena-inclusion-2","status":"publish","type":"post","link":"https:\/\/elpueblonoticia.com.ar\/web\/2025\/10\/16\/mes-de-la-plena-inclusion-2\/","title":{"rendered":"MES DE LA PLENA INCLUSI\u00d3N"},"content":{"rendered":"<p data-olk-copy-source=\"MessageBody\"><img loading=\"lazy\" decoding=\"async\" class=\"alignnone size-medium wp-image-1886\" src=\"https:\/\/elpueblonoticia.com.ar\/web\/wp-content\/uploads\/2025\/10\/plena-inclusion-charla-educacion-domiciliara-2-225x300.jpg\" alt=\"\" width=\"225\" height=\"300\" srcset=\"https:\/\/elpueblonoticia.com.ar\/web\/wp-content\/uploads\/2025\/10\/plena-inclusion-charla-educacion-domiciliara-2-225x300.jpg 225w, https:\/\/elpueblonoticia.com.ar\/web\/wp-content\/uploads\/2025\/10\/plena-inclusion-charla-educacion-domiciliara-2-768x1024.jpg 768w, https:\/\/elpueblonoticia.com.ar\/web\/wp-content\/uploads\/2025\/10\/plena-inclusion-charla-educacion-domiciliara-2-315x420.jpg 315w, https:\/\/elpueblonoticia.com.ar\/web\/wp-content\/uploads\/2025\/10\/plena-inclusion-charla-educacion-domiciliara-2-696x928.jpg 696w, https:\/\/elpueblonoticia.com.ar\/web\/wp-content\/uploads\/2025\/10\/plena-inclusion-charla-educacion-domiciliara-2.jpg 960w\" sizes=\"auto, (max-width: 225px) 100vw, 225px\" \/><\/p>\n<p class=\"x_MsoNormal\" data-olk-copy-source=\"MessageBody\">ESCUELA DOMICILIARIA Y HOSPITALARIA<\/p>\n<p class=\"x_MsoNormal\" aria-hidden=\"true\">\n<p class=\"x_MsoNormal\">En la continuidad del programa elaborado para socializar las actividades, acciones de instituciones educativas y terap\u00e9uticas, en la tarde del mi\u00e9rcoles, en Casa de la Cultura se present\u00f3 la educaci\u00f3n en \u00e1mbitos no convencionales, a trav\u00e9s de la Escuela Domiciliaria y Hospitalaria.<\/p>\n<p class=\"x_MsoNormal\" aria-hidden=\"true\">\n<p class=\"x_MsoNormal\">La Coordinadora de Discapacidad Profesora Liza Kamerichs acompa\u00f1\u00f3 la charla llevada adelante por los responsables del programa y docentes que dan las clases en estos espacios afirmando que la educaci\u00f3n es un derecho destinado a toda la poblaci\u00f3n, m\u00e1s all\u00e1 de cada circunstancia especial o particular por la que transitan.<\/p>\n<p class=\"x_MsoNormal\">Julio Oliver e Ilva Esquivel junto al equipo docente de este programa explicaron de una manera sencilla, din\u00e1mica y did\u00e1ctica para los presentes las normativas y particularidades de la Educaci\u00f3n Domiciliaria y Hospitalaria.<\/p>\n<p class=\"x_MsoNormal\" aria-hidden=\"true\">\n<p class=\"x_MsoNormal\">PR\u00d3XIMAS ACTIVIDADES<\/p>\n<p class=\"x_MsoNormal\" aria-hidden=\"true\">\n<p class=\"x_MsoNormal\">\u201cINCLUSIONARTE\u201d este jueves 16 desde las 9 horas en la Estacion de los Ni\u00f1os, un espacio para el juego, la recreaci\u00f3n desplegada por las escuelas municipales Antonio R Villarreal; Nuestra Se\u00f1ora de Itat\u00ed, de Artes Pl\u00e1sticas ITG dependientes de la Secretar\u00eda de Educaci\u00f3n de la Municipalidad de Goya<\/p>\n<p class=\"x_MsoNormal\" aria-hidden=\"true\">\n<p class=\"x_MsoNormal\">El viernes 17 en los dos turnos de la Escuela Especial N\u00famero 2 John Kennedy, en el renovado edificio escolar llevar\u00e1n adelante una jornada recreativa en los horarios de 9 a 11 y de 14 y 30 a 16 y 30 horas.<\/p>\n","protected":false},"excerpt":{"rendered":"<p>ESCUELA DOMICILIARIA Y HOSPITALARIA En la continuidad del programa elaborado para socializar las actividades, acciones de instituciones educativas y terap\u00e9uticas, en la tarde del mi\u00e9rcoles, en Casa de la Cultura se present\u00f3 la educaci\u00f3n en \u00e1mbitos no convencionales, a trav\u00e9s de la Escuela Domiciliaria y Hospitalaria. La Coordinadora de Discapacidad Profesora Liza Kamerichs acompa\u00f1\u00f3 la [&hellip;]<\/p>\n","protected":false},"author":2,"featured_media":1885,"comment_status":"open","ping_status":"open","sticky":false,"template":"","format":"standard","meta":{"footnotes":""},"categories":[78],"tags":[],"class_list":{"0":"post-1884","1":"post","2":"type-post","3":"status-publish","4":"format-standard","5":"has-post-thumbnail","7":"category-generales"},"_links":{"self":[{"href":"https:\/\/elpueblonoticia.com.ar\/web\/wp-json\/wp\/v2\/posts\/1884","targetHints":{"allow":["GET"]}}],"collection":[{"href":"https:\/\/elpueblonoticia.com.ar\/web\/wp-json\/wp\/v2\/posts"}],"about":[{"href":"https:\/\/elpueblonoticia.com.ar\/web\/wp-json\/wp\/v2\/types\/post"}],"author":[{"embeddable":true,"href":"https:\/\/elpueblonoticia.com.ar\/web\/wp-json\/wp\/v2\/users\/2"}],"replies":[{"embeddable":true,"href":"https:\/\/elpueblonoticia.com.ar\/web\/wp-json\/wp\/v2\/comments?post=1884"}],"version-history":[{"count":0,"href":"https:\/\/elpueblonoticia.com.ar\/web\/wp-json\/wp\/v2\/posts\/1884\/revisions"}],"wp:featuredmedia":[{"embeddable":true,"href":"https:\/\/elpueblonoticia.com.ar\/web\/wp-json\/wp\/v2\/media\/1885"}],"wp:attachment":[{"href":"https:\/\/elpueblonoticia.com.ar\/web\/wp-json\/wp\/v2\/media?parent=1884"}],"wp:term":[{"taxonomy":"category","embeddable":true,"href":"https:\/\/elpueblonoticia.com.ar\/web\/wp-json\/wp\/v2\/categories?post=1884"},{"taxonomy":"post_tag","embeddable":true,"href":"https:\/\/elpueblonoticia.com.ar\/web\/wp-json\/wp\/v2\/tags?post=1884"}],"curies":[{"name":"wp","href":"https:\/\/api.w.org\/{rel}","templated":true}]}}