{"id":1874,"date":"2025-10-16T09:19:54","date_gmt":"2025-10-16T12:19:54","guid":{"rendered":"https:\/\/elpueblonoticia.com.ar\/web\/?p=1874"},"modified":"2025-10-16T09:19:54","modified_gmt":"2025-10-16T12:19:54","slug":"se-prepara-para-la-quinta-expo-ambiente-con-foco-en-proyectos-educativos-y-reciclaje","status":"publish","type":"post","link":"https:\/\/elpueblonoticia.com.ar\/web\/2025\/10\/16\/se-prepara-para-la-quinta-expo-ambiente-con-foco-en-proyectos-educativos-y-reciclaje\/","title":{"rendered":"SE PREPARA PARA LA QUINTA EXPO AMBIENTE CON FOCO EN PROYECTOS EDUCATIVOS Y RECICLAJE"},"content":{"rendered":"<p class=\"x_MsoNormal\" data-olk-copy-source=\"MessageBody\">Direcci\u00f3n de Recursos Naturales<\/p>\n<p class=\"x_MsoNormal\" data-olk-copy-source=\"MessageBody\">El 29 de octubre, Costa Surub\u00ed ser\u00e1 sede de la Quinta Expo Ambiente, un evento que reunir\u00e1 proyectos ambientales y actividades para toda la comunidad. La directora de Recursos Naturales destac\u00f3 que, como cada a\u00f1o, se premiar\u00e1n los mejores proyectos, incluyendo el concurso &#8220;Botellas de Amor&#8221;.<\/p>\n<p class=\"x_MsoNormal\" aria-hidden=\"true\">\n<p class=\"x_MsoNormal\">Este a\u00f1o, la Expo ampl\u00eda su alcance al Nivel Secundario, sum\u00e1ndose al Primario. Se ofrecer\u00e1n muestras de t\u00edteres, charlas sobre separaci\u00f3n de residuos y demostraciones sobre el trabajo en el Vertedero Municipal para concientizar sobre la importancia del reciclaje. Adem\u00e1s, se exhibir\u00e1n juegos hechos con material reciclado.<\/p>\n<p class=\"x_MsoNormal\">El concurso &#8220;Botellas de Amor&#8221; tendr\u00e1 categor\u00edas tanto para instituciones educativas como para particulares, reconociendo el esfuerzo de familias y vecinos en esta iniciativa.<\/p>\n<p class=\"x_MsoNormal\" aria-hidden=\"true\">\n<p class=\"x_MsoNormal\">LA EXPO AMBIENTE<\/p>\n<p class=\"x_MsoNormal\">Sobre la organizaci\u00f3n de la Expo Ambiente, la directora de Recursos Naturales, Adriana G\u00f3mez Arizaga coment\u00f3: \u201cVamos a estar durante todo el d\u00eda, como lo hacemos todos los a\u00f1os. Se muestran proyectos, con el mismo sistema de premiaci\u00f3n. Dentro de la Expo, haremos el concurso \u201cBotellas de Amor\u201d. \u201cOptamos por hacerlo as\u00ed, porque son muchas las escuelas que participan y es una \u00e9poca del a\u00f1o un poco complicada y no queremos sobrecargar a los docentes que est\u00e1n en plena \u00e9poca de ex\u00e1menes. \u201cEllos van, participan algunos dentro de la Expo, -continu\u00f3- \u00a0mostrando sus proyectos relacionados siempre con el medio ambiente, junto con el proyecto \u201cBotellas de Amor\u201d en esta edici\u00f3n contaremos con muestras de t\u00edteres, una por la ma\u00f1ana y otra por la tarde, es abierto a toda la comunidad, pueden venir todos los que quieran, tambi\u00e9n est\u00e1 destinada a todas las instituciones educativas, m\u00e1s all\u00e1 de que participen o no de la Expo, pueden ir a presenciar, observar esa muestra de t\u00edteres y de todas las actividades de la Expo que habr\u00e1 en el sector de juegos, todo lo hecho con material reciclado, pueden ir y les podemos mostrar c\u00f3mo se hace.\u201d<\/p>\n<p class=\"x_MsoNormal\">\u201cTendremos charlas sobre separaci\u00f3n de residuos-detall\u00f3 la Directora Municipal- asimismo, mostraremos c\u00f3mo se hizo el trabajo dentro del Vertedero Municipal para lograr mayor conciencia sobre la necesidad de separar los residuos en cada domicilio, para que lleguen al Vertedero\u201d.<\/p>\n<p class=\"x_MsoNormal\" aria-hidden=\"true\">\n<p class=\"x_MsoNormal\">PREMIACI\u00d3N DE LA EXPO AMBIENTE Y BOTELLAS DE AMOR<\/p>\n<p class=\"x_MsoNormal\">\u201cAl final de la Expo Ambiente, se har\u00e1 la premiaci\u00f3n, tanto de lo que es Botellas de Amor y de lo que es la Expo Ambiente, siempre se evaluar\u00e1, por nivel, y se premiar\u00e1 al mejor proyecto.<\/p>\n<p class=\"x_MsoNormal\">\u201cEl a\u00f1o pasado la Expo era solamente hasta el Nivel Primario y este a\u00f1o se ampli\u00f3 hasta el Nivel Secundario\u201d, detall\u00f3 Adriana G\u00f3mez Arizaga.<\/p>\n<p class=\"x_MsoNormal\" aria-hidden=\"true\">\n<p class=\"x_MsoNormal\">\u201cLa Expo Ambiente est\u00e1 dirigida al Nivel Educativo. Los proyectos que fueron hechos para la Feria de ciencias con tem\u00e1ticas ambientales pueden presentarse. Pero respecto a \u201cBotellas de Amor\u201d, hay una categor\u00eda que es solo para instituciones y hay otras categor\u00edas que son abiertas a toda la comunidad, porque de hecho lo que m\u00e1s tenemos son vecinos individuales, casas particulares que vienen haciendo su Botella de Amor\u201d y para ellos hay una categor\u00eda abierta, donde puede ir todo el grupo familiar o una persona que viva sola\u201d, coment\u00f3.<\/p>\n<p class=\"x_MsoNormal\">La Expo Ambiente invita a toda la comunidad a participar y aprender sobre el cuidado del medio ambiente.<\/p>\n<p class=\"x_MsoNormal\" aria-hidden=\"true\">\n","protected":false},"excerpt":{"rendered":"<p>Direcci\u00f3n de Recursos Naturales El 29 de octubre, Costa Surub\u00ed ser\u00e1 sede de la Quinta Expo Ambiente, un evento que reunir\u00e1 proyectos ambientales y actividades para toda la comunidad. La directora de Recursos Naturales destac\u00f3 que, como cada a\u00f1o, se premiar\u00e1n los mejores proyectos, incluyendo el concurso &#8220;Botellas de Amor&#8221;. Este a\u00f1o, la Expo ampl\u00eda [&hellip;]<\/p>\n","protected":false},"author":2,"featured_media":1875,"comment_status":"open","ping_status":"open","sticky":false,"template":"","format":"standard","meta":{"footnotes":""},"categories":[78],"tags":[],"class_list":{"0":"post-1874","1":"post","2":"type-post","3":"status-publish","4":"format-standard","5":"has-post-thumbnail","7":"category-generales"},"_links":{"self":[{"href":"https:\/\/elpueblonoticia.com.ar\/web\/wp-json\/wp\/v2\/posts\/1874","targetHints":{"allow":["GET"]}}],"collection":[{"href":"https:\/\/elpueblonoticia.com.ar\/web\/wp-json\/wp\/v2\/posts"}],"about":[{"href":"https:\/\/elpueblonoticia.com.ar\/web\/wp-json\/wp\/v2\/types\/post"}],"author":[{"embeddable":true,"href":"https:\/\/elpueblonoticia.com.ar\/web\/wp-json\/wp\/v2\/users\/2"}],"replies":[{"embeddable":true,"href":"https:\/\/elpueblonoticia.com.ar\/web\/wp-json\/wp\/v2\/comments?post=1874"}],"version-history":[{"count":0,"href":"https:\/\/elpueblonoticia.com.ar\/web\/wp-json\/wp\/v2\/posts\/1874\/revisions"}],"wp:featuredmedia":[{"embeddable":true,"href":"https:\/\/elpueblonoticia.com.ar\/web\/wp-json\/wp\/v2\/media\/1875"}],"wp:attachment":[{"href":"https:\/\/elpueblonoticia.com.ar\/web\/wp-json\/wp\/v2\/media?parent=1874"}],"wp:term":[{"taxonomy":"category","embeddable":true,"href":"https:\/\/elpueblonoticia.com.ar\/web\/wp-json\/wp\/v2\/categories?post=1874"},{"taxonomy":"post_tag","embeddable":true,"href":"https:\/\/elpueblonoticia.com.ar\/web\/wp-json\/wp\/v2\/tags?post=1874"}],"curies":[{"name":"wp","href":"https:\/\/api.w.org\/{rel}","templated":true}]}}