{"id":1869,"date":"2025-10-16T08:26:38","date_gmt":"2025-10-16T11:26:38","guid":{"rendered":"https:\/\/elpueblonoticia.com.ar\/web\/?p=1869"},"modified":"2025-10-16T08:26:38","modified_gmt":"2025-10-16T11:26:38","slug":"goya-rock-2025","status":"publish","type":"post","link":"https:\/\/elpueblonoticia.com.ar\/web\/2025\/10\/16\/goya-rock-2025\/","title":{"rendered":"GOYA ROCK 2025"},"content":{"rendered":"<p data-olk-copy-source=\"MessageBody\"><img loading=\"lazy\" decoding=\"async\" class=\"alignnone size-medium wp-image-1871\" src=\"https:\/\/elpueblonoticia.com.ar\/web\/wp-content\/uploads\/2025\/10\/Goya-Rock-Grilla-Flyr-2-domingo-240x300.jpg\" alt=\"\" width=\"240\" height=\"300\" srcset=\"https:\/\/elpueblonoticia.com.ar\/web\/wp-content\/uploads\/2025\/10\/Goya-Rock-Grilla-Flyr-2-domingo-240x300.jpg 240w, https:\/\/elpueblonoticia.com.ar\/web\/wp-content\/uploads\/2025\/10\/Goya-Rock-Grilla-Flyr-2-domingo-819x1024.jpg 819w, https:\/\/elpueblonoticia.com.ar\/web\/wp-content\/uploads\/2025\/10\/Goya-Rock-Grilla-Flyr-2-domingo-768x960.jpg 768w, https:\/\/elpueblonoticia.com.ar\/web\/wp-content\/uploads\/2025\/10\/Goya-Rock-Grilla-Flyr-2-domingo-336x420.jpg 336w, https:\/\/elpueblonoticia.com.ar\/web\/wp-content\/uploads\/2025\/10\/Goya-Rock-Grilla-Flyr-2-domingo-696x870.jpg 696w, https:\/\/elpueblonoticia.com.ar\/web\/wp-content\/uploads\/2025\/10\/Goya-Rock-Grilla-Flyr-2-domingo-1068x1335.jpg 1068w, https:\/\/elpueblonoticia.com.ar\/web\/wp-content\/uploads\/2025\/10\/Goya-Rock-Grilla-Flyr-2-domingo.jpg 1080w\" sizes=\"auto, (max-width: 240px) 100vw, 240px\" \/><\/p>\n<p class=\"x_MsoNormal\" data-olk-copy-source=\"MessageBody\">El escenario de la Costanera Norte, Playa El Inga ser\u00e1 el lugar para la convocatoria de las bandas emergentes y consagradas durante este fin de semana en una nueva edici\u00f3n del Goya Rock.<\/p>\n<p class=\"x_MsoNormal\">Durante los d\u00edas s\u00e1bado y domingo se podr\u00e1 disfrutar de este g\u00e9nero musical, donde el p\u00fablico podr\u00e1 disfrutar de tributos a bandas del rock nacional interpretadas por los artistas que ser\u00e1n parte de esta propuesta art\u00edstica musical, a modo de ejemplo se puede se\u00f1alar tributos a Soda Stereo, Divididos y Patricio Rey y Sus Redonditos de Ricota entre otros, algo de heavy, rock ac\u00fastico, balada en la diversidad de ofertas preparada para el encuentro del fin de semana.<\/p>\n<p class=\"x_MsoNormal\">Con entrada libre y gratuita ambas jornadas de rock dar\u00e1n inicio a partir de las 17 horas.<\/p>\n<p class=\"x_MsoNormal\" aria-hidden=\"true\">\n<p class=\"x_MsoNormal\">S\u00c1BADO 18:<\/p>\n<p class=\"x_MsoNormal\">En la primera jornada estar\u00e1n present\u00e1ndose las siguientes bandas: Joako Urdapilleta; Trifulca; RockSal (Banda integrada por mujeres); Sue\u00f1ero; C\u00f3digo QR; Okupas; Los Dangers; Perkin6; La Filipina; Err\u00e1tico; 40 Dibujos y No te Rindas.<\/p>\n<p class=\"x_MsoNormal\" aria-hidden=\"true\">\n<p class=\"x_MsoNormal\">DOMINGO 19:<\/p>\n<p class=\"x_MsoNormal\">Para el d\u00eda final del Goya Rock, estar\u00e1n actuando las siguientes Bandas: Contu; Per C\u00e1pita; Genaro Fermoriarti Piscis; Donde Esta Panthro?; Alto Mambo; Puede Sergio; SuperLuna (de Corrientes); Tres Sodas; The Shadow Of The Order y Necr\u00f3faga.<\/p>\n<p class=\"x_MsoNormal\">La ciudad sentir\u00e1 y vibrar\u00e1 al ritmo de este g\u00e9nero, con entrada libre y gratuita en Costanera Norte s\u00e1bado y domingo desde las 17 horas con el \u201cGoya Rock\u201d 2025.<\/p>\n","protected":false},"excerpt":{"rendered":"<p>El escenario de la Costanera Norte, Playa El Inga ser\u00e1 el lugar para la convocatoria de las bandas emergentes y consagradas durante este fin de semana en una nueva edici\u00f3n del Goya Rock. Durante los d\u00edas s\u00e1bado y domingo se podr\u00e1 disfrutar de este g\u00e9nero musical, donde el p\u00fablico podr\u00e1 disfrutar de tributos a bandas [&hellip;]<\/p>\n","protected":false},"author":2,"featured_media":1870,"comment_status":"open","ping_status":"open","sticky":false,"template":"","format":"standard","meta":{"footnotes":""},"categories":[56],"tags":[],"class_list":{"0":"post-1869","1":"post","2":"type-post","3":"status-publish","4":"format-standard","5":"has-post-thumbnail","7":"category-locales"},"_links":{"self":[{"href":"https:\/\/elpueblonoticia.com.ar\/web\/wp-json\/wp\/v2\/posts\/1869","targetHints":{"allow":["GET"]}}],"collection":[{"href":"https:\/\/elpueblonoticia.com.ar\/web\/wp-json\/wp\/v2\/posts"}],"about":[{"href":"https:\/\/elpueblonoticia.com.ar\/web\/wp-json\/wp\/v2\/types\/post"}],"author":[{"embeddable":true,"href":"https:\/\/elpueblonoticia.com.ar\/web\/wp-json\/wp\/v2\/users\/2"}],"replies":[{"embeddable":true,"href":"https:\/\/elpueblonoticia.com.ar\/web\/wp-json\/wp\/v2\/comments?post=1869"}],"version-history":[{"count":0,"href":"https:\/\/elpueblonoticia.com.ar\/web\/wp-json\/wp\/v2\/posts\/1869\/revisions"}],"wp:featuredmedia":[{"embeddable":true,"href":"https:\/\/elpueblonoticia.com.ar\/web\/wp-json\/wp\/v2\/media\/1870"}],"wp:attachment":[{"href":"https:\/\/elpueblonoticia.com.ar\/web\/wp-json\/wp\/v2\/media?parent=1869"}],"wp:term":[{"taxonomy":"category","embeddable":true,"href":"https:\/\/elpueblonoticia.com.ar\/web\/wp-json\/wp\/v2\/categories?post=1869"},{"taxonomy":"post_tag","embeddable":true,"href":"https:\/\/elpueblonoticia.com.ar\/web\/wp-json\/wp\/v2\/tags?post=1869"}],"curies":[{"name":"wp","href":"https:\/\/api.w.org\/{rel}","templated":true}]}}