{"id":1841,"date":"2025-10-16T07:28:47","date_gmt":"2025-10-16T10:28:47","guid":{"rendered":"https:\/\/elpueblonoticia.com.ar\/web\/?p=1841"},"modified":"2025-10-16T07:28:47","modified_gmt":"2025-10-16T10:28:47","slug":"9-de-noviembre-de-1791-reunion-de-intendentes-de-goya","status":"publish","type":"post","link":"https:\/\/elpueblonoticia.com.ar\/web\/2025\/10\/16\/9-de-noviembre-de-1791-reunion-de-intendentes-de-goya\/","title":{"rendered":"9 de Noviembre de 1791:  REUNI\u00d3N DE INTENDENTES DE GOYA"},"content":{"rendered":"<p data-olk-copy-source=\"MessageBody\"><img loading=\"lazy\" decoding=\"async\" class=\"alignnone size-medium wp-image-1843\" src=\"https:\/\/elpueblonoticia.com.ar\/web\/wp-content\/uploads\/2025\/10\/REUNION-CON-EX-INTENDENTES-2-300x200.jpeg\" alt=\"\" width=\"300\" height=\"200\" srcset=\"https:\/\/elpueblonoticia.com.ar\/web\/wp-content\/uploads\/2025\/10\/REUNION-CON-EX-INTENDENTES-2-300x200.jpeg 300w, https:\/\/elpueblonoticia.com.ar\/web\/wp-content\/uploads\/2025\/10\/REUNION-CON-EX-INTENDENTES-2-1024x682.jpeg 1024w, https:\/\/elpueblonoticia.com.ar\/web\/wp-content\/uploads\/2025\/10\/REUNION-CON-EX-INTENDENTES-2-768x512.jpeg 768w, https:\/\/elpueblonoticia.com.ar\/web\/wp-content\/uploads\/2025\/10\/REUNION-CON-EX-INTENDENTES-2-1536x1023.jpeg 1536w, https:\/\/elpueblonoticia.com.ar\/web\/wp-content\/uploads\/2025\/10\/REUNION-CON-EX-INTENDENTES-2-630x420.jpeg 630w, https:\/\/elpueblonoticia.com.ar\/web\/wp-content\/uploads\/2025\/10\/REUNION-CON-EX-INTENDENTES-2-696x464.jpeg 696w, https:\/\/elpueblonoticia.com.ar\/web\/wp-content\/uploads\/2025\/10\/REUNION-CON-EX-INTENDENTES-2-1068x712.jpeg 1068w, https:\/\/elpueblonoticia.com.ar\/web\/wp-content\/uploads\/2025\/10\/REUNION-CON-EX-INTENDENTES-2.jpeg 1600w\" sizes=\"auto, (max-width: 300px) 100vw, 300px\" \/><img loading=\"lazy\" decoding=\"async\" class=\"alignnone size-medium wp-image-1844\" src=\"https:\/\/elpueblonoticia.com.ar\/web\/wp-content\/uploads\/2025\/10\/REUNION-CON-EX-INTENDENTES-3-300x200.jpeg\" alt=\"\" width=\"300\" height=\"200\" srcset=\"https:\/\/elpueblonoticia.com.ar\/web\/wp-content\/uploads\/2025\/10\/REUNION-CON-EX-INTENDENTES-3-300x200.jpeg 300w, https:\/\/elpueblonoticia.com.ar\/web\/wp-content\/uploads\/2025\/10\/REUNION-CON-EX-INTENDENTES-3-1024x682.jpeg 1024w, https:\/\/elpueblonoticia.com.ar\/web\/wp-content\/uploads\/2025\/10\/REUNION-CON-EX-INTENDENTES-3-768x512.jpeg 768w, https:\/\/elpueblonoticia.com.ar\/web\/wp-content\/uploads\/2025\/10\/REUNION-CON-EX-INTENDENTES-3-1536x1023.jpeg 1536w, https:\/\/elpueblonoticia.com.ar\/web\/wp-content\/uploads\/2025\/10\/REUNION-CON-EX-INTENDENTES-3-630x420.jpeg 630w, https:\/\/elpueblonoticia.com.ar\/web\/wp-content\/uploads\/2025\/10\/REUNION-CON-EX-INTENDENTES-3-696x464.jpeg 696w, https:\/\/elpueblonoticia.com.ar\/web\/wp-content\/uploads\/2025\/10\/REUNION-CON-EX-INTENDENTES-3-1068x712.jpeg 1068w, https:\/\/elpueblonoticia.com.ar\/web\/wp-content\/uploads\/2025\/10\/REUNION-CON-EX-INTENDENTES-3.jpeg 1600w\" sizes=\"auto, (max-width: 300px) 100vw, 300px\" \/><\/p>\n<p class=\"x_MsoNormal\" data-olk-copy-source=\"MessageBody\">En la ma\u00f1ana de este mi\u00e9rcoles el Intendente Mariano Hormaechea, recibi\u00f3 en el Sal\u00f3n de Acuerdos a ex Intendentes Municipales. Participaron del Encuentro Gerardo Urquijo, Alberto Di Filippo, Jorge Mazzaro, Gerardo Bassi, Ignacio Osella.<\/p>\n<p class=\"x_MsoNormal\">Esta reuni\u00f3n para tratar sobre la Ley Provincial 6157, que establece el 9 de Noviembre de 1791 &#8211; \u201cPrimera Radicaci\u00f3n Hist\u00f3rica de Goya\u201d. Fecha que aporta y enriquece a nuestra historia, con el objetivo de sumar a los or\u00edgenes de nuestra ciudad.<\/p>\n<p class=\"x_MsoNormal\">La importancia de la existencia de un documento oficial, firmado por el Comandante Militar Jos\u00e9 F. Palmerola en un procedimiento realizado el 9 de noviembre de 1791, donde aparece por primera vez el nombre de Goya, hall\u00e1ndose en este documento la fuente de toda legitimidad hist\u00f3rica y jur\u00eddica.<\/p>\n<p class=\"x_MsoNormal\">El Doctor Mariano Hormaechea agradeci\u00f3 la participaci\u00f3n de los presentes, destacando estos encuentros, siendo la segunda oportunidad que se realiza durante su gesti\u00f3n ( la anterior en la Feria del Libro 2023): \u201cEn lo personal es un honor recibirlos y que por segunda vez podamos reunirnos\u201d expres\u00f3 el intendente de Goya.<\/p>\n<p class=\"x_MsoNormal\">Adem\u00e1s el intendente Hormaechea manifest\u00f3 el contacto mantenido con Jorge Galarza que no pudo asistir a esta reuni\u00f3n, pero con quien convers\u00f3 telef\u00f3nicamente \u00a0sobre este tema.<\/p>\n<p class=\"x_MsoNormal\">En la continuidad de los encuentros que viene realizando el Jefe comunal de Goya, para comentar sobre la fecha y la importancia del 9 de noviembre de 1791. Estas reuniones contribuyen a fortalecer y buscar ordenar nuestra historia, donde se escuchan opiniones, con el sentimiento de reforzar el sentido de pertenencia de Goya.<\/p>\n<p class=\"x_MsoNormal\">Goya, naci\u00f3 sin bautismo, es decir no tiene acta de fundaci\u00f3n. \u201cGoya no fue fundada\u201d, de ah\u00ed la importancia de profundizar de d\u00f3nde venimos, de aquel embarcadero que fue el origen del asentamiento. A partir del resultado de la Comisi\u00f3n Investigadora, integrada por los Doctores Walter Ernesto Grosse, Virgilio Acosta y la Profesora Margarita Foganttini, quienes gracias al aporte de muchas otras personas e instituciones lograron la identificaci\u00f3n del documento mencionado, que se encuentra en el Archivo Hist\u00f3rico de la Naci\u00f3n. Podemos expresar y asegurar con esta fecha testimonial, que certifica la existencia de nuestra ciudad desde hace 234 a\u00f1os.<\/p>\n","protected":false},"excerpt":{"rendered":"<p>En la ma\u00f1ana de este mi\u00e9rcoles el Intendente Mariano Hormaechea, recibi\u00f3 en el Sal\u00f3n de Acuerdos a ex Intendentes Municipales. Participaron del Encuentro Gerardo Urquijo, Alberto Di Filippo, Jorge Mazzaro, Gerardo Bassi, Ignacio Osella. Esta reuni\u00f3n para tratar sobre la Ley Provincial 6157, que establece el 9 de Noviembre de 1791 &#8211; \u201cPrimera Radicaci\u00f3n Hist\u00f3rica [&hellip;]<\/p>\n","protected":false},"author":2,"featured_media":1842,"comment_status":"open","ping_status":"open","sticky":false,"template":"","format":"standard","meta":{"footnotes":""},"categories":[56],"tags":[],"class_list":{"0":"post-1841","1":"post","2":"type-post","3":"status-publish","4":"format-standard","5":"has-post-thumbnail","7":"category-locales"},"_links":{"self":[{"href":"https:\/\/elpueblonoticia.com.ar\/web\/wp-json\/wp\/v2\/posts\/1841","targetHints":{"allow":["GET"]}}],"collection":[{"href":"https:\/\/elpueblonoticia.com.ar\/web\/wp-json\/wp\/v2\/posts"}],"about":[{"href":"https:\/\/elpueblonoticia.com.ar\/web\/wp-json\/wp\/v2\/types\/post"}],"author":[{"embeddable":true,"href":"https:\/\/elpueblonoticia.com.ar\/web\/wp-json\/wp\/v2\/users\/2"}],"replies":[{"embeddable":true,"href":"https:\/\/elpueblonoticia.com.ar\/web\/wp-json\/wp\/v2\/comments?post=1841"}],"version-history":[{"count":0,"href":"https:\/\/elpueblonoticia.com.ar\/web\/wp-json\/wp\/v2\/posts\/1841\/revisions"}],"wp:featuredmedia":[{"embeddable":true,"href":"https:\/\/elpueblonoticia.com.ar\/web\/wp-json\/wp\/v2\/media\/1842"}],"wp:attachment":[{"href":"https:\/\/elpueblonoticia.com.ar\/web\/wp-json\/wp\/v2\/media?parent=1841"}],"wp:term":[{"taxonomy":"category","embeddable":true,"href":"https:\/\/elpueblonoticia.com.ar\/web\/wp-json\/wp\/v2\/categories?post=1841"},{"taxonomy":"post_tag","embeddable":true,"href":"https:\/\/elpueblonoticia.com.ar\/web\/wp-json\/wp\/v2\/tags?post=1841"}],"curies":[{"name":"wp","href":"https:\/\/api.w.org\/{rel}","templated":true}]}}