{"id":1836,"date":"2025-10-16T01:42:02","date_gmt":"2025-10-16T04:42:02","guid":{"rendered":"https:\/\/elpueblonoticia.com.ar\/web\/?p=1836"},"modified":"2025-10-16T01:45:03","modified_gmt":"2025-10-16T04:45:03","slug":"choque-fatal-entre-un-camion-y-un-auto-en-el-paraje-zorzalito","status":"publish","type":"post","link":"https:\/\/elpueblonoticia.com.ar\/web\/2025\/10\/16\/choque-fatal-entre-un-camion-y-un-auto-en-el-paraje-zorzalito\/","title":{"rendered":"Choque fatal entre un cami\u00f3n y un auto en el paraje Zorzalito"},"content":{"rendered":"<p>Un hombre de 52 a\u00f1os perdi\u00f3 la vida tras colisionar el autom\u00f3vil que conduc\u00eda con un cami\u00f3n sobre la Ruta Nacional N\u00b0 12, en jurisdicci\u00f3n de Goya. La Polic\u00eda investiga las causas del siniestro.<\/p>\n<p>En horas de la tarde de este mi\u00e9rcoles 15 de octubre, personal policial de la Comisar\u00eda de Distrito 1\u00aa de Goya intervino en un tr\u00e1gico siniestro vial ocurrido sobre la Ruta Nacional N\u00b0 12, a la altura del paraje Zorzalito.<\/p>\n<p>Seg\u00fan las primeras averiguaciones, por causas que a\u00fan se tratan de establecer, colisionaron un autom\u00f3vil Ford Fiesta, conducido por un hombre de apellido Villagra, de 52 a\u00f1os, y un cami\u00f3n Scania guiado por un ciudadano de apellido Gentile, tambi\u00e9n mayor de edad.<\/p>\n<p>Como consecuencia del fuerte impacto, el conductor del rodado menor perdi\u00f3 la vida en el lugar, pese a los intentos de asistencia. En tanto, el chofer del cami\u00f3n no habr\u00eda sufrido lesiones de consideraci\u00f3n.<\/p>\n","protected":false},"excerpt":{"rendered":"<p>Un hombre de 52 a\u00f1os perdi\u00f3 la vida tras colisionar el autom\u00f3vil que conduc\u00eda con un cami\u00f3n sobre la Ruta Nacional N\u00b0 12, en jurisdicci\u00f3n de Goya. La Polic\u00eda investiga las causas del siniestro. En horas de la tarde de este mi\u00e9rcoles 15 de octubre, personal policial de la Comisar\u00eda de Distrito 1\u00aa de Goya [&hellip;]<\/p>\n","protected":false},"author":2,"featured_media":1839,"comment_status":"open","ping_status":"open","sticky":false,"template":"","format":"standard","meta":{"footnotes":""},"categories":[68],"tags":[],"class_list":{"0":"post-1836","1":"post","2":"type-post","3":"status-publish","4":"format-standard","5":"has-post-thumbnail","7":"category-policiales-nacionales"},"_links":{"self":[{"href":"https:\/\/elpueblonoticia.com.ar\/web\/wp-json\/wp\/v2\/posts\/1836","targetHints":{"allow":["GET"]}}],"collection":[{"href":"https:\/\/elpueblonoticia.com.ar\/web\/wp-json\/wp\/v2\/posts"}],"about":[{"href":"https:\/\/elpueblonoticia.com.ar\/web\/wp-json\/wp\/v2\/types\/post"}],"author":[{"embeddable":true,"href":"https:\/\/elpueblonoticia.com.ar\/web\/wp-json\/wp\/v2\/users\/2"}],"replies":[{"embeddable":true,"href":"https:\/\/elpueblonoticia.com.ar\/web\/wp-json\/wp\/v2\/comments?post=1836"}],"version-history":[{"count":0,"href":"https:\/\/elpueblonoticia.com.ar\/web\/wp-json\/wp\/v2\/posts\/1836\/revisions"}],"wp:featuredmedia":[{"embeddable":true,"href":"https:\/\/elpueblonoticia.com.ar\/web\/wp-json\/wp\/v2\/media\/1839"}],"wp:attachment":[{"href":"https:\/\/elpueblonoticia.com.ar\/web\/wp-json\/wp\/v2\/media?parent=1836"}],"wp:term":[{"taxonomy":"category","embeddable":true,"href":"https:\/\/elpueblonoticia.com.ar\/web\/wp-json\/wp\/v2\/categories?post=1836"},{"taxonomy":"post_tag","embeddable":true,"href":"https:\/\/elpueblonoticia.com.ar\/web\/wp-json\/wp\/v2\/tags?post=1836"}],"curies":[{"name":"wp","href":"https:\/\/api.w.org\/{rel}","templated":true}]}}