{"id":1813,"date":"2025-10-15T10:38:00","date_gmt":"2025-10-15T13:38:00","guid":{"rendered":"https:\/\/elpueblonoticia.com.ar\/web\/?p=1813"},"modified":"2025-10-15T10:38:00","modified_gmt":"2025-10-15T13:38:00","slug":"en-noviembre-goya-te-invita-al-festival-de-la-parrilla","status":"publish","type":"post","link":"https:\/\/elpueblonoticia.com.ar\/web\/2025\/10\/15\/en-noviembre-goya-te-invita-al-festival-de-la-parrilla\/","title":{"rendered":"En noviembre, Goya te invita al festival de la parrilla:"},"content":{"rendered":"<p data-olk-copy-source=\"MessageBody\"><img loading=\"lazy\" decoding=\"async\" class=\"alignnone size-medium wp-image-1815\" src=\"https:\/\/elpueblonoticia.com.ar\/web\/wp-content\/uploads\/2025\/10\/concurso-del-asado-2-300x212.jpeg\" alt=\"\" width=\"300\" height=\"212\" srcset=\"https:\/\/elpueblonoticia.com.ar\/web\/wp-content\/uploads\/2025\/10\/concurso-del-asado-2-300x212.jpeg 300w, https:\/\/elpueblonoticia.com.ar\/web\/wp-content\/uploads\/2025\/10\/concurso-del-asado-2-1024x724.jpeg 1024w, https:\/\/elpueblonoticia.com.ar\/web\/wp-content\/uploads\/2025\/10\/concurso-del-asado-2-768x543.jpeg 768w, https:\/\/elpueblonoticia.com.ar\/web\/wp-content\/uploads\/2025\/10\/concurso-del-asado-2-594x420.jpeg 594w, https:\/\/elpueblonoticia.com.ar\/web\/wp-content\/uploads\/2025\/10\/concurso-del-asado-2-696x492.jpeg 696w, https:\/\/elpueblonoticia.com.ar\/web\/wp-content\/uploads\/2025\/10\/concurso-del-asado-2-1068x755.jpeg 1068w, https:\/\/elpueblonoticia.com.ar\/web\/wp-content\/uploads\/2025\/10\/concurso-del-asado-2-100x70.jpeg 100w, https:\/\/elpueblonoticia.com.ar\/web\/wp-content\/uploads\/2025\/10\/concurso-del-asado-2.jpeg 1527w\" sizes=\"auto, (max-width: 300px) 100vw, 300px\" \/><img loading=\"lazy\" decoding=\"async\" class=\"alignnone size-medium wp-image-1816\" src=\"https:\/\/elpueblonoticia.com.ar\/web\/wp-content\/uploads\/2025\/10\/concurso-del-asado-3-212x300.jpeg\" alt=\"\" width=\"212\" height=\"300\" srcset=\"https:\/\/elpueblonoticia.com.ar\/web\/wp-content\/uploads\/2025\/10\/concurso-del-asado-3-212x300.jpeg 212w, https:\/\/elpueblonoticia.com.ar\/web\/wp-content\/uploads\/2025\/10\/concurso-del-asado-3-723x1024.jpeg 723w, https:\/\/elpueblonoticia.com.ar\/web\/wp-content\/uploads\/2025\/10\/concurso-del-asado-3-768x1087.jpeg 768w, https:\/\/elpueblonoticia.com.ar\/web\/wp-content\/uploads\/2025\/10\/concurso-del-asado-3-297x420.jpeg 297w, https:\/\/elpueblonoticia.com.ar\/web\/wp-content\/uploads\/2025\/10\/concurso-del-asado-3-696x985.jpeg 696w, https:\/\/elpueblonoticia.com.ar\/web\/wp-content\/uploads\/2025\/10\/concurso-del-asado-3.jpeg 904w\" sizes=\"auto, (max-width: 212px) 100vw, 212px\" \/><\/p>\n<p class=\"x_MsoNormal\" data-olk-copy-source=\"MessageBody\">EXPECTATIVA POR 5\u00b0 FESTIVAL DEL ASADO CRIOLLO Y CONCURSO DE ASADORES<\/p>\n<p class=\"x_MsoNormal\">La tradici\u00f3n del asado es una marca distintiva del pa\u00eds y en esta nueva y emocionante edici\u00f3n para los devotos de la parrilla y la carne asada, se podr\u00e1 encontrar de todo: pollos asados, choripanes, costillares, tapas de distintos cortes, matambrito, vac\u00edo. Para los que les gusta el adobo, el cl\u00e1sico chimichurri o salsa criolla hasta opciones gourmet o sin aderezos, adapt\u00e1ndose al gusto de cada paladar.<\/p>\n<p class=\"x_MsoNormal\">No te pierdas este festival de la parrilla con expo feria agro industrial, gastronom\u00eda, m\u00fasica, y el gran concurso de asadores. Los d\u00edas 7, 8 y 9 de noviembre se espera que sea una fiesta de sabores.<\/p>\n<p class=\"x_MsoNormal\">Llega el 5\u00b0 Festival del Asado Criollo para celebrar lo mejor de la cocina tradicional argentina.<\/p>\n<p class=\"x_MsoNormal\">Ese fin de semana los amantes de la parrilla podr\u00e1n disfrutar de una experiencia culinaria sin igual en Goya, Polo Gastron\u00f3mico del NEA.<\/p>\n<p class=\"x_MsoNormal\">Los tres d\u00edas que dura el evento, desde las 19 horas hasta la medianoche, los amantes de la buena mesa tradicional podr\u00e1n disfrutar de los distintos cortes de carne vacuna que los asadores podr\u00e1n degustar al gran p\u00fablico en el Predio Costa Surub\u00ed de Goya.<\/p>\n<p class=\"x_MsoNormal\">Esta edici\u00f3n promete ser mucho m\u00e1s que una simple reuni\u00f3n gastron\u00f3mica con musiqueada, se espera sea una fiesta para compartir con amigos y familias. Un verdadero fest\u00edn para todas las edades, donde se podr\u00e1 saborear lo mejor de la cocina tradicional argentina: el asado.<\/p>\n<p class=\"x_MsoNormal\">La experiencia se completar\u00e1 con una expo de artesanos, puestos de comida r\u00e1pida para los m\u00e1s chicos y foodtrucks con bebidas y tragos, con opciones para todos los presupuestos.<\/p>\n<p class=\"x_MsoNormal\">ELECCI\u00d3N DE REINA Y PRINCESAS<\/p>\n<p class=\"x_MsoNormal\">En la noche del s\u00e1bado 8 de noviembre, se coronar\u00e1 a las primeras representantes de la 5ta Edici\u00f3n del Asado Criollo.\u00a0 se avanza en el registro de candidatas. Desde la organizaci\u00f3n adelantaron que 11 concursantes ya est\u00e1n anotados para participar.<\/p>\n<p class=\"x_MsoNormal\">Durante la jornada del viernes 7 las aspirantes tendr\u00e1n su primera presencia ante el jurado, p\u00fablico y prensa.<\/p>\n<p class=\"x_MsoNormal\">La segunda pasada ser\u00e1 el d\u00eda s\u00e1bado 8 de noviembre donde quedar\u00e1n consagradas: REINA de la Fiesta del Asado Criollo y Concurso de Asadores. Tambi\u00e9n se elegir\u00e1n la Primera y Segunda Princesa de dicho festival.<\/p>\n<p class=\"x_MsoNormal\">CONCURSANTES<\/p>\n<p class=\"x_MsoNormal\">Desde la organizaci\u00f3n adelantaron que ya hay inscriptos m\u00e1s de 10 equipos para concursar en el campeonato de asadores. Estos est\u00e1n esponsoreados por barras pesqueras, comercios de la ciudad, carnicer\u00edas barriales y clubes. De igual modo se anotaron grupos de amigos. Estos est\u00e1n expectantes y con mucho entusiasmo por participar y ser parte de la experiencia.<\/p>\n<p class=\"x_MsoNormal\">Cabe se\u00f1alar que este evento est\u00e1 incluido en el calendario tur\u00edstico y circuito gastron\u00f3mico del NEA. Tiene el auspicio y apoyo de la Municipalidad de Goya y del Gobierno de la Provincia de Corrientes.<\/p>\n<p class=\"x_MsoNormal\">Las interesadas pueden asentar inscripci\u00f3n y leer bases y condiciones de este concurso de asadores al siguiente link:<\/p>\n<p class=\"x_MsoNormal\"><a title=\"https:\/\/forms.gle\/SyprSpuyh6Hdee5H8\" href=\"https:\/\/forms.gle\/SyprSpuyh6Hdee5H8\" data-auth=\"NotApplicable\" data-linkindex=\"0\">https:\/\/forms.gle\/SyprSpuyh6Hdee5H8<\/a><\/p>\n<p class=\"x_MsoNormal\">INSCRIPCIONES ABIERTAS (\u00a1GRATUITAS!)<\/p>\n<p class=\"x_MsoNormal\">Si ten\u00e9s pasi\u00f3n por el fuego y las brasas, \u00a1este es tu momento!<\/p>\n<p class=\"x_MsoNormal\">Contactos: 3777 522454 \u2013 3777 600535<\/p>\n<p class=\"x_MsoNormal\"><a title=\"mailto:asadocriollogoya@gmail.com\" href=\"mailto:asadocriollogoya@gmail.com\" data-linkindex=\"1\">asadocriollogoya@gmail.com<\/a><\/p>\n<p class=\"x_MsoNormal\">Facebook: Festival del Asado Criollo y Concurso de Asadores<\/p>\n<p class=\"x_MsoNormal\">Instagram: @festivalasador<\/p>\n<p class=\"x_MsoNormal\" aria-hidden=\"true\">\n","protected":false},"excerpt":{"rendered":"<p>EXPECTATIVA POR 5\u00b0 FESTIVAL DEL ASADO CRIOLLO Y CONCURSO DE ASADORES La tradici\u00f3n del asado es una marca distintiva del pa\u00eds y en esta nueva y emocionante edici\u00f3n para los devotos de la parrilla y la carne asada, se podr\u00e1 encontrar de todo: pollos asados, choripanes, costillares, tapas de distintos cortes, matambrito, vac\u00edo. Para los [&hellip;]<\/p>\n","protected":false},"author":2,"featured_media":1814,"comment_status":"open","ping_status":"open","sticky":false,"template":"","format":"standard","meta":{"footnotes":""},"categories":[56],"tags":[],"class_list":{"0":"post-1813","1":"post","2":"type-post","3":"status-publish","4":"format-standard","5":"has-post-thumbnail","7":"category-locales"},"_links":{"self":[{"href":"https:\/\/elpueblonoticia.com.ar\/web\/wp-json\/wp\/v2\/posts\/1813","targetHints":{"allow":["GET"]}}],"collection":[{"href":"https:\/\/elpueblonoticia.com.ar\/web\/wp-json\/wp\/v2\/posts"}],"about":[{"href":"https:\/\/elpueblonoticia.com.ar\/web\/wp-json\/wp\/v2\/types\/post"}],"author":[{"embeddable":true,"href":"https:\/\/elpueblonoticia.com.ar\/web\/wp-json\/wp\/v2\/users\/2"}],"replies":[{"embeddable":true,"href":"https:\/\/elpueblonoticia.com.ar\/web\/wp-json\/wp\/v2\/comments?post=1813"}],"version-history":[{"count":0,"href":"https:\/\/elpueblonoticia.com.ar\/web\/wp-json\/wp\/v2\/posts\/1813\/revisions"}],"wp:featuredmedia":[{"embeddable":true,"href":"https:\/\/elpueblonoticia.com.ar\/web\/wp-json\/wp\/v2\/media\/1814"}],"wp:attachment":[{"href":"https:\/\/elpueblonoticia.com.ar\/web\/wp-json\/wp\/v2\/media?parent=1813"}],"wp:term":[{"taxonomy":"category","embeddable":true,"href":"https:\/\/elpueblonoticia.com.ar\/web\/wp-json\/wp\/v2\/categories?post=1813"},{"taxonomy":"post_tag","embeddable":true,"href":"https:\/\/elpueblonoticia.com.ar\/web\/wp-json\/wp\/v2\/tags?post=1813"}],"curies":[{"name":"wp","href":"https:\/\/api.w.org\/{rel}","templated":true}]}}