{"id":1794,"date":"2025-10-14T12:44:37","date_gmt":"2025-10-14T15:44:37","guid":{"rendered":"https:\/\/elpueblonoticia.com.ar\/web\/?p=1794"},"modified":"2025-10-14T12:44:37","modified_gmt":"2025-10-14T15:44:37","slug":"valdes-pidio-que-milei-tome-la-decision-politica-para-construir-el-segundo-puente","status":"publish","type":"post","link":"https:\/\/elpueblonoticia.com.ar\/web\/2025\/10\/14\/valdes-pidio-que-milei-tome-la-decision-politica-para-construir-el-segundo-puente\/","title":{"rendered":"Vald\u00e9s pidi\u00f3 que Milei &#8220;tome la decisi\u00f3n pol\u00edtica&#8221; para construir el segundo puente"},"content":{"rendered":"<p>El gobernador de Corrientes opin\u00f3 sobre las declaraciones del presidente respecto a la construcci\u00f3n de un nuevo puente interprovincial. Adem\u00e1s, se confirm\u00f3 su viaje a Buenos Aires para la reuni\u00f3n de Provincias Unidas.<\/p>\n<p>E<strong>gobernador de Corrientes<\/strong>,\u00a0<strong>Gustavo Vald\u00e9s<\/strong>, encabez\u00f3 junto al\u00a0<strong>intendente\u00a0<\/strong>de capital,\u00a0<strong>Eduardo Tassano<\/strong>, el acto de\u00a0<strong>inauguraci\u00f3n\u00a0<\/strong>de la\u00a0<strong>plaza del Mercosur\u00a0<\/strong>en la ma\u00f1ana de este\u00a0<strong>martes<\/strong>. En el lugar,\u00a0<strong>Vald\u00e9s\u00a0<\/strong>habl\u00f3 con la\u00a0<strong>prensa\u00a0<\/strong>presente.<\/p>\n<h2 class=\"h2\">Segundo puente<\/h2>\n<p>Rodeado de periodistas, el\u00a0<strong>gobernador\u00a0<\/strong>fue consultado sobre las\u00a0<strong>declaraciones\u00a0<\/strong>del\u00a0<strong>presidente Milei\u00a0<\/strong>en su visita a\u00a0<strong>Chaco<\/strong>, donde\u00a0<strong>asegur\u00f3\u00a0<\/strong>que la\u00a0<strong>construcci\u00f3n\u00a0<\/strong>del\u00a0<strong>segundo puente interprovincial\u00a0<\/strong>est\u00e1 en carpeta y se trabaja en su financiaci\u00f3n por parte de una\u00a0<strong>iniciativa privada<\/strong>.<\/p>\n<p><strong>Vald\u00e9s\u00a0<\/strong>fue\u00a0<strong>conciso\u00a0<\/strong>y dijo que \u201dsi fuera por el gobierno,\u00a0<strong>no va a salir nunca<\/strong>\u201d, y luego agreg\u00f3 que esto se puede realizar con que Milei \u201c<strong>tome la decisi\u00f3n pol\u00edtica<\/strong>, que es lo que tiene que hacer el presidente de la Naci\u00f3n\u00a0<strong>para hacer el segundo puente<\/strong>\u201d.<\/p>\n<div class=\"container-spot\" data-tipo=\"tipo_todo\" data-pos=\"NEW_P2_cuerpo\">\n<div id=\"pppSlot8\" class=\" lazyloaded\" data-gpt=\"\/22675780113\/nota\/new_p2_cuerpo\" data-size=\"[[728, 90]]\" data-gpt-mobile=\"\/22675780113\/nota\/new_p2_cuerpo\" data-size-mobile=\"[[320, 100],[320, 50],[300, 600],[300, 250],[300, 100],[300, 50]]\" data-expand=\"300\"><\/div>\n<\/div>\n<h2 class=\"h2\">Elecciones Legislativas<\/h2>\n<p>El gobernador se mostr\u00f3\u00a0<strong>enfocado\u00a0<\/strong>en los\u00a0<strong>comicios del 26 de octubre\u00a0<\/strong>pese a ser preguntado por la\u00a0<strong>transici\u00f3n de gesti\u00f3n<\/strong>. \u201cVamos a ver si podemos poner\u00a0<strong>diputados nacionales\u00a0<\/strong>en el\u00a0<strong>Congreso de la Naci\u00f3n<\/strong>, despu\u00e9s hay tiempo para pensar quienes son los nombres para llevar adelante el\u00a0<strong>Gabinete<\/strong>\u201d, dijo Vald\u00e9s.<\/p>\n<p>Adem\u00e1s, el mandatario provincial agreg\u00f3 que en este tiempo \u201chay que\u00a0<strong>seguir trabajando\u00a0<\/strong>en la\u00a0<strong>obra p\u00fablica<\/strong>, en el\u00a0<strong>desarrollo\u00a0<\/strong>y en la construcci\u00f3n del futuro\u201d.<\/p>\n<div class=\"container-spot\" data-tipo=\"tipo_todo\" data-pos=\"NEW_P3_cuerpo\">\n<div id=\"pppSlot9\" class=\" lazyloaded\" data-gpt=\"\/22675780113\/nota\/new_p3_cuerpo\" data-size=\"[[728, 90]]\" data-gpt-mobile=\"\/22675780113\/nota\/new_p3_cuerpo\" data-size-mobile=\"[[320, 100],[320, 50],[300, 250],[300, 100],[300, 50]]\" data-expand=\"300\"><\/div>\n<\/div>\n<p>En este \u00e1mbito, se confirm\u00f3 el viaje de\u00a0<strong>Vald\u00e9s\u00a0<\/strong>a\u00a0<strong>Buenos Aires\u00a0<\/strong>donde se realizar\u00e1 un nuevo encuentro de\u00a0<strong>Provincias Unidas<\/strong>, el\u00a0<strong>\u00faltimo\u00a0<\/strong>encuentro\u00a0<strong>antes de las elecciones<\/strong>.<\/p>\n<h2 class=\"h2\">Coparticipaci\u00f3n y ayuda extranjera<\/h2>\n<p>Adem\u00e1s, se toc\u00f3 el\u00a0<strong>tema econ\u00f3mico<\/strong>, en especial la\u00a0<strong>ca\u00edda\u00a0<\/strong>de la\u00a0<strong>coparticipaci\u00f3n<\/strong>. Vald\u00e9s dijo al respecto que \u201cestamos\u00a0<strong>tratando de adaptarnos\u00a0<\/strong>a las\u00a0<strong>nuevas realidades \u00a0<\/strong>que nos imponen esta\u00a0<strong>recesi\u00f3n\u00a0<\/strong>y esta\u00a0<strong>dif\u00edcil situaci\u00f3n econ\u00f3mica<\/strong>\u201d.<\/p>\n<div class=\"container-spot\" data-tipo=\"tipo_todo\" data-pos=\"NEW_P4_cuerpo\">\n<div id=\"pppSlot10\" class=\" lazyloaded\" data-gpt=\"\/22675780113\/nota\/new_p4_cuerpo\" data-size=\"[[728, 90]]\" data-gpt-mobile=\"\/22675780113\/nota\/new_p4_cuerpo\" data-size-mobile=\"[[300, 600],[300, 250],[300, 100],[300, 50],[320, 100],[320, 50]]\" data-expand=\"300\"><\/div>\n<\/div>\n<p>Por otro lado, acot\u00f3 que\u00a0<strong>espera\u00a0<\/strong>que \u201cal\u00a0<strong>presidente\u00a0<\/strong>le pueda\u00a0<strong>ir bien\u00a0<\/strong>con esta\u00a0<strong>alianza con Estados Unidos\u00a0<\/strong>y que nosotros\u00a0<strong>podamos tener un rescate<\/strong>\u201d, pero se mostr\u00f3 cauto al agregar que hay \u201cque tener los\u00a0<strong>n\u00fameros equilibrados<\/strong>\u201d.<\/p>\n<p>Por \u00faltimo, se le consult\u00f3 sobre la posibilidad de la\u00a0<strong>asistencia estadounidense\u00a0<\/strong>en las\u00a0<strong>provincias<\/strong>, a lo que Vald\u00e9s respondi\u00f3 que \u201csi nos escuchan desde Estados Unidos,\u00a0<strong>ojal\u00e1 que nos escuche alg\u00fan argentino en Buenos Aires<\/strong>\u201d.<\/p>\n","protected":false},"excerpt":{"rendered":"<p>El gobernador de Corrientes opin\u00f3 sobre las declaraciones del presidente respecto a la construcci\u00f3n de un nuevo puente interprovincial. Adem\u00e1s, se confirm\u00f3 su viaje a Buenos Aires para la reuni\u00f3n de Provincias Unidas. Egobernador de Corrientes,\u00a0Gustavo Vald\u00e9s, encabez\u00f3 junto al\u00a0intendente\u00a0de capital,\u00a0Eduardo Tassano, el acto de\u00a0inauguraci\u00f3n\u00a0de la\u00a0plaza del Mercosur\u00a0en la ma\u00f1ana de este\u00a0martes. En el lugar,\u00a0Vald\u00e9s\u00a0habl\u00f3 [&hellip;]<\/p>\n","protected":false},"author":2,"featured_media":1795,"comment_status":"open","ping_status":"open","sticky":false,"template":"","format":"standard","meta":{"footnotes":""},"categories":[79],"tags":[],"class_list":{"0":"post-1794","1":"post","2":"type-post","3":"status-publish","4":"format-standard","5":"has-post-thumbnail","7":"category-corrientes"},"_links":{"self":[{"href":"https:\/\/elpueblonoticia.com.ar\/web\/wp-json\/wp\/v2\/posts\/1794","targetHints":{"allow":["GET"]}}],"collection":[{"href":"https:\/\/elpueblonoticia.com.ar\/web\/wp-json\/wp\/v2\/posts"}],"about":[{"href":"https:\/\/elpueblonoticia.com.ar\/web\/wp-json\/wp\/v2\/types\/post"}],"author":[{"embeddable":true,"href":"https:\/\/elpueblonoticia.com.ar\/web\/wp-json\/wp\/v2\/users\/2"}],"replies":[{"embeddable":true,"href":"https:\/\/elpueblonoticia.com.ar\/web\/wp-json\/wp\/v2\/comments?post=1794"}],"version-history":[{"count":0,"href":"https:\/\/elpueblonoticia.com.ar\/web\/wp-json\/wp\/v2\/posts\/1794\/revisions"}],"wp:featuredmedia":[{"embeddable":true,"href":"https:\/\/elpueblonoticia.com.ar\/web\/wp-json\/wp\/v2\/media\/1795"}],"wp:attachment":[{"href":"https:\/\/elpueblonoticia.com.ar\/web\/wp-json\/wp\/v2\/media?parent=1794"}],"wp:term":[{"taxonomy":"category","embeddable":true,"href":"https:\/\/elpueblonoticia.com.ar\/web\/wp-json\/wp\/v2\/categories?post=1794"},{"taxonomy":"post_tag","embeddable":true,"href":"https:\/\/elpueblonoticia.com.ar\/web\/wp-json\/wp\/v2\/tags?post=1794"}],"curies":[{"name":"wp","href":"https:\/\/api.w.org\/{rel}","templated":true}]}}