{"id":1786,"date":"2025-10-14T12:23:23","date_gmt":"2025-10-14T15:23:23","guid":{"rendered":"https:\/\/elpueblonoticia.com.ar\/web\/?p=1786"},"modified":"2025-10-14T12:23:23","modified_gmt":"2025-10-14T15:23:23","slug":"imputaron-por-femicidio-a-la-ex-pareja-de-la-mujer-que-cayo-del-sexto-piso","status":"publish","type":"post","link":"https:\/\/elpueblonoticia.com.ar\/web\/2025\/10\/14\/imputaron-por-femicidio-a-la-ex-pareja-de-la-mujer-que-cayo-del-sexto-piso\/","title":{"rendered":"Imputaron por femicidio a la ex pareja de la mujer que cay\u00f3 del sexto piso"},"content":{"rendered":"<p>La fiscal Mar\u00eda Lucrecia Troia Quirch en di\u00e1logo con la prensa confirm\u00f3 la imputaci\u00f3n de la ex pareja de Camila Soledad Gonz\u00e1lez,\u00a0<a href=\"https:\/\/www.diarioellibertador.com.ar\/una-mujer-murio-tras-caer-de-un-sexto-piso-en-pleno-barrio-centrico\/\">la mujer que cay\u00f3 del sexto piso<\/a>, el viernes pasado en el edificio de San Mart\u00edn al 300.<\/p>\n<p>De acuerdo con lo que se\u00f1al\u00f3, la caratula es homicidio agravado por el v\u00ednculo en contexto de violencia de g\u00e9nero.<\/p>\n<p>La fiscal de Instrucci\u00f3n N\u00famero 1 de Corrientes, Dra. Lucrecia Troia ofreci\u00f3 detalles de los avances en la causa por la muerte de una mujer: \u00abEn una primera instancia se pidi\u00f3 la detenci\u00f3n y solicitamos una nueva audiencia al juez para que le imponga la prisi\u00f3n preventiva\u00bb, detall\u00f3 la fiscal.<\/p>\n<p>La funcionaria coment\u00f3 que este lunes se formaliz\u00f3 la imputaci\u00f3n al sospechoso, el hombre que estaba en el departamento antes de la ca\u00edda de la mujer. Se encuentra en calidad de detenido e imputado por el delito de homicidio agravado por el v\u00ednculo y por mediar violencia de g\u00e9nero\u201d.<\/p>\n<p>\u201cEl principal objetivo es averiguar qu\u00e9 pas\u00f3\u201d, dijo la fiscal a Radio Sudamericana, adelantando que el imputado prest\u00f3 declaraci\u00f3n. Troia expuso que \u201cdijo que todo se dio en el marco de una discusi\u00f3n en la que \u00e9l propuso terminar la pareja y ella decidi\u00f3 arrojarse\u201d del balc\u00f3n del departamento.<\/p>\n<p>Explic\u00f3 que la justicia cuenta con im\u00e1genes de c\u00e1maras de seguridad del edificio que dan cuenta de los horarios de ingreso, principalmente del detenido.<\/p>\n<p>El menor, en tanto, qued\u00f3 a resguardo de la familia materna y tambi\u00e9n, la fiscal apunt\u00f3 que se realiz\u00f3 la autopsia en el Instituto M\u00e9dico Forense, que ya tiene resultados preliminares.<\/p>\n<p>Adem\u00e1s, se supo que el imputado puso en conocimiento \u201cotros detalles que no vienen al caso\u201d y que se est\u00e1 evaluando la situaci\u00f3n del menor que estaba con la pareja para ver si se le puede tomar declaraci\u00f3n. \u201cLo principal es resguardar la integridad del menor su salud psicof\u00edsica\u201d, enfatiz\u00f3 y adelant\u00f3 que \u201csi est\u00e1 en condiciones, se le va a tomar declaraci\u00f3n\u201d.<\/p>\n","protected":false},"excerpt":{"rendered":"<p>La fiscal Mar\u00eda Lucrecia Troia Quirch en di\u00e1logo con la prensa confirm\u00f3 la imputaci\u00f3n de la ex pareja de Camila Soledad Gonz\u00e1lez,\u00a0la mujer que cay\u00f3 del sexto piso, el viernes pasado en el edificio de San Mart\u00edn al 300. De acuerdo con lo que se\u00f1al\u00f3, la caratula es homicidio agravado por el v\u00ednculo en contexto [&hellip;]<\/p>\n","protected":false},"author":2,"featured_media":1787,"comment_status":"open","ping_status":"open","sticky":false,"template":"","format":"standard","meta":{"footnotes":""},"categories":[79],"tags":[],"class_list":{"0":"post-1786","1":"post","2":"type-post","3":"status-publish","4":"format-standard","5":"has-post-thumbnail","7":"category-corrientes"},"_links":{"self":[{"href":"https:\/\/elpueblonoticia.com.ar\/web\/wp-json\/wp\/v2\/posts\/1786","targetHints":{"allow":["GET"]}}],"collection":[{"href":"https:\/\/elpueblonoticia.com.ar\/web\/wp-json\/wp\/v2\/posts"}],"about":[{"href":"https:\/\/elpueblonoticia.com.ar\/web\/wp-json\/wp\/v2\/types\/post"}],"author":[{"embeddable":true,"href":"https:\/\/elpueblonoticia.com.ar\/web\/wp-json\/wp\/v2\/users\/2"}],"replies":[{"embeddable":true,"href":"https:\/\/elpueblonoticia.com.ar\/web\/wp-json\/wp\/v2\/comments?post=1786"}],"version-history":[{"count":0,"href":"https:\/\/elpueblonoticia.com.ar\/web\/wp-json\/wp\/v2\/posts\/1786\/revisions"}],"wp:featuredmedia":[{"embeddable":true,"href":"https:\/\/elpueblonoticia.com.ar\/web\/wp-json\/wp\/v2\/media\/1787"}],"wp:attachment":[{"href":"https:\/\/elpueblonoticia.com.ar\/web\/wp-json\/wp\/v2\/media?parent=1786"}],"wp:term":[{"taxonomy":"category","embeddable":true,"href":"https:\/\/elpueblonoticia.com.ar\/web\/wp-json\/wp\/v2\/categories?post=1786"},{"taxonomy":"post_tag","embeddable":true,"href":"https:\/\/elpueblonoticia.com.ar\/web\/wp-json\/wp\/v2\/tags?post=1786"}],"curies":[{"name":"wp","href":"https:\/\/api.w.org\/{rel}","templated":true}]}}