{"id":1769,"date":"2025-10-14T11:26:24","date_gmt":"2025-10-14T14:26:24","guid":{"rendered":"https:\/\/elpueblonoticia.com.ar\/web\/?p=1769"},"modified":"2025-10-14T11:26:24","modified_gmt":"2025-10-14T14:26:24","slug":"segun-virginia-gallardo-antes-de-milei-habia-mas-pobres-que-habitantes-en-la-argentina","status":"publish","type":"post","link":"https:\/\/elpueblonoticia.com.ar\/web\/2025\/10\/14\/segun-virginia-gallardo-antes-de-milei-habia-mas-pobres-que-habitantes-en-la-argentina\/","title":{"rendered":"Seg\u00fan Virginia Gallardo, antes de Milei hab\u00eda m\u00e1s pobres que habitantes en la Argentina"},"content":{"rendered":"<p><strong>Emocionada hasta las l\u00e1grimas, la candidata de La Libertad Avanza habl\u00f3 de la pobreza en el pa\u00eds, pero tuvo una ins\u00f3lita equivocaci\u00f3n.<\/strong><\/p>\n<section class=\"detail-body first-paragraph\">\n<section class=\"body-content note-body content-protected-false\" data-twitter-link=\"&lt;a href=\">De cara a las pr\u00f3ximas\u00a0<strong>elecciones legislativas<\/strong>, la candidata a diputada por<strong>\u00a0La Libertad Avanza, Virginia Gallardo,\u00a0<\/strong>habl\u00f3 de c\u00f3mo se siente con esta postulaci\u00f3n e hizo referencia a su falta de experiencia.<\/p>\n<\/section>\n<\/section>\n<section class=\"detail-body second-paragraph\">\n<section class=\"body-content note-body content-protected-false\">No solo habl\u00f3 de su candidatura sino que tambi\u00e9n protagoniz\u00f3 un ins\u00f3lito momento, donde\u00a0<strong>asegur\u00f3 que en Argentina hay m\u00e1s pobres que poblaci\u00f3n,<\/strong>\u00a0lo que hizo que las redes sociales estallen.<\/p>\n<section class=\"detail-body\">\n<section class=\"body-content note-body content-protected-false\"><strong>&#8220;Hay 35 millones de pobres y antes hab\u00eda 56&#8221;,<\/strong>\u00a0dijo entre l\u00e1grimas en declaraciones radiales. Y sigui\u00f3: &#8220;<strong>Esa es la pol\u00edtica que yo hago. No me vengan a correr con la geograf\u00eda&#8221;.<\/strong><\/p>\n<\/section>\n<\/section>\n<section class=\"detail-body\">\n<section class=\"body-content note-body content-protected-false\">A la exvedette no le dan las cuentas.\u00a0<strong>Es que de acuerdo a los resultados del Censo 2022, presentados el 31 de enero de 2023, en la Argentina somos 46.044.703 habitantes<\/strong>.<\/p>\n<h2><strong>El sincericidio de Virginia Gallardo antes de las elecciones<\/strong><\/h2>\n<p>En esa misma entrevista, la medi\u00e1tica habl\u00f3 sobre sus sensaciones de cara a las votaciones del pr\u00f3ximo 26 de octubre. \u201c<strong>Soy esto, estoy dando lo mejor que puedo. Seguramente no soy la mejor pol\u00edtica que tengan, pero es rodearse de los mejores<\/strong>\u201d, dijo en declaraciones radiales.<\/p>\n<p><strong>\u201cSeguramente me vengan a buscar y no me importa. Hay que hacer las cosas bien\u201d,\u00a0<\/strong>sigui\u00f3 diciendo sobre sus limitaciones, pero confiando en sus capacidades.<\/p>\n<p><strong>\u201cNunca dej\u00e9 de venir a Corrientes. Gracias a Dios hay otra vida m\u00e1s sana en esto de compartir la naturaleza y la familia\u201d<\/strong>, indic\u00f3.<\/p>\n<div id=\"8138701-Libre-1528367641_wrap\" class=\"embed_cont type_imagen\" contenteditable=\"contenteditable\">\n<div id=\"8138701-Libre-1528367641_content\" class=\"embed_content\"><img decoding=\"async\" src=\"https:\/\/media.minutouno.com\/p\/f6b90a8097776b1c45fb00635836270d\/adjuntos\/150\/imagenes\/042\/845\/0042845237\/610x0\/smart\/milei-corrientes-2.jpg\" data-src=\"https:\/\/media.minutouno.com\/p\/f6b90a8097776b1c45fb00635836270d\/adjuntos\/150\/imagenes\/042\/845\/0042845237\/610x0\/smart\/milei-corrientes-2.jpg\" data-td-src-property=\"&lt;a href=\" \/><\/div>\n<\/div>\n<h2><strong>Javier Milei con Virginia Gallardo en Corrientes: &#8220;Les pido que sigan aguantando&#8221;<\/strong><\/h2>\n<p>Javier Milei continu\u00f3 este s\u00e1bado con su gira de campa\u00f1a con la vista puesta en las elecciones legislativas del 26 de octubre, y despu\u00e9s de pasar por Resistencia recal\u00f3 en Corrientes tras cruzar el puente General Manuel Belgrano sobre el r\u00edo Paran\u00e1, donde se encontr\u00f3 con sus seguidores y, para variar, tuvo un intenso encontronazo con la prensa.<\/p>\n<p>Acompa\u00f1ado por su hermana Karina Milei, infaltable en cuanta ocasi\u00f3n el Presidente hace apariciones p\u00fablicas, y por la candidata a diputada nacional de La Libertad Avanza (LLA) por Corrientes, la exvedette Virginia Gallardo, hizo una breve recorrida rodeado de simpatizantes.<\/p>\n<p>La actividad replic\u00f3 el formato establecido para los mitines libertarios de campa\u00f1a: recorridas callejeras no demasiado extensas y discursos motivacionales tampoco muy largos, brindados a trav\u00e9s de un meg\u00e1fono.<\/p>\n<p>&#8220;Les pido que no aflojen&#8221;, reiter\u00f3 el jefe de Estado, como en cada lugar que visita. &#8220;Les pido que sigan aguantando, que no aflojen, porque esta vez el esfuerzo vale la pena, porque La Libertad Avanza o la Argentina retrocede\u201d, asegur\u00f3 Milei, repitiendo el eslogan de campa\u00f1a que tambi\u00e9n suena en cada spot de LLA.<\/p>\n<p>\u201cEste 26 de octubre tenemos que elegir si seguimos bajando la inflaci\u00f3n, aniquilando la pobreza, si seguimos siendo en el mundo un ejemplo de lo que hay que hacer, o si queremos volver al modelo del pasado que hizo de la Argentina un pa\u00eds pobre&#8221;, afirm\u00f3.<\/p>\n<p>Luego del discurso, Milei se subi\u00f3 a la caja de una camioneta desde donde salud\u00f3 al numeroso p\u00fablico presente, que lo vitore\u00f3 con consignas como \u201cPresidente, presidente\u201d o \u201cMilei, querido, el pueblo est\u00e1 contigo\u201d.<\/p>\n<p>La visita del Presidente a la ciudad de Corrientes se llev\u00f3 a cabo en la previa de un nuevo viaje a los Estados Unidos, donde mantendr\u00e1 una reuni\u00f3n bilateral con Donald Trump, por lo que se producir\u00e1 una impasse en la campa\u00f1a electoral que \u00e9l lleva por completo sobre sus hombros.<\/p>\n<\/section>\n<\/section>\n<\/section>\n<\/section>\n","protected":false},"excerpt":{"rendered":"<p>Emocionada hasta las l\u00e1grimas, la candidata de La Libertad Avanza habl\u00f3 de la pobreza en el pa\u00eds, pero tuvo una ins\u00f3lita equivocaci\u00f3n. De cara a las pr\u00f3ximas\u00a0elecciones legislativas, la candidata a diputada por\u00a0La Libertad Avanza, Virginia Gallardo,\u00a0habl\u00f3 de c\u00f3mo se siente con esta postulaci\u00f3n e hizo referencia a su falta de experiencia. No solo habl\u00f3 [&hellip;]<\/p>\n","protected":false},"author":2,"featured_media":1770,"comment_status":"open","ping_status":"open","sticky":false,"template":"","format":"standard","meta":{"footnotes":""},"categories":[66],"tags":[],"class_list":{"0":"post-1769","1":"post","2":"type-post","3":"status-publish","4":"format-standard","5":"has-post-thumbnail","7":"category-politica-nacionales"},"_links":{"self":[{"href":"https:\/\/elpueblonoticia.com.ar\/web\/wp-json\/wp\/v2\/posts\/1769","targetHints":{"allow":["GET"]}}],"collection":[{"href":"https:\/\/elpueblonoticia.com.ar\/web\/wp-json\/wp\/v2\/posts"}],"about":[{"href":"https:\/\/elpueblonoticia.com.ar\/web\/wp-json\/wp\/v2\/types\/post"}],"author":[{"embeddable":true,"href":"https:\/\/elpueblonoticia.com.ar\/web\/wp-json\/wp\/v2\/users\/2"}],"replies":[{"embeddable":true,"href":"https:\/\/elpueblonoticia.com.ar\/web\/wp-json\/wp\/v2\/comments?post=1769"}],"version-history":[{"count":0,"href":"https:\/\/elpueblonoticia.com.ar\/web\/wp-json\/wp\/v2\/posts\/1769\/revisions"}],"wp:featuredmedia":[{"embeddable":true,"href":"https:\/\/elpueblonoticia.com.ar\/web\/wp-json\/wp\/v2\/media\/1770"}],"wp:attachment":[{"href":"https:\/\/elpueblonoticia.com.ar\/web\/wp-json\/wp\/v2\/media?parent=1769"}],"wp:term":[{"taxonomy":"category","embeddable":true,"href":"https:\/\/elpueblonoticia.com.ar\/web\/wp-json\/wp\/v2\/categories?post=1769"},{"taxonomy":"post_tag","embeddable":true,"href":"https:\/\/elpueblonoticia.com.ar\/web\/wp-json\/wp\/v2\/tags?post=1769"}],"curies":[{"name":"wp","href":"https:\/\/api.w.org\/{rel}","templated":true}]}}