{"id":1754,"date":"2025-10-14T10:57:08","date_gmt":"2025-10-14T13:57:08","guid":{"rendered":"https:\/\/elpueblonoticia.com.ar\/web\/?p=1754"},"modified":"2025-10-14T10:57:08","modified_gmt":"2025-10-14T13:57:08","slug":"basquet-agdb-la-categoria-u11-se-sumo-al-torneo-90-aniversario","status":"publish","type":"post","link":"https:\/\/elpueblonoticia.com.ar\/web\/2025\/10\/14\/basquet-agdb-la-categoria-u11-se-sumo-al-torneo-90-aniversario\/","title":{"rendered":"B\u00e1squet AGDB: La categor\u00eda U11 se sum\u00f3 al torneo &#8220;90 aniversario&#8221;"},"content":{"rendered":"<p><img loading=\"lazy\" decoding=\"async\" class=\"alignnone size-medium wp-image-1756\" src=\"https:\/\/elpueblonoticia.com.ar\/web\/wp-content\/uploads\/2025\/10\/descarga-2-300x300.png\" alt=\"\" width=\"300\" height=\"300\" srcset=\"https:\/\/elpueblonoticia.com.ar\/web\/wp-content\/uploads\/2025\/10\/descarga-2-300x300.png 300w, https:\/\/elpueblonoticia.com.ar\/web\/wp-content\/uploads\/2025\/10\/descarga-2-1024x1024.png 1024w, https:\/\/elpueblonoticia.com.ar\/web\/wp-content\/uploads\/2025\/10\/descarga-2-150x150.png 150w, https:\/\/elpueblonoticia.com.ar\/web\/wp-content\/uploads\/2025\/10\/descarga-2-768x768.png 768w, https:\/\/elpueblonoticia.com.ar\/web\/wp-content\/uploads\/2025\/10\/descarga-2-420x420.png 420w, https:\/\/elpueblonoticia.com.ar\/web\/wp-content\/uploads\/2025\/10\/descarga-2-696x696.png 696w, https:\/\/elpueblonoticia.com.ar\/web\/wp-content\/uploads\/2025\/10\/descarga-2-1068x1068.png 1068w, https:\/\/elpueblonoticia.com.ar\/web\/wp-content\/uploads\/2025\/10\/descarga-2.png 1080w\" sizes=\"auto, (max-width: 300px) 100vw, 300px\" \/><\/p>\n<p>En la &#8220;Catedral del B\u00e1squetbol&#8221;, el lunes 13, la categor\u00eda U11 se uni\u00f3 al Torneo &#8220;90 Aniversario&#8221;. Tambi\u00e9n jugaron los U17. El martes 14, habr\u00e1 jornada en doble cancha. AMAD y AGDA ser\u00e1n los escenarios de las competencias.<\/p>\n<p>En instalaciones del club del barrio Progreso, el lunes 12 la categor\u00eda U11 inici\u00f3 su participaci\u00f3n en el Torneo &#8220;90 Aniversario&#8221; que la Asociaci\u00f3n Goyana de B\u00e1squet est\u00e1 organizando con las distintas categor\u00edas del b\u00e1squet goyano.<\/p>\n<p>Los peque\u00f1os basquetbolistas est\u00e1n dando sus primeros pasos en las competencias y, esta noche, hicieron el preliminar de la categor\u00eda U17.<\/p>\n<p>RESUMEN.<\/p>\n<p>U11 &#8211; UNI\u00d3N F 76 &#8211; UNION M 67. Parciales: 12\/10 &#8211; 12\/10 &#8211; 10\/11 &#8211; 20\/07 &#8211; 08\/18 &#8211; 14\/11<\/p>\n<p>U17 &#8211; UNI\u00d3N 79 &#8211; JUVENTUD UNIDA 48. Parciales: 15\/13 &#8211; 24\/10 &#8211; 18\/20 &#8211; 22\/05<\/p>\n<p>UNION: Benjam\u00edn Meza 2, Ignacio G\u00f3mez 2, Leandro Gonz\u00e1lez 4, Tom\u00e1s Arg\u00fcello 29, Juan Staccioulli 2, Rodrigo Sandre 11, Juli\u00e1n P\u00e9rez 3. Tom\u00e1s Lezcano 2, Renzo Valente 16, Benjam\u00edn Ragazzo 2. D.T. Agust\u00edn Rojas<\/p>\n<p>JUVENTUD UNIDA: Jerem\u00edas Salom\u00f3n 11, Bautista Ben\u00edtez 2, Benjam\u00edn Ben\u00edtez 7, Brandon L\u00f3pez 16, Nahuel Baini 4, Santino Valenzuela 2, Juan Ferreira 2, Tisiano Alegre 4. D.T. Gustavo Montenegro<\/p>\n<p>PROGRAMACI\u00d3N MARTES 14.10.25<\/p>\n<p>Cancha AMAD &#8211; 20.15 horas<\/p>\n<p>U15 Femenino &#8211; AMAD vs. PERUGORR\u00cdA<br \/>\n1ra. Masculino &#8211; AMAD vs. EUCALIPTO<\/p>\n<p>Cancha AGDA &#8211; 20.25 horas<\/p>\n<p>U13 Mixto &#8211; AMAD vs. JUVENTUD UNIDA<br \/>\nU15 Femenino &#8211; AGDA vs. UNI\u00d3N<\/p>\n<p>Prensa AGDB<br \/>\nFotos Nitta Mart\u00ednez<\/p>\n","protected":false},"excerpt":{"rendered":"<p>En la &#8220;Catedral del B\u00e1squetbol&#8221;, el lunes 13, la categor\u00eda U11 se uni\u00f3 al Torneo &#8220;90 Aniversario&#8221;. Tambi\u00e9n jugaron los U17. El martes 14, habr\u00e1 jornada en doble cancha. AMAD y AGDA ser\u00e1n los escenarios de las competencias. En instalaciones del club del barrio Progreso, el lunes 12 la categor\u00eda U11 inici\u00f3 su participaci\u00f3n en [&hellip;]<\/p>\n","protected":false},"author":2,"featured_media":1755,"comment_status":"open","ping_status":"open","sticky":false,"template":"","format":"standard","meta":{"footnotes":""},"categories":[76],"tags":[],"class_list":{"0":"post-1754","1":"post","2":"type-post","3":"status-publish","4":"format-standard","5":"has-post-thumbnail","7":"category-deportes"},"_links":{"self":[{"href":"https:\/\/elpueblonoticia.com.ar\/web\/wp-json\/wp\/v2\/posts\/1754","targetHints":{"allow":["GET"]}}],"collection":[{"href":"https:\/\/elpueblonoticia.com.ar\/web\/wp-json\/wp\/v2\/posts"}],"about":[{"href":"https:\/\/elpueblonoticia.com.ar\/web\/wp-json\/wp\/v2\/types\/post"}],"author":[{"embeddable":true,"href":"https:\/\/elpueblonoticia.com.ar\/web\/wp-json\/wp\/v2\/users\/2"}],"replies":[{"embeddable":true,"href":"https:\/\/elpueblonoticia.com.ar\/web\/wp-json\/wp\/v2\/comments?post=1754"}],"version-history":[{"count":0,"href":"https:\/\/elpueblonoticia.com.ar\/web\/wp-json\/wp\/v2\/posts\/1754\/revisions"}],"wp:featuredmedia":[{"embeddable":true,"href":"https:\/\/elpueblonoticia.com.ar\/web\/wp-json\/wp\/v2\/media\/1755"}],"wp:attachment":[{"href":"https:\/\/elpueblonoticia.com.ar\/web\/wp-json\/wp\/v2\/media?parent=1754"}],"wp:term":[{"taxonomy":"category","embeddable":true,"href":"https:\/\/elpueblonoticia.com.ar\/web\/wp-json\/wp\/v2\/categories?post=1754"},{"taxonomy":"post_tag","embeddable":true,"href":"https:\/\/elpueblonoticia.com.ar\/web\/wp-json\/wp\/v2\/tags?post=1754"}],"curies":[{"name":"wp","href":"https:\/\/api.w.org\/{rel}","templated":true}]}}