{"id":1750,"date":"2025-10-14T10:48:35","date_gmt":"2025-10-14T13:48:35","guid":{"rendered":"https:\/\/elpueblonoticia.com.ar\/web\/?p=1750"},"modified":"2025-10-14T10:48:35","modified_gmt":"2025-10-14T13:48:35","slug":"secuestran-mas-de-35-kilos-de-floracion-de-marihuana-valuada-en-127-millones","status":"publish","type":"post","link":"https:\/\/elpueblonoticia.com.ar\/web\/2025\/10\/14\/secuestran-mas-de-35-kilos-de-floracion-de-marihuana-valuada-en-127-millones\/","title":{"rendered":"Secuestran m\u00e1s de 35 kilos de floraci\u00f3n de marihuana valuada en $127 millones"},"content":{"rendered":"<p><strong>CORRIENTES<\/strong><\/p>\n<p>Personal policial dependientes de la Unidad Especial Antiarrebatos observaron a dos personas trasladando varios bultos de dudosa procedencia en su poder y quienes al notar la presencia policial emprenden su huida, inici\u00e1ndose una persecuci\u00f3n en el cual arrojan dichos elementos en una zona de pasillo ubicado por calle Esteban Bajac a la altura del 4.100 aproximadamente del Barrio Sol de Mayo.<\/p>\n<p>Posteriormente los mencionados efectivos con la autorizaci\u00f3n judicial respectiva procedieron al secuestr\u00f3 preventivo de 05 bultos con varios paquetes en su interior conteniendo floraci\u00f3n de origen vegetal, por lo que se solicit\u00f3 la presencia de personal de la Direcci\u00f3n General de Drogas Peligrosas y Crimen Organizado.<\/p>\n<p>Estos \u00faltimos efectuaron el correspondiente narcotest, arrojando positivo para marihuana.<\/p>\n<p>Fueron 65 paquetes, con un total de 35, kilogramos, con 557 gramos dando un aforo aproximado de 127 millones de pesos. En el marco investigativo, existen dos hombres mayores de edad demorados. Tambi\u00e9n, colaboraron en el lugar efectivos del Grupo PAR quienes efectuaron la cobertura de seguridad del caso.<\/p>\n<p>En el lugar se hizo presente el Se\u00f1or Jefe de Polic\u00eda Comisaria General Lic. Miguel \u00c1ngel Leguizam\u00f3n, el Sub Jefe Comisario General Walter Dario Aceval, el Director General de Seguridad y Prevenci\u00f3n del Delito Comisario General Lic. Jos\u00e9 Mario Galarza y Director de Seguridad Metropolitana Comisario Mayor Alberto Cano, quienes destacaron el accionar del personal interviniente y felicitaron el trabajo llevado a cabo.<\/p>\n<div class=\"wp-block-image\">\n<figure class=\"aligncenter is-resized\"><img decoding=\"async\" class=\"td-animation-stack-type0-2\" src=\"https:\/\/www.diarioepoca.com\/content\/bucket\/0\/1453980w790h1405c.webp.webp\" alt=\"\" \/><\/figure>\n<\/div>\n<figure class=\"wp-block-image\"><img decoding=\"async\" class=\"td-animation-stack-type0-2\" src=\"https:\/\/www.diarioepoca.com\/content\/bucket\/9\/1453979w790h444c.webp.webp\" alt=\"\" \/><\/figure>\n","protected":false},"excerpt":{"rendered":"<p>CORRIENTES Personal policial dependientes de la Unidad Especial Antiarrebatos observaron a dos personas trasladando varios bultos de dudosa procedencia en su poder y quienes al notar la presencia policial emprenden su huida, inici\u00e1ndose una persecuci\u00f3n en el cual arrojan dichos elementos en una zona de pasillo ubicado por calle Esteban Bajac a la altura del [&hellip;]<\/p>\n","protected":false},"author":2,"featured_media":1751,"comment_status":"open","ping_status":"open","sticky":false,"template":"","format":"standard","meta":{"footnotes":""},"categories":[78],"tags":[],"class_list":{"0":"post-1750","1":"post","2":"type-post","3":"status-publish","4":"format-standard","5":"has-post-thumbnail","7":"category-generales"},"_links":{"self":[{"href":"https:\/\/elpueblonoticia.com.ar\/web\/wp-json\/wp\/v2\/posts\/1750","targetHints":{"allow":["GET"]}}],"collection":[{"href":"https:\/\/elpueblonoticia.com.ar\/web\/wp-json\/wp\/v2\/posts"}],"about":[{"href":"https:\/\/elpueblonoticia.com.ar\/web\/wp-json\/wp\/v2\/types\/post"}],"author":[{"embeddable":true,"href":"https:\/\/elpueblonoticia.com.ar\/web\/wp-json\/wp\/v2\/users\/2"}],"replies":[{"embeddable":true,"href":"https:\/\/elpueblonoticia.com.ar\/web\/wp-json\/wp\/v2\/comments?post=1750"}],"version-history":[{"count":0,"href":"https:\/\/elpueblonoticia.com.ar\/web\/wp-json\/wp\/v2\/posts\/1750\/revisions"}],"wp:featuredmedia":[{"embeddable":true,"href":"https:\/\/elpueblonoticia.com.ar\/web\/wp-json\/wp\/v2\/media\/1751"}],"wp:attachment":[{"href":"https:\/\/elpueblonoticia.com.ar\/web\/wp-json\/wp\/v2\/media?parent=1750"}],"wp:term":[{"taxonomy":"category","embeddable":true,"href":"https:\/\/elpueblonoticia.com.ar\/web\/wp-json\/wp\/v2\/categories?post=1750"},{"taxonomy":"post_tag","embeddable":true,"href":"https:\/\/elpueblonoticia.com.ar\/web\/wp-json\/wp\/v2\/tags?post=1750"}],"curies":[{"name":"wp","href":"https:\/\/api.w.org\/{rel}","templated":true}]}}