{"id":1738,"date":"2025-10-14T10:27:55","date_gmt":"2025-10-14T13:27:55","guid":{"rendered":"https:\/\/elpueblonoticia.com.ar\/web\/?p=1738"},"modified":"2025-10-14T10:27:55","modified_gmt":"2025-10-14T13:27:55","slug":"la-camara-electoral-rechazo-reimprimir-las-boletas-de-la-libertad-avanza-sin-la-cara-de-espert","status":"publish","type":"post","link":"https:\/\/elpueblonoticia.com.ar\/web\/2025\/10\/14\/la-camara-electoral-rechazo-reimprimir-las-boletas-de-la-libertad-avanza-sin-la-cara-de-espert\/","title":{"rendered":"La C\u00e1mara Electoral rechaz\u00f3 reimprimir las boletas de La Libertad Avanza sin la cara de Espert"},"content":{"rendered":"<div id=\"modalIntrotext\">\n<div>El tribunal cerr\u00f3 definitivamente la discusi\u00f3n sobre la reimpresi\u00f3n y dej\u00f3 sin efecto la \u00faltima v\u00eda judicial que el oficialismo manten\u00eda abierta en la provincia de Buenos Aires.<\/div>\n<\/div>\n<div><\/div>\n<div>La C\u00e1mara Nacional Electoral (CNE) rechaz\u00f3 este lunes el pedido del Gobierno y de La Libertad Avanza para reimprimir las boletas \u00fanicas de papel (BUP) en la provincia de Buenos Aires, de modo que no figure la imagen de Jos\u00e9 Luis Espert, quien renunci\u00f3 a su candidatura semanas atr\u00e1s.<\/p>\n<p>La decisi\u00f3n representa un nuevo rev\u00e9s para el oficialismo, que hab\u00eda insistido con modificar el dise\u00f1o pese a las advertencias sobre los plazos y los riesgos operativos del proceso electoral. \u201cEn esta etapa resulta imposible la reimpresi\u00f3n\u201d, aseguraron desde la CNE.<\/p>\n<p>El fallo del m\u00e1ximo tribunal electoral del pa\u00eds confirma la postura adoptada d\u00edas atr\u00e1s por la Junta Electoral bonaerense, que ya hab\u00eda desestimado el planteo de La Libertad Avanza.<\/p>\n<p>El rechazo se fundament\u00f3 en que una reimpresi\u00f3n de casi 14 millones de boletas, a menos de dos semanas de los comicios, \u201cse torn\u00f3 de cumplimiento imposible y no concurren circunstancias de excepci\u00f3n que justifiquen apartarse de la regla\u201d.<\/p>\n<p>El expediente lleg\u00f3 a la C\u00e1mara tras la apelaci\u00f3n presentada por los apoderados de La Libertad Avanza \u2014Alejandro \u00c1ngel Carrancio, Juan Esteban Osaba y Luciano Mart\u00edn G\u00f3mez Alvari\u00f1o\u2014, quienes hab\u00edan cuestionado la decisi\u00f3n del juez federal con competencia electoral en La Plata, Alejo Ramos Padilla. En su presentaci\u00f3n, la fuerza oficialista argument\u00f3 que el fallo de primera instancia hab\u00eda incurrido en una \u201cimposibilidad material y temporal autoinducida\u201d y sostuvo que el cambio era necesario para \u201cgarantizar la pureza del sufragio y la transparencia electoral\u201d.<\/p>\n<p>Sin embargo, el fiscal federal Ramiro Gonz\u00e1lez se pronunci\u00f3 el domingo en contra de la reimpresi\u00f3n. En su dictamen, advirti\u00f3 que \u201chacer lugar al pedido resulta f\u00e1cticamente imposible y pone en riesgo la elecci\u00f3n en s\u00ed misma\u201d. Seg\u00fan el fiscal, \u201cno existe margen temporal suficiente para imprimir y distribuir un nuevo instrumento de votaci\u00f3n antes del d\u00eda fijado para la elecci\u00f3n\u201d.<\/p>\n<p>Gonz\u00e1lez tambi\u00e9n se\u00f1al\u00f3 que el 11 de octubre era la fecha l\u00edmite para enviar el archivo a las imprentas y comenzar los procesos de producci\u00f3n y distribuci\u00f3n. Al confirmarse reci\u00e9n el fin de semana la composici\u00f3n definitiva de la lista \u2014con Diego Santilli como primer candidato en reemplazo de Espert\u2014, la Junta Electoral no contaba con la fotograf\u00eda que deb\u00eda sustituir al economista, lo que hac\u00eda \u201cinoficioso e ineficaz\u201d cualquier intento de reimpresi\u00f3n.<\/p>\n<p>En su fallo, la C\u00e1mara Nacional Electoral \u2014integrada por Santiago Corcuera, Alberto Dalla V\u00eda y Daniel Bejas\u2014 coincidi\u00f3 con ese diagn\u00f3stico.<\/p>\n<p>\u201cEl plazo para que fuera materialmente posible disponer la reimpresi\u00f3n solicitada ya se encontraba vencido (el pasado viernes 10 de octubre) cuando la presente causa fue elevada a esta C\u00e1mara (el s\u00e1bado 11\/10) y, m\u00e1s a\u00fan cuando qued\u00f3 en condiciones de ser tratada, el domingo 12 de este mes. Ello, prescindiendo incluso de computar los tiempos -tambi\u00e9n indispensables- para la aprobaci\u00f3n del nuevo modelo de boleta; el control de los talonarios impresos; el armado del material y los dem\u00e1s actos procesales, log\u00edsticos y operativos necesarios para asegurar el normal desarrollo del acto electoral del pr\u00f3ximo 26 de octubre\u201d, argument\u00f3 la CNE.<\/p>\n<p>La decisi\u00f3n se conoce luego de que la misma C\u00e1mara resolviera horas atr\u00e1s otro aspecto central del caso: la confirmaci\u00f3n de Diego Santilli como cabeza de la lista de diputados nacionales de La Libertad Avanza por la provincia de Buenos Aires, en lugar de la actriz Karen Reichardt, quien hab\u00eda quedado en ese puesto tras la renuncia de Espert.<\/p>\n<p>El Gobierno, a trav\u00e9s del ministro del Interior, Lisandro Catal\u00e1n, hab\u00eda calculado que una eventual reimpresi\u00f3n de las boletas demandar\u00eda m\u00e1s de 12.000 millones de pesos y al menos cinco d\u00edas por lote de 3,3 millones de ejemplares, adem\u00e1s de los diez d\u00edas que requiere el Correo Argentino para distribuirlas. En contraste, el plan alternativo impulsado por el Ejecutivo consist\u00eda en reimprimir afiches con la nueva n\u00f3mina, a un costo estimado de 10 millones de pesos.<\/p>\n<p>De esta forma, las elecciones legislativas del 26 de octubre se realizar\u00e1n con las boletas que incluyen la imagen de Espert, aunque el primer candidato finalmente ser\u00e1 Santilli.<\/p>\n<p>Con el fallo, la C\u00e1mara Nacional Electoral cerr\u00f3 definitivamente la discusi\u00f3n sobre la reimpresi\u00f3n y dej\u00f3 sin efecto la \u00faltima v\u00eda judicial que el oficialismo manten\u00eda abierta en la provincia de Buenos Aires.<\/p>\n<p>La otra investigaci\u00f3n que lo tiene en la mira a Espert<\/p>\n<p>En medio del esc\u00e1ndalo por el presunto v\u00ednculo con Fred Machado, Jos\u00e9 Luis Espert tambi\u00e9n qued\u00f3 en la mira por la pol\u00e9mica campa\u00f1a en las elecciones legislativas de 2021, cuando encabezaba el sello Avanza Libertad.<\/p>\n<p>En Y Ma\u00f1ana Qu\u00e9 (TN) revelaron que Avanza Libertad factur\u00f3 gastos por m\u00e1s de US$42 millones en gastos de campa\u00f1a. Y se destin\u00f3 la impresi\u00f3n de boletas de dos padrones y medio a una ortopedia que se cre\u00f3 dos meses antes de las PASO.<\/p>\n<p>El programa intent\u00f3 contactar a las dos autoridades de la empresa, pero no obtuvo respuesta. De todas maneras, logr\u00f3 hablar con Jos\u00e9 Luis Merino, responsable econ\u00f3mico de la alianza: \u201cNo estoy muy informado por el tema de ese. Lo est\u00e1n llevando las autoridades del partido. Hubo un cambio de manejo de la campa\u00f1a en medio de ese momento. Yo no creo que se imprimieran las boletas, recuerdo que llegaron muy tarde\u201d.<\/p><\/div>\n","protected":false},"excerpt":{"rendered":"<p>El tribunal cerr\u00f3 definitivamente la discusi\u00f3n sobre la reimpresi\u00f3n y dej\u00f3 sin efecto la \u00faltima v\u00eda judicial que el oficialismo manten\u00eda abierta en la provincia de Buenos Aires. La C\u00e1mara Nacional Electoral (CNE) rechaz\u00f3 este lunes el pedido del Gobierno y de La Libertad Avanza para reimprimir las boletas \u00fanicas de papel (BUP) en la [&hellip;]<\/p>\n","protected":false},"author":2,"featured_media":1739,"comment_status":"open","ping_status":"open","sticky":false,"template":"","format":"standard","meta":{"footnotes":""},"categories":[66],"tags":[],"class_list":{"0":"post-1738","1":"post","2":"type-post","3":"status-publish","4":"format-standard","5":"has-post-thumbnail","7":"category-politica-nacionales"},"_links":{"self":[{"href":"https:\/\/elpueblonoticia.com.ar\/web\/wp-json\/wp\/v2\/posts\/1738","targetHints":{"allow":["GET"]}}],"collection":[{"href":"https:\/\/elpueblonoticia.com.ar\/web\/wp-json\/wp\/v2\/posts"}],"about":[{"href":"https:\/\/elpueblonoticia.com.ar\/web\/wp-json\/wp\/v2\/types\/post"}],"author":[{"embeddable":true,"href":"https:\/\/elpueblonoticia.com.ar\/web\/wp-json\/wp\/v2\/users\/2"}],"replies":[{"embeddable":true,"href":"https:\/\/elpueblonoticia.com.ar\/web\/wp-json\/wp\/v2\/comments?post=1738"}],"version-history":[{"count":0,"href":"https:\/\/elpueblonoticia.com.ar\/web\/wp-json\/wp\/v2\/posts\/1738\/revisions"}],"wp:featuredmedia":[{"embeddable":true,"href":"https:\/\/elpueblonoticia.com.ar\/web\/wp-json\/wp\/v2\/media\/1739"}],"wp:attachment":[{"href":"https:\/\/elpueblonoticia.com.ar\/web\/wp-json\/wp\/v2\/media?parent=1738"}],"wp:term":[{"taxonomy":"category","embeddable":true,"href":"https:\/\/elpueblonoticia.com.ar\/web\/wp-json\/wp\/v2\/categories?post=1738"},{"taxonomy":"post_tag","embeddable":true,"href":"https:\/\/elpueblonoticia.com.ar\/web\/wp-json\/wp\/v2\/tags?post=1738"}],"curies":[{"name":"wp","href":"https:\/\/api.w.org\/{rel}","templated":true}]}}