{"id":1734,"date":"2025-10-14T10:19:12","date_gmt":"2025-10-14T13:19:12","guid":{"rendered":"https:\/\/elpueblonoticia.com.ar\/web\/?p=1734"},"modified":"2025-10-14T10:19:12","modified_gmt":"2025-10-14T13:19:12","slug":"conferencia-de-prensa-trail-de-aventura-la-neike-10a-edicion","status":"publish","type":"post","link":"https:\/\/elpueblonoticia.com.ar\/web\/2025\/10\/14\/conferencia-de-prensa-trail-de-aventura-la-neike-10a-edicion\/","title":{"rendered":"CONFERENCIA DE PRENSA: TRAIL DE AVENTURA \u201cLA N\u00c9IKE\u201d,  10\u00aa EDICI\u00d3N"},"content":{"rendered":"<p class=\"x_MsoNormal\" data-olk-copy-source=\"MessageBody\">Cada vez falta menos para la aventura que propone correr por los campos de Goya, el pr\u00f3ximo 2 de noviembre.<\/p>\n<p class=\"x_MsoNormal\" aria-hidden=\"true\">\n<p class=\"x_MsoNormal\">El pr\u00f3ximo mi\u00e9rcoles 15 de octubre a las 11 horas, en el Sal\u00f3n de Acuerdos, se har\u00e1 la presentaci\u00f3n de la carrera de aventura por medio de una Conferencia de Prensa.<\/p>\n<p class=\"x_MsoNormal\" aria-hidden=\"true\">\n<p class=\"x_MsoNormal\">En el encuentro con los comunicadores sociales se dar\u00e1n a conocer los detalles de la carrera, que en su 10\u00aa edici\u00f3n tiene la particularidad de, este a\u00f1o 2025, cerrar el Circuito Correntino de Running.<\/p>\n<p class=\"x_MsoNormal\" aria-hidden=\"true\">\n<p class=\"x_MsoNormal\">Se invita a periodistas, comunicadores, responsables de portales digitales a asistir a la Conferencia de Prensa para la correspondiente cobertura de la presentaci\u00f3n.<\/p>\n","protected":false},"excerpt":{"rendered":"<p>Cada vez falta menos para la aventura que propone correr por los campos de Goya, el pr\u00f3ximo 2 de noviembre. El pr\u00f3ximo mi\u00e9rcoles 15 de octubre a las 11 horas, en el Sal\u00f3n de Acuerdos, se har\u00e1 la presentaci\u00f3n de la carrera de aventura por medio de una Conferencia de Prensa. En el encuentro con [&hellip;]<\/p>\n","protected":false},"author":2,"featured_media":1735,"comment_status":"open","ping_status":"open","sticky":false,"template":"","format":"standard","meta":{"footnotes":""},"categories":[56],"tags":[],"class_list":{"0":"post-1734","1":"post","2":"type-post","3":"status-publish","4":"format-standard","5":"has-post-thumbnail","7":"category-locales"},"_links":{"self":[{"href":"https:\/\/elpueblonoticia.com.ar\/web\/wp-json\/wp\/v2\/posts\/1734","targetHints":{"allow":["GET"]}}],"collection":[{"href":"https:\/\/elpueblonoticia.com.ar\/web\/wp-json\/wp\/v2\/posts"}],"about":[{"href":"https:\/\/elpueblonoticia.com.ar\/web\/wp-json\/wp\/v2\/types\/post"}],"author":[{"embeddable":true,"href":"https:\/\/elpueblonoticia.com.ar\/web\/wp-json\/wp\/v2\/users\/2"}],"replies":[{"embeddable":true,"href":"https:\/\/elpueblonoticia.com.ar\/web\/wp-json\/wp\/v2\/comments?post=1734"}],"version-history":[{"count":0,"href":"https:\/\/elpueblonoticia.com.ar\/web\/wp-json\/wp\/v2\/posts\/1734\/revisions"}],"wp:featuredmedia":[{"embeddable":true,"href":"https:\/\/elpueblonoticia.com.ar\/web\/wp-json\/wp\/v2\/media\/1735"}],"wp:attachment":[{"href":"https:\/\/elpueblonoticia.com.ar\/web\/wp-json\/wp\/v2\/media?parent=1734"}],"wp:term":[{"taxonomy":"category","embeddable":true,"href":"https:\/\/elpueblonoticia.com.ar\/web\/wp-json\/wp\/v2\/categories?post=1734"},{"taxonomy":"post_tag","embeddable":true,"href":"https:\/\/elpueblonoticia.com.ar\/web\/wp-json\/wp\/v2\/tags?post=1734"}],"curies":[{"name":"wp","href":"https:\/\/api.w.org\/{rel}","templated":true}]}}