{"id":1725,"date":"2025-10-14T10:07:45","date_gmt":"2025-10-14T13:07:45","guid":{"rendered":"https:\/\/elpueblonoticia.com.ar\/web\/?p=1725"},"modified":"2025-10-14T10:07:45","modified_gmt":"2025-10-14T13:07:45","slug":"la-direccion-de-cultura-aporto-la-embajada-artistica-al-te-solidario-organizado-por-el-instituto-de-orientacion-juvenil-de-goya","status":"publish","type":"post","link":"https:\/\/elpueblonoticia.com.ar\/web\/2025\/10\/14\/la-direccion-de-cultura-aporto-la-embajada-artistica-al-te-solidario-organizado-por-el-instituto-de-orientacion-juvenil-de-goya\/","title":{"rendered":"La Direcci\u00f3n de Cultura aport\u00f3 la embajada art\u00edstica al T\u00e9 Solidario organizado por el Instituto de Orientaci\u00f3n Juvenil de Goya."},"content":{"rendered":"<p data-olk-copy-source=\"MessageBody\"><img loading=\"lazy\" decoding=\"async\" class=\"alignnone size-medium wp-image-1727\" src=\"https:\/\/elpueblonoticia.com.ar\/web\/wp-content\/uploads\/2025\/10\/te-solidario-Instituto-Orientacion-Juvenil-Goya-1-Hugo-Broghi-escuela-de-musica-225x300.jpg\" alt=\"\" width=\"225\" height=\"300\" srcset=\"https:\/\/elpueblonoticia.com.ar\/web\/wp-content\/uploads\/2025\/10\/te-solidario-Instituto-Orientacion-Juvenil-Goya-1-Hugo-Broghi-escuela-de-musica-225x300.jpg 225w, https:\/\/elpueblonoticia.com.ar\/web\/wp-content\/uploads\/2025\/10\/te-solidario-Instituto-Orientacion-Juvenil-Goya-1-Hugo-Broghi-escuela-de-musica-768x1024.jpg 768w, https:\/\/elpueblonoticia.com.ar\/web\/wp-content\/uploads\/2025\/10\/te-solidario-Instituto-Orientacion-Juvenil-Goya-1-Hugo-Broghi-escuela-de-musica-315x420.jpg 315w, https:\/\/elpueblonoticia.com.ar\/web\/wp-content\/uploads\/2025\/10\/te-solidario-Instituto-Orientacion-Juvenil-Goya-1-Hugo-Broghi-escuela-de-musica-696x928.jpg 696w, https:\/\/elpueblonoticia.com.ar\/web\/wp-content\/uploads\/2025\/10\/te-solidario-Instituto-Orientacion-Juvenil-Goya-1-Hugo-Broghi-escuela-de-musica.jpg 960w\" sizes=\"auto, (max-width: 225px) 100vw, 225px\" \/><img loading=\"lazy\" decoding=\"async\" class=\"alignnone size-medium wp-image-1728\" src=\"https:\/\/elpueblonoticia.com.ar\/web\/wp-content\/uploads\/2025\/10\/te-solidario-Instituto-Orientacion-Juvenil-Goya-2-Victoria-Maciel-Aguirre-Escuela-de-Musica-225x300.jpg\" alt=\"\" width=\"225\" height=\"300\" srcset=\"https:\/\/elpueblonoticia.com.ar\/web\/wp-content\/uploads\/2025\/10\/te-solidario-Instituto-Orientacion-Juvenil-Goya-2-Victoria-Maciel-Aguirre-Escuela-de-Musica-225x300.jpg 225w, https:\/\/elpueblonoticia.com.ar\/web\/wp-content\/uploads\/2025\/10\/te-solidario-Instituto-Orientacion-Juvenil-Goya-2-Victoria-Maciel-Aguirre-Escuela-de-Musica-768x1024.jpg 768w, https:\/\/elpueblonoticia.com.ar\/web\/wp-content\/uploads\/2025\/10\/te-solidario-Instituto-Orientacion-Juvenil-Goya-2-Victoria-Maciel-Aguirre-Escuela-de-Musica-315x420.jpg 315w, https:\/\/elpueblonoticia.com.ar\/web\/wp-content\/uploads\/2025\/10\/te-solidario-Instituto-Orientacion-Juvenil-Goya-2-Victoria-Maciel-Aguirre-Escuela-de-Musica-696x928.jpg 696w, https:\/\/elpueblonoticia.com.ar\/web\/wp-content\/uploads\/2025\/10\/te-solidario-Instituto-Orientacion-Juvenil-Goya-2-Victoria-Maciel-Aguirre-Escuela-de-Musica.jpg 960w\" sizes=\"auto, (max-width: 225px) 100vw, 225px\" \/><img loading=\"lazy\" decoding=\"async\" class=\"alignnone size-medium wp-image-1729\" src=\"https:\/\/elpueblonoticia.com.ar\/web\/wp-content\/uploads\/2025\/10\/te-solidario-Instituto-Orientacion-Juvenil-Goya-4-Gabriela-Godoy-y-Raul-Chaves-225x300.jpg\" alt=\"\" width=\"225\" height=\"300\" srcset=\"https:\/\/elpueblonoticia.com.ar\/web\/wp-content\/uploads\/2025\/10\/te-solidario-Instituto-Orientacion-Juvenil-Goya-4-Gabriela-Godoy-y-Raul-Chaves-225x300.jpg 225w, https:\/\/elpueblonoticia.com.ar\/web\/wp-content\/uploads\/2025\/10\/te-solidario-Instituto-Orientacion-Juvenil-Goya-4-Gabriela-Godoy-y-Raul-Chaves-769x1024.jpg 769w, https:\/\/elpueblonoticia.com.ar\/web\/wp-content\/uploads\/2025\/10\/te-solidario-Instituto-Orientacion-Juvenil-Goya-4-Gabriela-Godoy-y-Raul-Chaves-768x1023.jpg 768w, https:\/\/elpueblonoticia.com.ar\/web\/wp-content\/uploads\/2025\/10\/te-solidario-Instituto-Orientacion-Juvenil-Goya-4-Gabriela-Godoy-y-Raul-Chaves-1154x1536.jpg 1154w, https:\/\/elpueblonoticia.com.ar\/web\/wp-content\/uploads\/2025\/10\/te-solidario-Instituto-Orientacion-Juvenil-Goya-4-Gabriela-Godoy-y-Raul-Chaves-315x420.jpg 315w, https:\/\/elpueblonoticia.com.ar\/web\/wp-content\/uploads\/2025\/10\/te-solidario-Instituto-Orientacion-Juvenil-Goya-4-Gabriela-Godoy-y-Raul-Chaves-696x927.jpg 696w, https:\/\/elpueblonoticia.com.ar\/web\/wp-content\/uploads\/2025\/10\/te-solidario-Instituto-Orientacion-Juvenil-Goya-4-Gabriela-Godoy-y-Raul-Chaves-1068x1422.jpg 1068w, https:\/\/elpueblonoticia.com.ar\/web\/wp-content\/uploads\/2025\/10\/te-solidario-Instituto-Orientacion-Juvenil-Goya-4-Gabriela-Godoy-y-Raul-Chaves.jpg 1538w\" sizes=\"auto, (max-width: 225px) 100vw, 225px\" \/><img loading=\"lazy\" decoding=\"async\" class=\"alignnone size-medium wp-image-1730\" src=\"https:\/\/elpueblonoticia.com.ar\/web\/wp-content\/uploads\/2025\/10\/te-solidario-Instituto-Orientacion-Juvenil-Goya-5-225x300.jpg\" alt=\"\" width=\"225\" height=\"300\" srcset=\"https:\/\/elpueblonoticia.com.ar\/web\/wp-content\/uploads\/2025\/10\/te-solidario-Instituto-Orientacion-Juvenil-Goya-5-225x300.jpg 225w, https:\/\/elpueblonoticia.com.ar\/web\/wp-content\/uploads\/2025\/10\/te-solidario-Instituto-Orientacion-Juvenil-Goya-5-769x1024.jpg 769w, https:\/\/elpueblonoticia.com.ar\/web\/wp-content\/uploads\/2025\/10\/te-solidario-Instituto-Orientacion-Juvenil-Goya-5-768x1023.jpg 768w, https:\/\/elpueblonoticia.com.ar\/web\/wp-content\/uploads\/2025\/10\/te-solidario-Instituto-Orientacion-Juvenil-Goya-5-1154x1536.jpg 1154w, https:\/\/elpueblonoticia.com.ar\/web\/wp-content\/uploads\/2025\/10\/te-solidario-Instituto-Orientacion-Juvenil-Goya-5-315x420.jpg 315w, https:\/\/elpueblonoticia.com.ar\/web\/wp-content\/uploads\/2025\/10\/te-solidario-Instituto-Orientacion-Juvenil-Goya-5-696x927.jpg 696w, https:\/\/elpueblonoticia.com.ar\/web\/wp-content\/uploads\/2025\/10\/te-solidario-Instituto-Orientacion-Juvenil-Goya-5-1068x1422.jpg 1068w, https:\/\/elpueblonoticia.com.ar\/web\/wp-content\/uploads\/2025\/10\/te-solidario-Instituto-Orientacion-Juvenil-Goya-5.jpg 1538w\" sizes=\"auto, (max-width: 225px) 100vw, 225px\" \/><img loading=\"lazy\" decoding=\"async\" class=\"alignnone size-medium wp-image-1731\" src=\"https:\/\/elpueblonoticia.com.ar\/web\/wp-content\/uploads\/2025\/10\/te-solidario-Instituto-Orientacion-Juvenil-Goya-6-300x225.jpg\" alt=\"\" width=\"300\" height=\"225\" srcset=\"https:\/\/elpueblonoticia.com.ar\/web\/wp-content\/uploads\/2025\/10\/te-solidario-Instituto-Orientacion-Juvenil-Goya-6-300x225.jpg 300w, https:\/\/elpueblonoticia.com.ar\/web\/wp-content\/uploads\/2025\/10\/te-solidario-Instituto-Orientacion-Juvenil-Goya-6-1024x769.jpg 1024w, https:\/\/elpueblonoticia.com.ar\/web\/wp-content\/uploads\/2025\/10\/te-solidario-Instituto-Orientacion-Juvenil-Goya-6-768x577.jpg 768w, https:\/\/elpueblonoticia.com.ar\/web\/wp-content\/uploads\/2025\/10\/te-solidario-Instituto-Orientacion-Juvenil-Goya-6-1536x1154.jpg 1536w, https:\/\/elpueblonoticia.com.ar\/web\/wp-content\/uploads\/2025\/10\/te-solidario-Instituto-Orientacion-Juvenil-Goya-6-559x420.jpg 559w, https:\/\/elpueblonoticia.com.ar\/web\/wp-content\/uploads\/2025\/10\/te-solidario-Instituto-Orientacion-Juvenil-Goya-6-80x60.jpg 80w, https:\/\/elpueblonoticia.com.ar\/web\/wp-content\/uploads\/2025\/10\/te-solidario-Instituto-Orientacion-Juvenil-Goya-6-696x523.jpg 696w, https:\/\/elpueblonoticia.com.ar\/web\/wp-content\/uploads\/2025\/10\/te-solidario-Instituto-Orientacion-Juvenil-Goya-6-1068x802.jpg 1068w, https:\/\/elpueblonoticia.com.ar\/web\/wp-content\/uploads\/2025\/10\/te-solidario-Instituto-Orientacion-Juvenil-Goya-6-265x198.jpg 265w, https:\/\/elpueblonoticia.com.ar\/web\/wp-content\/uploads\/2025\/10\/te-solidario-Instituto-Orientacion-Juvenil-Goya-6.jpg 2048w\" sizes=\"auto, (max-width: 300px) 100vw, 300px\" \/><\/p>\n<p class=\"x_MsoNormal\" data-olk-copy-source=\"MessageBody\">T\u00c9 SOLIDARIO<\/p>\n<p class=\"x_MsoNormal\" data-olk-copy-source=\"MessageBody\">El Sal\u00f3n Emperador de Casinos del Litoral Goya fue el escenario para desarrollar este evento solidario organizado por el IOJG, con una excelente respuesta de la sociedad asistiendo a este encuentro, el domingo en horas de la tarde.<\/p>\n<p class=\"x_MsoNormal\">La directora de la instituci\u00f3n que dedica su accionar a acompa\u00f1ar ni\u00f1os y adolescentes que requieren de oportunidades, Anal\u00eda Segovia, agradeci\u00f3 la presencia de todos los que participaron del T\u00e9 Solidario, reconociendo el aporte de la Municipalidad de Goya, a trav\u00e9s de la Direcci\u00f3n de Cultura. As\u00ed es como valor\u00f3 el gesto del director Manuel Zampar que sum\u00f3 al evento m\u00fasicos, bailarines y el sonido. La gratitud extendi\u00f3 a la directora del Ballet Oficial profesora Ana Mar\u00eda Traini por la presentaci\u00f3n de los integrantes de ese cuadro municipal de baile, Gabriela Godoy y Ra\u00fal Ch\u00e1vez, al director de la Escuela de M\u00fasica \u201cAlcides Romero\u201d, profesor Lisandro Mart\u00ednez, por el acompa\u00f1amiento de los m\u00fasicos Hugo Borghi (Saxo), integrante de la Orquesta de C\u00e1mara, y Victoria Maciel Aguirre (Viol\u00edn), cursante de la mencionada escuela municipal.<\/p>\n<p class=\"x_MsoNormal\" aria-hidden=\"true\">\n<p class=\"x_MsoNormal\">La directora en su alocuci\u00f3n rese\u00f1\u00f3 las acciones desplegadas por el Instituto de Orientaci\u00f3n Juvenil, promoviendo una educaci\u00f3n integral para ni\u00f1os y adolescentes de sectores sociales vulnerables, invitando a los presentes a sumarse a esta tarea voluntaria, para lo cual dej\u00f3 indicado la manera de contactarse con la instituci\u00f3n:<\/p>\n<p class=\"x_gmail-MsoListParagraphCxSpFirst\">\u00b7\u00a0\u00a0\u00a0\u00a0\u00a0\u00a0\u00a0\u00a0\u00a0Correo electr\u00f3nico\u00a0<a title=\"mailto:institutodeorientacionjuvenil@gmail.com\" href=\"mailto:institutodeorientacionjuvenil@gmail.com\" data-linkindex=\"0\">institutodeorientacionjuvenil@gmail.com<\/a><\/p>\n<p class=\"x_gmail-MsoListParagraphCxSpMiddle\">\u00b7\u00a0\u00a0\u00a0\u00a0\u00a0\u00a0\u00a0\u00a0\u00a0P\u00e1gina web:\u00a0<a title=\"http:\/\/www.iojgoya.com.ar\/\" href=\"http:\/\/www.iojgoya.com.ar\/\" data-auth=\"NotApplicable\" data-linkindex=\"1\">www.iojgoya.com.ar<\/a><\/p>\n<p class=\"x_gmail-MsoListParagraphCxSpMiddle\">\u00b7\u00a0\u00a0\u00a0\u00a0\u00a0\u00a0\u00a0\u00a0\u00a0Tel\u00e9fonos: 3777 404664; 3777 536703 o 3794 597128<\/p>\n<p class=\"x_gmail-MsoListParagraphCxSpLast\">\u00b7\u00a0\u00a0\u00a0\u00a0\u00a0\u00a0\u00a0\u00a0\u00a0Redes: Facebook o Instagram @iojgoya<\/p>\n<p class=\"x_MsoNormal\" aria-hidden=\"true\">\n<p class=\"x_MsoNormal\">El instituto est\u00e1 localizado en Paraje Rinc\u00f3n de G\u00f3mez (frente al Aeropuerto Goya).<\/p>\n<p class=\"x_MsoNormal\" aria-hidden=\"true\">\n<p class=\"x_MsoNormal\">Para reforzar sus palabras se bas\u00f3 en la proyecci\u00f3n de un audiovisual que su contenido reflej\u00f3 todas las herramientas que brindan a ese sector de la poblaci\u00f3n de nuestra ciudad.<\/p>\n<p class=\"x_MsoNormal\" aria-hidden=\"true\">\n<p class=\"x_MsoNormal\">La velada amenizada por el show brindado por los artistas prosigui\u00f3 con el sorteo de numerosos obsequios, gentileza de comercios y empresas de Goya.<\/p>\n","protected":false},"excerpt":{"rendered":"<p>T\u00c9 SOLIDARIO El Sal\u00f3n Emperador de Casinos del Litoral Goya fue el escenario para desarrollar este evento solidario organizado por el IOJG, con una excelente respuesta de la sociedad asistiendo a este encuentro, el domingo en horas de la tarde. La directora de la instituci\u00f3n que dedica su accionar a acompa\u00f1ar ni\u00f1os y adolescentes que [&hellip;]<\/p>\n","protected":false},"author":2,"featured_media":1726,"comment_status":"open","ping_status":"open","sticky":false,"template":"","format":"standard","meta":{"footnotes":""},"categories":[78],"tags":[],"class_list":{"0":"post-1725","1":"post","2":"type-post","3":"status-publish","4":"format-standard","5":"has-post-thumbnail","7":"category-generales"},"_links":{"self":[{"href":"https:\/\/elpueblonoticia.com.ar\/web\/wp-json\/wp\/v2\/posts\/1725","targetHints":{"allow":["GET"]}}],"collection":[{"href":"https:\/\/elpueblonoticia.com.ar\/web\/wp-json\/wp\/v2\/posts"}],"about":[{"href":"https:\/\/elpueblonoticia.com.ar\/web\/wp-json\/wp\/v2\/types\/post"}],"author":[{"embeddable":true,"href":"https:\/\/elpueblonoticia.com.ar\/web\/wp-json\/wp\/v2\/users\/2"}],"replies":[{"embeddable":true,"href":"https:\/\/elpueblonoticia.com.ar\/web\/wp-json\/wp\/v2\/comments?post=1725"}],"version-history":[{"count":0,"href":"https:\/\/elpueblonoticia.com.ar\/web\/wp-json\/wp\/v2\/posts\/1725\/revisions"}],"wp:featuredmedia":[{"embeddable":true,"href":"https:\/\/elpueblonoticia.com.ar\/web\/wp-json\/wp\/v2\/media\/1726"}],"wp:attachment":[{"href":"https:\/\/elpueblonoticia.com.ar\/web\/wp-json\/wp\/v2\/media?parent=1725"}],"wp:term":[{"taxonomy":"category","embeddable":true,"href":"https:\/\/elpueblonoticia.com.ar\/web\/wp-json\/wp\/v2\/categories?post=1725"},{"taxonomy":"post_tag","embeddable":true,"href":"https:\/\/elpueblonoticia.com.ar\/web\/wp-json\/wp\/v2\/tags?post=1725"}],"curies":[{"name":"wp","href":"https:\/\/api.w.org\/{rel}","templated":true}]}}