{"id":1711,"date":"2025-10-14T09:48:24","date_gmt":"2025-10-14T12:48:24","guid":{"rendered":"https:\/\/elpueblonoticia.com.ar\/web\/?p=1711"},"modified":"2025-10-14T09:48:24","modified_gmt":"2025-10-14T12:48:24","slug":"reserva-provincial-isoro","status":"publish","type":"post","link":"https:\/\/elpueblonoticia.com.ar\/web\/2025\/10\/14\/reserva-provincial-isoro\/","title":{"rendered":"RESERVA PROVINCIAL ISOR\u00d3"},"content":{"rendered":"<p class=\"x_MsoNormal\"><i data-olk-copy-source=\"MessageBody\">Se avanza en la conformaci\u00f3n de una Unidad Ejecutora Provincial con la propuesta de integrar una Mesa de Trabajo<\/i>.<\/p>\n<p class=\"x_MsoNormal\">En la ma\u00f1ana de este lunes, en el Sal\u00f3n de Acuerdos el intendente Mariano Hormaechea se reuni\u00f3 para tratar sobre la Reserva Natural \u201cIsor\u00f3\u201d, junto al senador provincial Ignacio Osella y Pedro S\u00e1. Durante el encuentro se avanz\u00f3 en la conformaci\u00f3n de una Unidad Ejecutora Provincial con la propuesta de conformar la integraci\u00f3n de una Mesa de Trabajo del Comit\u00e9 Isor\u00f3.<\/p>\n<p class=\"x_MsoNormal\">Con el objetivo de continuar con los avances de este territorio declarado Reserva Provincial, analizando el potencial de este humedal, con el correspondiente desarrollo tur\u00edstico, que comprende a tres municipios: Goya, San Isidro y Esquina. En el \u00faltimo tiempo se dieron pasos importantes con la Declaraci\u00f3n a trav\u00e9s de la Ley Provincial N\u00b0 6655\/23, estableciendo la Reserva Natural &#8220;Arroyo Isor\u00f3&#8221;.<\/p>\n<p class=\"x_MsoNormal\">Esta ley tiene como objetivo proteger el \u00e1rea natural y promover el turismo sostenible, regulando actividades dentro de la reserva. La importancia de la ley radica en la protecci\u00f3n del medio ambiente en una extensa \u00e1rea de alrededor de 70.000 hect\u00e1reas. La ley designa a la Direcci\u00f3n de Parques y Reservas como la autoridad de aplicaci\u00f3n.<\/p>\n","protected":false},"excerpt":{"rendered":"<p>Se avanza en la conformaci\u00f3n de una Unidad Ejecutora Provincial con la propuesta de integrar una Mesa de Trabajo. En la ma\u00f1ana de este lunes, en el Sal\u00f3n de Acuerdos el intendente Mariano Hormaechea se reuni\u00f3 para tratar sobre la Reserva Natural \u201cIsor\u00f3\u201d, junto al senador provincial Ignacio Osella y Pedro S\u00e1. Durante el encuentro [&hellip;]<\/p>\n","protected":false},"author":2,"featured_media":1715,"comment_status":"open","ping_status":"open","sticky":false,"template":"","format":"standard","meta":{"footnotes":""},"categories":[56],"tags":[],"class_list":{"0":"post-1711","1":"post","2":"type-post","3":"status-publish","4":"format-standard","5":"has-post-thumbnail","7":"category-locales"},"_links":{"self":[{"href":"https:\/\/elpueblonoticia.com.ar\/web\/wp-json\/wp\/v2\/posts\/1711","targetHints":{"allow":["GET"]}}],"collection":[{"href":"https:\/\/elpueblonoticia.com.ar\/web\/wp-json\/wp\/v2\/posts"}],"about":[{"href":"https:\/\/elpueblonoticia.com.ar\/web\/wp-json\/wp\/v2\/types\/post"}],"author":[{"embeddable":true,"href":"https:\/\/elpueblonoticia.com.ar\/web\/wp-json\/wp\/v2\/users\/2"}],"replies":[{"embeddable":true,"href":"https:\/\/elpueblonoticia.com.ar\/web\/wp-json\/wp\/v2\/comments?post=1711"}],"version-history":[{"count":0,"href":"https:\/\/elpueblonoticia.com.ar\/web\/wp-json\/wp\/v2\/posts\/1711\/revisions"}],"wp:featuredmedia":[{"embeddable":true,"href":"https:\/\/elpueblonoticia.com.ar\/web\/wp-json\/wp\/v2\/media\/1715"}],"wp:attachment":[{"href":"https:\/\/elpueblonoticia.com.ar\/web\/wp-json\/wp\/v2\/media?parent=1711"}],"wp:term":[{"taxonomy":"category","embeddable":true,"href":"https:\/\/elpueblonoticia.com.ar\/web\/wp-json\/wp\/v2\/categories?post=1711"},{"taxonomy":"post_tag","embeddable":true,"href":"https:\/\/elpueblonoticia.com.ar\/web\/wp-json\/wp\/v2\/tags?post=1711"}],"curies":[{"name":"wp","href":"https:\/\/api.w.org\/{rel}","templated":true}]}}