{"id":1691,"date":"2025-10-14T08:07:39","date_gmt":"2025-10-14T11:07:39","guid":{"rendered":"https:\/\/elpueblonoticia.com.ar\/web\/?p=1691"},"modified":"2025-10-14T08:07:39","modified_gmt":"2025-10-14T11:07:39","slug":"mantenimiento-limpieza-y-plantacion-de-especies-en-la-sala-san-ramon","status":"publish","type":"post","link":"https:\/\/elpueblonoticia.com.ar\/web\/2025\/10\/14\/mantenimiento-limpieza-y-plantacion-de-especies-en-la-sala-san-ramon\/","title":{"rendered":"MANTENIMIENTO, LIMPIEZA Y PLANTACI\u00d3N DE ESPECIES EN LA SALA SAN RAM\u00d3N"},"content":{"rendered":"<p data-olk-copy-source=\"MessageBody\"><img loading=\"lazy\" decoding=\"async\" class=\"alignnone size-medium wp-image-1693\" src=\"https:\/\/elpueblonoticia.com.ar\/web\/wp-content\/uploads\/2025\/10\/trabajos-limpieza-y-plantacion-malvones-Sala-San-Ramon-6-135x300.jpg\" alt=\"\" width=\"135\" height=\"300\" srcset=\"https:\/\/elpueblonoticia.com.ar\/web\/wp-content\/uploads\/2025\/10\/trabajos-limpieza-y-plantacion-malvones-Sala-San-Ramon-6-135x300.jpg 135w, https:\/\/elpueblonoticia.com.ar\/web\/wp-content\/uploads\/2025\/10\/trabajos-limpieza-y-plantacion-malvones-Sala-San-Ramon-6-461x1024.jpg 461w, https:\/\/elpueblonoticia.com.ar\/web\/wp-content\/uploads\/2025\/10\/trabajos-limpieza-y-plantacion-malvones-Sala-San-Ramon-6-189x420.jpg 189w, https:\/\/elpueblonoticia.com.ar\/web\/wp-content\/uploads\/2025\/10\/trabajos-limpieza-y-plantacion-malvones-Sala-San-Ramon-6.jpg 576w\" sizes=\"auto, (max-width: 135px) 100vw, 135px\" \/><img loading=\"lazy\" decoding=\"async\" class=\"alignnone size-medium wp-image-1694\" src=\"https:\/\/elpueblonoticia.com.ar\/web\/wp-content\/uploads\/2025\/10\/trabajos-limpieza-y-plantacion-malvones-Sala-San-Ramon-3-135x300.jpg\" alt=\"\" width=\"135\" height=\"300\" srcset=\"https:\/\/elpueblonoticia.com.ar\/web\/wp-content\/uploads\/2025\/10\/trabajos-limpieza-y-plantacion-malvones-Sala-San-Ramon-3-135x300.jpg 135w, https:\/\/elpueblonoticia.com.ar\/web\/wp-content\/uploads\/2025\/10\/trabajos-limpieza-y-plantacion-malvones-Sala-San-Ramon-3-461x1024.jpg 461w, https:\/\/elpueblonoticia.com.ar\/web\/wp-content\/uploads\/2025\/10\/trabajos-limpieza-y-plantacion-malvones-Sala-San-Ramon-3-189x420.jpg 189w, https:\/\/elpueblonoticia.com.ar\/web\/wp-content\/uploads\/2025\/10\/trabajos-limpieza-y-plantacion-malvones-Sala-San-Ramon-3.jpg 576w\" sizes=\"auto, (max-width: 135px) 100vw, 135px\" \/><img loading=\"lazy\" decoding=\"async\" class=\"alignnone size-medium wp-image-1695\" src=\"https:\/\/elpueblonoticia.com.ar\/web\/wp-content\/uploads\/2025\/10\/trabajos-limpieza-y-plantacion-malvones-Sala-San-Ramon-4-135x300.jpg\" alt=\"\" width=\"135\" height=\"300\" srcset=\"https:\/\/elpueblonoticia.com.ar\/web\/wp-content\/uploads\/2025\/10\/trabajos-limpieza-y-plantacion-malvones-Sala-San-Ramon-4-135x300.jpg 135w, https:\/\/elpueblonoticia.com.ar\/web\/wp-content\/uploads\/2025\/10\/trabajos-limpieza-y-plantacion-malvones-Sala-San-Ramon-4-461x1024.jpg 461w, https:\/\/elpueblonoticia.com.ar\/web\/wp-content\/uploads\/2025\/10\/trabajos-limpieza-y-plantacion-malvones-Sala-San-Ramon-4-189x420.jpg 189w, https:\/\/elpueblonoticia.com.ar\/web\/wp-content\/uploads\/2025\/10\/trabajos-limpieza-y-plantacion-malvones-Sala-San-Ramon-4.jpg 576w\" sizes=\"auto, (max-width: 135px) 100vw, 135px\" \/><img loading=\"lazy\" decoding=\"async\" class=\"alignnone  wp-image-1697\" src=\"https:\/\/elpueblonoticia.com.ar\/web\/wp-content\/uploads\/2025\/10\/trabajos-limpieza-y-plantacion-malvones-Sala-San-Ramon-2-135x300.jpg\" alt=\"\" width=\"175\" height=\"388\" srcset=\"https:\/\/elpueblonoticia.com.ar\/web\/wp-content\/uploads\/2025\/10\/trabajos-limpieza-y-plantacion-malvones-Sala-San-Ramon-2-135x300.jpg 135w, https:\/\/elpueblonoticia.com.ar\/web\/wp-content\/uploads\/2025\/10\/trabajos-limpieza-y-plantacion-malvones-Sala-San-Ramon-2-461x1024.jpg 461w, https:\/\/elpueblonoticia.com.ar\/web\/wp-content\/uploads\/2025\/10\/trabajos-limpieza-y-plantacion-malvones-Sala-San-Ramon-2-189x420.jpg 189w, https:\/\/elpueblonoticia.com.ar\/web\/wp-content\/uploads\/2025\/10\/trabajos-limpieza-y-plantacion-malvones-Sala-San-Ramon-2.jpg 576w\" sizes=\"auto, (max-width: 175px) 100vw, 175px\" \/><img loading=\"lazy\" decoding=\"async\" class=\"alignnone size-medium wp-image-1696\" src=\"https:\/\/elpueblonoticia.com.ar\/web\/wp-content\/uploads\/2025\/10\/trabajos-limpieza-y-plantacion-malvones-Sala-San-Ramon-5-135x300.jpg\" alt=\"\" width=\"135\" height=\"300\" srcset=\"https:\/\/elpueblonoticia.com.ar\/web\/wp-content\/uploads\/2025\/10\/trabajos-limpieza-y-plantacion-malvones-Sala-San-Ramon-5-135x300.jpg 135w, https:\/\/elpueblonoticia.com.ar\/web\/wp-content\/uploads\/2025\/10\/trabajos-limpieza-y-plantacion-malvones-Sala-San-Ramon-5-461x1024.jpg 461w, https:\/\/elpueblonoticia.com.ar\/web\/wp-content\/uploads\/2025\/10\/trabajos-limpieza-y-plantacion-malvones-Sala-San-Ramon-5-189x420.jpg 189w, https:\/\/elpueblonoticia.com.ar\/web\/wp-content\/uploads\/2025\/10\/trabajos-limpieza-y-plantacion-malvones-Sala-San-Ramon-5.jpg 576w\" sizes=\"auto, (max-width: 135px) 100vw, 135px\" \/><\/p>\n<p class=\"x_MsoNormal\" data-olk-copy-source=\"MessageBody\">Personal del Vivero Municipal intervino en la Sala de Atenci\u00f3n Primaria de la Salud del barrio San Ram\u00f3n durante la jornada de este lunes.<\/p>\n<p class=\"x_MsoNormal\">En ese espacio de atenci\u00f3n al p\u00fablico, los agentes se encargaron de cortar el pasto, limpiar, mantener el lugar e implantar 100 malvones provenientes del Vivero Municipal.<\/p>\n<p class=\"x_MsoNormal\">De esa manera, no solo se atiende al cuidado de la sala, sino que se busca embellecer el espacio que recibe diariamente a los vecinos del barrio que asisten al centro primario de salud.<\/p>\n","protected":false},"excerpt":{"rendered":"<p>Personal del Vivero Municipal intervino en la Sala de Atenci\u00f3n Primaria de la Salud del barrio San Ram\u00f3n durante la jornada de este lunes. En ese espacio de atenci\u00f3n al p\u00fablico, los agentes se encargaron de cortar el pasto, limpiar, mantener el lugar e implantar 100 malvones provenientes del Vivero Municipal. De esa manera, no [&hellip;]<\/p>\n","protected":false},"author":2,"featured_media":1692,"comment_status":"open","ping_status":"open","sticky":false,"template":"","format":"standard","meta":{"footnotes":""},"categories":[56],"tags":[],"class_list":{"0":"post-1691","1":"post","2":"type-post","3":"status-publish","4":"format-standard","5":"has-post-thumbnail","7":"category-locales"},"_links":{"self":[{"href":"https:\/\/elpueblonoticia.com.ar\/web\/wp-json\/wp\/v2\/posts\/1691","targetHints":{"allow":["GET"]}}],"collection":[{"href":"https:\/\/elpueblonoticia.com.ar\/web\/wp-json\/wp\/v2\/posts"}],"about":[{"href":"https:\/\/elpueblonoticia.com.ar\/web\/wp-json\/wp\/v2\/types\/post"}],"author":[{"embeddable":true,"href":"https:\/\/elpueblonoticia.com.ar\/web\/wp-json\/wp\/v2\/users\/2"}],"replies":[{"embeddable":true,"href":"https:\/\/elpueblonoticia.com.ar\/web\/wp-json\/wp\/v2\/comments?post=1691"}],"version-history":[{"count":0,"href":"https:\/\/elpueblonoticia.com.ar\/web\/wp-json\/wp\/v2\/posts\/1691\/revisions"}],"wp:featuredmedia":[{"embeddable":true,"href":"https:\/\/elpueblonoticia.com.ar\/web\/wp-json\/wp\/v2\/media\/1692"}],"wp:attachment":[{"href":"https:\/\/elpueblonoticia.com.ar\/web\/wp-json\/wp\/v2\/media?parent=1691"}],"wp:term":[{"taxonomy":"category","embeddable":true,"href":"https:\/\/elpueblonoticia.com.ar\/web\/wp-json\/wp\/v2\/categories?post=1691"},{"taxonomy":"post_tag","embeddable":true,"href":"https:\/\/elpueblonoticia.com.ar\/web\/wp-json\/wp\/v2\/tags?post=1691"}],"curies":[{"name":"wp","href":"https:\/\/api.w.org\/{rel}","templated":true}]}}