{"id":1687,"date":"2025-10-14T07:58:20","date_gmt":"2025-10-14T10:58:20","guid":{"rendered":"https:\/\/elpueblonoticia.com.ar\/web\/?p=1687"},"modified":"2025-10-14T07:58:20","modified_gmt":"2025-10-14T10:58:20","slug":"muestra-de-peinados-de-temporada-y-tematicos-en-la-escuela-municipal-antonio-r-villarreal","status":"publish","type":"post","link":"https:\/\/elpueblonoticia.com.ar\/web\/2025\/10\/14\/muestra-de-peinados-de-temporada-y-tematicos-en-la-escuela-municipal-antonio-r-villarreal\/","title":{"rendered":"MUESTRA DE PEINADOS DE TEMPORADA Y TEM\u00c1TICOS EN LA ESCUELA MUNICIPAL \u201cANTONIO R VILLARREAL\u201d"},"content":{"rendered":"<p>ESTE MARTES:<\/p>\n<p class=\"x_MsoNormal\" data-olk-copy-source=\"MessageBody\">Alumnas de la Escuela &#8220;Antonio Villarreal&#8221; exhibir\u00e1n sus habilidades en una jornada donde la creatividad se une a las tendencias de primavera-verano y &#8220;Halloween&#8221;.<\/p>\n<p class=\"x_MsoNormal\">Este 14 de octubre, en el horario de 10 a 11 horas, en la Escuela \u201cAntonio Villarreal\u201d se llevar\u00e1 a cabo la Segunda Muestra de Peinados Tendencia Primavera Verano del Sector Est\u00e9tica Profesional.<\/p>\n<p class=\"x_MsoNormal\">La capacitadora del curso sobre Peinados Tem\u00e1ticos y de Fiestas, Lorena Espinoza destac\u00f3 que se har\u00e1 una clase con tiempo reloj, y una muestra del trabajo que realiza el Sector de Est\u00e9tica Profesional de la Escuela. Las tem\u00e1ticas del evento ser\u00e1n los peinados en tendencia Primavera Verano y Peinados Tem\u00e1ticos referido a \u201cHalloween\u201d.<\/p>\n<p class=\"x_MsoNormal\">La muestra ser\u00e1 de acceso gratuito, para todo p\u00fablico. Se realizar\u00e1 en el patio de la Escuela Municipal, por avenida Neustadt 181. Se trata de mostrar todo lo que los alumnos vienen realizando en su especialidad.<\/p>\n<p class=\"x_MsoNormal\">Esto se viene realizando a lo largo del a\u00f1o e incluye colaboraciones en eventos de importancia como la Fiesta Nacional del Surub\u00ed, recientemente, colaboraron en la elecci\u00f3n de la Reina de la Estudiantina.<\/p>\n<p class=\"x_MsoNormal\">Se trata de pr\u00e1cticas profesionalizantes que hacen los alumnos y que son muy valiosas y enriquecedoras para los alumnos y para la misma carrera que cursan.<\/p>\n<p class=\"x_MsoNormal\">TEM\u00c1TICA DE LA MUESTRA<\/p>\n<p class=\"x_MsoNormal\">En relaci\u00f3n a este evento, en declaraciones a Radio Ciudad, la docente Lorena Espinoza coment\u00f3 que \u201cla jornada que vamos a tener este martes 14 en la Escuela \u201cAntonio Villarreal\u201d ubicada en avenida Neustadt 181, donde la jornada va a ser de 10 a 11 horas, la tem\u00e1tica ser\u00e1 peinados en tendencia Primavera Verano y Peinados Tem\u00e1ticos referido a lo que se viene ahora pr\u00f3ximamente, que son las fiestas de Halloween, para los chicos, se est\u00e1n preparando para esos diferentes eventos en los que por ah\u00ed les toca participar peinando con algo extravagante o no y de libre imaginaci\u00f3n con un per\u00edodo de una hora reloj y que el resultado se pueda ver reflejado en un peque\u00f1o desfile para el p\u00fablico en general, est\u00e1n invitados todos, obviamente\u201d.<\/p>\n<p class=\"x_MsoNormal\">\u201cTenemos un auge de todos los eventos a nivel municipal, y en los que la escuela va a estar participando siempre, por ejemplo durante la Fiesta Nacional del Surub\u00ed y en diferentes eventos importantes de la ciudad y que esto se vea reflejado este martes en una peque\u00f1a muestra, una clase con un tiempo reloj para que las chicas puedan hacer diferentes peinados para diferentes p\u00fablicos, ellas mismas se encargaron de gestionar y traer en el transcurso de la ma\u00f1ana, en que vamos a arrancar tempranito y creo que el clima va a acompa\u00f1ar porque tenemos pensado hacerlo afuera al aire libre, en la escuela\u201d, dijo la docente.<\/p>\n<p class=\"x_MsoNormal\">Se visibilizar\u00e1 el trabajo que realizan los alumnos que se capacitan a diario. \u201cAgradecemos a la Secretaria de Educaci\u00f3n, la doctora Sonia Espina que nos acompa\u00f1a siempre y obviamente la gesti\u00f3n del intendente Mariano Hormaechea quien siempre est\u00e1 colaborando y presenciando estos eventos\u201d, remarc\u00f3 Lorena Espinoza.<\/p>\n<p class=\"x_MsoNormal\">APOYO MUNICIPAL<\/p>\n<p class=\"x_MsoNormal\">Lorena Espinoza record\u00f3 que todas las actividades de capacitaci\u00f3n son posibles por el apoyo constante de la Municipalidad y que esto permite contar con todas las herramientas \u201c de l\u00ednea profesional, todos los insumos para que puedan trabajar c\u00f3modos para que las chicas tengan y que se pueda trabajar sobre los clientes, cabe resaltar que es un trabajo totalmente gratuito para el p\u00fablico en general\u00a0 que puede venir a asistirse al Sector Est\u00e9tica Profesional de la Escuela, donde se da en el Primer A\u00f1o y Segundo A\u00f1o con Peluquer\u00eda\u201d.<\/p>\n","protected":false},"excerpt":{"rendered":"<p>ESTE MARTES: Alumnas de la Escuela &#8220;Antonio Villarreal&#8221; exhibir\u00e1n sus habilidades en una jornada donde la creatividad se une a las tendencias de primavera-verano y &#8220;Halloween&#8221;. Este 14 de octubre, en el horario de 10 a 11 horas, en la Escuela \u201cAntonio Villarreal\u201d se llevar\u00e1 a cabo la Segunda Muestra de Peinados Tendencia Primavera Verano [&hellip;]<\/p>\n","protected":false},"author":2,"featured_media":1688,"comment_status":"open","ping_status":"open","sticky":false,"template":"","format":"standard","meta":{"footnotes":""},"categories":[56],"tags":[],"class_list":{"0":"post-1687","1":"post","2":"type-post","3":"status-publish","4":"format-standard","5":"has-post-thumbnail","7":"category-locales"},"_links":{"self":[{"href":"https:\/\/elpueblonoticia.com.ar\/web\/wp-json\/wp\/v2\/posts\/1687","targetHints":{"allow":["GET"]}}],"collection":[{"href":"https:\/\/elpueblonoticia.com.ar\/web\/wp-json\/wp\/v2\/posts"}],"about":[{"href":"https:\/\/elpueblonoticia.com.ar\/web\/wp-json\/wp\/v2\/types\/post"}],"author":[{"embeddable":true,"href":"https:\/\/elpueblonoticia.com.ar\/web\/wp-json\/wp\/v2\/users\/2"}],"replies":[{"embeddable":true,"href":"https:\/\/elpueblonoticia.com.ar\/web\/wp-json\/wp\/v2\/comments?post=1687"}],"version-history":[{"count":0,"href":"https:\/\/elpueblonoticia.com.ar\/web\/wp-json\/wp\/v2\/posts\/1687\/revisions"}],"wp:featuredmedia":[{"embeddable":true,"href":"https:\/\/elpueblonoticia.com.ar\/web\/wp-json\/wp\/v2\/media\/1688"}],"wp:attachment":[{"href":"https:\/\/elpueblonoticia.com.ar\/web\/wp-json\/wp\/v2\/media?parent=1687"}],"wp:term":[{"taxonomy":"category","embeddable":true,"href":"https:\/\/elpueblonoticia.com.ar\/web\/wp-json\/wp\/v2\/categories?post=1687"},{"taxonomy":"post_tag","embeddable":true,"href":"https:\/\/elpueblonoticia.com.ar\/web\/wp-json\/wp\/v2\/tags?post=1687"}],"curies":[{"name":"wp","href":"https:\/\/api.w.org\/{rel}","templated":true}]}}