{"id":16786,"date":"2026-08-31T12:40:23","date_gmt":"2026-08-31T15:40:23","guid":{"rendered":"https:\/\/elpueblonoticia.com.ar\/web\/?p=16786"},"modified":"2026-08-31T12:40:23","modified_gmt":"2026-08-31T15:40:23","slug":"lionel-messi-le-puso-punto-final-a-su-historia-con-la-seleccion-argentina","status":"publish","type":"post","link":"https:\/\/elpueblonoticia.com.ar\/web\/2026\/08\/31\/lionel-messi-le-puso-punto-final-a-su-historia-con-la-seleccion-argentina\/","title":{"rendered":"LIONEL MESSI LE PUSO PUNTO FINAL A SU HISTORIA CON LA SELECCI\u00d3N ARGENTINA"},"content":{"rendered":"<p><img loading=\"lazy\" decoding=\"async\" class=\"alignnone size-medium wp-image-16789\" src=\"https:\/\/elpueblonoticia.com.ar\/web\/wp-content\/uploads\/2026\/08\/FB_IMG_1788190615057-240x300.jpg\" alt=\"\" width=\"240\" height=\"300\" srcset=\"https:\/\/elpueblonoticia.com.ar\/web\/wp-content\/uploads\/2026\/08\/FB_IMG_1788190615057-240x300.jpg 240w, https:\/\/elpueblonoticia.com.ar\/web\/wp-content\/uploads\/2026\/08\/FB_IMG_1788190615057-819x1024.jpg 819w, https:\/\/elpueblonoticia.com.ar\/web\/wp-content\/uploads\/2026\/08\/FB_IMG_1788190615057-768x960.jpg 768w, https:\/\/elpueblonoticia.com.ar\/web\/wp-content\/uploads\/2026\/08\/FB_IMG_1788190615057-336x420.jpg 336w, https:\/\/elpueblonoticia.com.ar\/web\/wp-content\/uploads\/2026\/08\/FB_IMG_1788190615057-696x870.jpg 696w, https:\/\/elpueblonoticia.com.ar\/web\/wp-content\/uploads\/2026\/08\/FB_IMG_1788190615057-1068x1335.jpg 1068w, https:\/\/elpueblonoticia.com.ar\/web\/wp-content\/uploads\/2026\/08\/FB_IMG_1788190615057.jpg 1080w\" sizes=\"auto, (max-width: 240px) 100vw, 240px\" \/><\/p>\n<p>La noticia que ning\u00fan argentino quer\u00eda leer finalmente lleg\u00f3: Lionel Messi anunci\u00f3 oficialmente su retiro de la Selecci\u00f3n Argentina. El capit\u00e1n de la Albiceleste comunic\u00f3 la decisi\u00f3n este lunes 31 de agosto a trav\u00e9s de una emotiva carta publicada en sus redes sociales.<\/p>\n<p>El anuncio llega despu\u00e9s de su participaci\u00f3n en el Mundial 2026, donde Argentina alcanz\u00f3 nuevamente la final, aunque termin\u00f3 cayendo ante Espa\u00f1a. Messi cont\u00f3 que la decisi\u00f3n ya estaba tomada desde el 21 de julio, dos d\u00edas despu\u00e9s de aquella final, pero que decidi\u00f3 esperar para hacerla p\u00fablica.<\/p>\n<p>\u201cFue una decisi\u00f3n que doli\u00f3 y duele en el alma, pero entiendo que es el momento\u201d, escribi\u00f3 el capit\u00e1n. Y dej\u00f3 una de las frases m\u00e1s fuertes de su despedida: \u201cMe vaci\u00e9, ya no tengo m\u00e1s para dar\u201d.<\/p>\n<p>La historia de Messi con la Selecci\u00f3n comenz\u00f3 en 2005 y atraves\u00f3 m\u00e1s de dos d\u00e9cadas. En ese camino hubo derrotas, finales perdidas, cr\u00edticas y tambi\u00e9n una revancha inolvidable: la Copa Am\u00e9rica 2021, la Finalissima 2022, el Mundial de Qatar 2022 y la Copa Am\u00e9rica 2024.<\/p>\n<p>Adem\u00e1s, se despide como m\u00e1ximo goleador hist\u00f3rico y jugador con m\u00e1s partidos disputados con la Selecci\u00f3n Argentina, con 221 encuentros y 122 goles, seg\u00fan los registros publicados tras su anuncio.<\/p>\n<p>Messi tambi\u00e9n agradeci\u00f3 a sus compa\u00f1eros, entrenadores, dirigentes, familiares y a todos los argentinos que lo acompa\u00f1aron durante estos 20 a\u00f1os. Dijo que ahora alentar\u00e1 desde afuera y que se queda con \u201cla tranquilidad y el orgullo\u201d de haber vivido junto a sus compa\u00f1eros momentos que alguna vez parec\u00edan imposibles.<\/p>\n<p>Se termina una era. Se va el 10, el capit\u00e1n y uno de los grandes protagonistas de la historia de la Selecci\u00f3n.<\/p>\n<p>\ud83d\udc99\ud83e\udd0d Gracias por todo, Leo. Gracias por hacernos creer.<\/p>\n","protected":false},"excerpt":{"rendered":"<p>La noticia que ning\u00fan argentino quer\u00eda leer finalmente lleg\u00f3: Lionel Messi anunci\u00f3 oficialmente su retiro de la Selecci\u00f3n Argentina. El capit\u00e1n de la Albiceleste comunic\u00f3 la decisi\u00f3n este lunes 31 de agosto a trav\u00e9s de una emotiva carta publicada en sus redes sociales. El anuncio llega despu\u00e9s de su participaci\u00f3n en el Mundial 2026, donde [&hellip;]<\/p>\n","protected":false},"author":2,"featured_media":16788,"comment_status":"open","ping_status":"open","sticky":false,"template":"","format":"standard","meta":{"footnotes":""},"categories":[76],"tags":[],"class_list":["post-16786","post","type-post","status-publish","format-standard","has-post-thumbnail","category-deportes"],"_links":{"self":[{"href":"https:\/\/elpueblonoticia.com.ar\/web\/wp-json\/wp\/v2\/posts\/16786","targetHints":{"allow":["GET"]}}],"collection":[{"href":"https:\/\/elpueblonoticia.com.ar\/web\/wp-json\/wp\/v2\/posts"}],"about":[{"href":"https:\/\/elpueblonoticia.com.ar\/web\/wp-json\/wp\/v2\/types\/post"}],"author":[{"embeddable":true,"href":"https:\/\/elpueblonoticia.com.ar\/web\/wp-json\/wp\/v2\/users\/2"}],"replies":[{"embeddable":true,"href":"https:\/\/elpueblonoticia.com.ar\/web\/wp-json\/wp\/v2\/comments?post=16786"}],"version-history":[{"count":1,"href":"https:\/\/elpueblonoticia.com.ar\/web\/wp-json\/wp\/v2\/posts\/16786\/revisions"}],"predecessor-version":[{"id":16790,"href":"https:\/\/elpueblonoticia.com.ar\/web\/wp-json\/wp\/v2\/posts\/16786\/revisions\/16790"}],"wp:featuredmedia":[{"embeddable":true,"href":"https:\/\/elpueblonoticia.com.ar\/web\/wp-json\/wp\/v2\/media\/16788"}],"wp:attachment":[{"href":"https:\/\/elpueblonoticia.com.ar\/web\/wp-json\/wp\/v2\/media?parent=16786"}],"wp:term":[{"taxonomy":"category","embeddable":true,"href":"https:\/\/elpueblonoticia.com.ar\/web\/wp-json\/wp\/v2\/categories?post=16786"},{"taxonomy":"post_tag","embeddable":true,"href":"https:\/\/elpueblonoticia.com.ar\/web\/wp-json\/wp\/v2\/tags?post=16786"}],"curies":[{"name":"wp","href":"https:\/\/api.w.org\/{rel}","templated":true}]}}