{"id":16779,"date":"2026-08-31T12:29:36","date_gmt":"2026-08-31T15:29:36","guid":{"rendered":"https:\/\/elpueblonoticia.com.ar\/web\/?p=16779"},"modified":"2026-08-31T12:32:10","modified_gmt":"2026-08-31T15:32:10","slug":"santa-rosa-de-lima-invito-a-gobernador-martinez-a-caminar-juntos","status":"publish","type":"post","link":"https:\/\/elpueblonoticia.com.ar\/web\/2026\/08\/31\/santa-rosa-de-lima-invito-a-gobernador-martinez-a-caminar-juntos\/","title":{"rendered":"GOBERNADOR MART\u00cdNEZ CELEBR\u00d3 A SANTA ROSA DE LIMA CON FE, TRADICI\u00d3N Y UN LLAMADO A LA UNIDAD"},"content":{"rendered":"<p><img loading=\"lazy\" decoding=\"async\" class=\"alignnone size-medium wp-image-16781\" src=\"https:\/\/elpueblonoticia.com.ar\/web\/wp-content\/uploads\/2026\/08\/descarga-1-9-300x200.jpeg\" alt=\"\" width=\"300\" height=\"200\" srcset=\"https:\/\/elpueblonoticia.com.ar\/web\/wp-content\/uploads\/2026\/08\/descarga-1-9-300x200.jpeg 300w, https:\/\/elpueblonoticia.com.ar\/web\/wp-content\/uploads\/2026\/08\/descarga-1-9-1024x683.jpeg 1024w, https:\/\/elpueblonoticia.com.ar\/web\/wp-content\/uploads\/2026\/08\/descarga-1-9-768x512.jpeg 768w, https:\/\/elpueblonoticia.com.ar\/web\/wp-content\/uploads\/2026\/08\/descarga-1-9-1536x1025.jpeg 1536w, https:\/\/elpueblonoticia.com.ar\/web\/wp-content\/uploads\/2026\/08\/descarga-1-9-630x420.jpeg 630w, https:\/\/elpueblonoticia.com.ar\/web\/wp-content\/uploads\/2026\/08\/descarga-1-9-696x464.jpeg 696w, https:\/\/elpueblonoticia.com.ar\/web\/wp-content\/uploads\/2026\/08\/descarga-1-9-1068x712.jpeg 1068w, https:\/\/elpueblonoticia.com.ar\/web\/wp-content\/uploads\/2026\/08\/descarga-1-9.jpeg 2048w\" sizes=\"auto, (max-width: 300px) 100vw, 300px\" \/> <img loading=\"lazy\" decoding=\"async\" class=\"alignnone size-medium wp-image-16782\" src=\"https:\/\/elpueblonoticia.com.ar\/web\/wp-content\/uploads\/2026\/08\/descarga-24-199x300.jpeg\" alt=\"\" width=\"199\" height=\"300\" srcset=\"https:\/\/elpueblonoticia.com.ar\/web\/wp-content\/uploads\/2026\/08\/descarga-24-199x300.jpeg 199w, https:\/\/elpueblonoticia.com.ar\/web\/wp-content\/uploads\/2026\/08\/descarga-24-678x1024.jpeg 678w, https:\/\/elpueblonoticia.com.ar\/web\/wp-content\/uploads\/2026\/08\/descarga-24-768x1160.jpeg 768w, https:\/\/elpueblonoticia.com.ar\/web\/wp-content\/uploads\/2026\/08\/descarga-24-1017x1536.jpeg 1017w, https:\/\/elpueblonoticia.com.ar\/web\/wp-content\/uploads\/2026\/08\/descarga-24-278x420.jpeg 278w, https:\/\/elpueblonoticia.com.ar\/web\/wp-content\/uploads\/2026\/08\/descarga-24-696x1051.jpeg 696w, https:\/\/elpueblonoticia.com.ar\/web\/wp-content\/uploads\/2026\/08\/descarga-24-1068x1613.jpeg 1068w, https:\/\/elpueblonoticia.com.ar\/web\/wp-content\/uploads\/2026\/08\/descarga-24.jpeg 1356w\" sizes=\"auto, (max-width: 199px) 100vw, 199px\" \/> <img loading=\"lazy\" decoding=\"async\" class=\"alignnone size-medium wp-image-16783\" src=\"https:\/\/elpueblonoticia.com.ar\/web\/wp-content\/uploads\/2026\/08\/descarga-3-4-300x198.jpeg\" alt=\"\" width=\"300\" height=\"198\" srcset=\"https:\/\/elpueblonoticia.com.ar\/web\/wp-content\/uploads\/2026\/08\/descarga-3-4-300x198.jpeg 300w, https:\/\/elpueblonoticia.com.ar\/web\/wp-content\/uploads\/2026\/08\/descarga-3-4-1024x677.jpeg 1024w, https:\/\/elpueblonoticia.com.ar\/web\/wp-content\/uploads\/2026\/08\/descarga-3-4-768x508.jpeg 768w, https:\/\/elpueblonoticia.com.ar\/web\/wp-content\/uploads\/2026\/08\/descarga-3-4-1536x1016.jpeg 1536w, https:\/\/elpueblonoticia.com.ar\/web\/wp-content\/uploads\/2026\/08\/descarga-3-4-635x420.jpeg 635w, https:\/\/elpueblonoticia.com.ar\/web\/wp-content\/uploads\/2026\/08\/descarga-3-4-696x460.jpeg 696w, https:\/\/elpueblonoticia.com.ar\/web\/wp-content\/uploads\/2026\/08\/descarga-3-4-1068x706.jpeg 1068w, https:\/\/elpueblonoticia.com.ar\/web\/wp-content\/uploads\/2026\/08\/descarga-3-4-741x486.jpeg 741w, https:\/\/elpueblonoticia.com.ar\/web\/wp-content\/uploads\/2026\/08\/descarga-3-4.jpeg 1573w\" sizes=\"auto, (max-width: 300px) 100vw, 300px\" \/><\/p>\n<p>La comunidad de Gobernador Mart\u00ednez vivi\u00f3 una jornada cargada de fe y tradici\u00f3n al celebrar a su santa patrona, Santa Rosa de Lima. La celebraci\u00f3n tuvo como momento central una procesi\u00f3n por las calles del pueblo, seguida por la Eucarist\u00eda presidida por el obispo de Goya, monse\u00f1or Adolfo Ram\u00f3n Canec\u00edn.<\/p>\n<p>Familias enteras, comunidades y vecinos acompa\u00f1aron el recorrido detr\u00e1s de la imagen de Santa Rosa. A la celebraci\u00f3n tambi\u00e9n se sumaron numerosos jinetes, que le dieron un marco especial a la jornada.<\/p>\n<p>Una vez finalizada la procesi\u00f3n, monse\u00f1or Canec\u00edn realiz\u00f3 una bendici\u00f3n especial para quienes participaron a caballo. En ese momento puso bajo la protecci\u00f3n de Dios sus vidas, sus familias y las tareas que realizan cada d\u00eda.<\/p>\n<p>EL MENSAJE DE MONSE\u00d1OR CANEC\u00cdN<\/p>\n<p>Durante la homil\u00eda, el obispo invit\u00f3 a la comunidad a detenerse en el ejemplo de Santa Rosa de Lima, a quien present\u00f3 como \u201cuna mujer que supo escuchar a Dios, entregar su vida y poner su fe al servicio de los dem\u00e1s\u201d.<\/p>\n<p>A partir de ese testimonio, llam\u00f3 a los vecinos a renovar el compromiso de \u201ccaminar juntos\u201d, dejando de lado \u201cel individualismo y fortaleciendo los v\u00ednculos comunitarios\u201d.<\/p>\n<p>En ese sentido, monse\u00f1or Canec\u00edn alent\u00f3 a construir \u201cuna Iglesia en la que todos tengan un lugar y puedan aportar sus dones\u201d, llevando a la pr\u00e1ctica el llamado del S\u00ednodo a una Iglesia basada en la comuni\u00f3n, la participaci\u00f3n y la misi\u00f3n.<\/p>\n","protected":false},"excerpt":{"rendered":"<p>La comunidad de Gobernador Mart\u00ednez vivi\u00f3 una jornada cargada de fe y tradici\u00f3n al celebrar a su santa patrona, Santa Rosa de Lima. La celebraci\u00f3n tuvo como momento central una procesi\u00f3n por las calles del pueblo, seguida por la Eucarist\u00eda presidida por el obispo de Goya, monse\u00f1or Adolfo Ram\u00f3n Canec\u00edn. Familias enteras, comunidades y vecinos [&hellip;]<\/p>\n","protected":false},"author":2,"featured_media":16780,"comment_status":"open","ping_status":"open","sticky":false,"template":"","format":"standard","meta":{"footnotes":""},"categories":[78],"tags":[],"class_list":["post-16779","post","type-post","status-publish","format-standard","has-post-thumbnail","category-generales"],"_links":{"self":[{"href":"https:\/\/elpueblonoticia.com.ar\/web\/wp-json\/wp\/v2\/posts\/16779","targetHints":{"allow":["GET"]}}],"collection":[{"href":"https:\/\/elpueblonoticia.com.ar\/web\/wp-json\/wp\/v2\/posts"}],"about":[{"href":"https:\/\/elpueblonoticia.com.ar\/web\/wp-json\/wp\/v2\/types\/post"}],"author":[{"embeddable":true,"href":"https:\/\/elpueblonoticia.com.ar\/web\/wp-json\/wp\/v2\/users\/2"}],"replies":[{"embeddable":true,"href":"https:\/\/elpueblonoticia.com.ar\/web\/wp-json\/wp\/v2\/comments?post=16779"}],"version-history":[{"count":2,"href":"https:\/\/elpueblonoticia.com.ar\/web\/wp-json\/wp\/v2\/posts\/16779\/revisions"}],"predecessor-version":[{"id":16787,"href":"https:\/\/elpueblonoticia.com.ar\/web\/wp-json\/wp\/v2\/posts\/16779\/revisions\/16787"}],"wp:featuredmedia":[{"embeddable":true,"href":"https:\/\/elpueblonoticia.com.ar\/web\/wp-json\/wp\/v2\/media\/16780"}],"wp:attachment":[{"href":"https:\/\/elpueblonoticia.com.ar\/web\/wp-json\/wp\/v2\/media?parent=16779"}],"wp:term":[{"taxonomy":"category","embeddable":true,"href":"https:\/\/elpueblonoticia.com.ar\/web\/wp-json\/wp\/v2\/categories?post=16779"},{"taxonomy":"post_tag","embeddable":true,"href":"https:\/\/elpueblonoticia.com.ar\/web\/wp-json\/wp\/v2\/tags?post=16779"}],"curies":[{"name":"wp","href":"https:\/\/api.w.org\/{rel}","templated":true}]}}