{"id":16772,"date":"2026-08-31T11:59:16","date_gmt":"2026-08-31T14:59:16","guid":{"rendered":"https:\/\/elpueblonoticia.com.ar\/web\/?p=16772"},"modified":"2026-08-31T12:01:52","modified_gmt":"2026-08-31T15:01:52","slug":"santa-rosa-suma-un-hospital-y-un-nuevo-cuartel-para-fortalecer-la-salud-y-la-prevencion-de-incendios","status":"publish","type":"post","link":"https:\/\/elpueblonoticia.com.ar\/web\/2026\/08\/31\/santa-rosa-suma-un-hospital-y-un-nuevo-cuartel-para-fortalecer-la-salud-y-la-prevencion-de-incendios\/","title":{"rendered":"Vald\u00e9s encabez\u00f3 la inauguraci\u00f3n de un hospital y un cuartel de bomberos en Santa Rosa"},"content":{"rendered":"<p data-start=\"104\" data-end=\"450\"><img loading=\"lazy\" decoding=\"async\" class=\"alignnone wp-image-16773\" src=\"https:\/\/elpueblonoticia.com.ar\/web\/wp-content\/uploads\/2026\/08\/FotoJet-12-300x206.jpg\" alt=\"\" width=\"1018\" height=\"699\" srcset=\"https:\/\/elpueblonoticia.com.ar\/web\/wp-content\/uploads\/2026\/08\/FotoJet-12-300x206.jpg 300w, https:\/\/elpueblonoticia.com.ar\/web\/wp-content\/uploads\/2026\/08\/FotoJet-12-1024x703.jpg 1024w, https:\/\/elpueblonoticia.com.ar\/web\/wp-content\/uploads\/2026\/08\/FotoJet-12-768x527.jpg 768w, https:\/\/elpueblonoticia.com.ar\/web\/wp-content\/uploads\/2026\/08\/FotoJet-12-1536x1054.jpg 1536w, https:\/\/elpueblonoticia.com.ar\/web\/wp-content\/uploads\/2026\/08\/FotoJet-12-612x420.jpg 612w, https:\/\/elpueblonoticia.com.ar\/web\/wp-content\/uploads\/2026\/08\/FotoJet-12-218x150.jpg 218w, https:\/\/elpueblonoticia.com.ar\/web\/wp-content\/uploads\/2026\/08\/FotoJet-12-696x478.jpg 696w, https:\/\/elpueblonoticia.com.ar\/web\/wp-content\/uploads\/2026\/08\/FotoJet-12-1068x733.jpg 1068w, https:\/\/elpueblonoticia.com.ar\/web\/wp-content\/uploads\/2026\/08\/FotoJet-12-100x70.jpg 100w, https:\/\/elpueblonoticia.com.ar\/web\/wp-content\/uploads\/2026\/08\/FotoJet-12.jpg 1748w\" sizes=\"auto, (max-width: 1018px) 100vw, 1018px\" \/><\/p>\n<p class=\"PDq2pG_selectionAnchorContainer\" data-start=\"104\" data-end=\"450\">Santa Rosa celebr\u00f3 sus <strong data-start=\"127\" data-end=\"139\">115 a\u00f1os<\/strong> con la puesta en marcha de dos obras consideradas estrat\u00e9gicas para la localidad y toda la regi\u00f3n. Durante la jornada, el gobernador <strong data-start=\"273\" data-end=\"294\">Juan Pablo Vald\u00e9s<\/strong> encabez\u00f3 la inauguraci\u00f3n del nuevo <strong data-start=\"330\" data-end=\"375\">Hospital \u201cDra. Mar\u00eda del Carmen Casellas\u201d<\/strong> y del <strong data-start=\"382\" data-end=\"416\">Cuartel de Bomberos Forestales<\/strong>, ubicado en el Parque Industrial.<\/p>\n<p data-start=\"452\" data-end=\"701\">La jornada tuvo como eje la incorporaci\u00f3n de infraestructura destinada a dos \u00e1reas sensibles para la comunidad: la atenci\u00f3n sanitaria y la prevenci\u00f3n de incendios, especialmente en una zona donde la actividad foresto-industrial tiene un fuerte peso.<\/p>\n<p data-start=\"703\" data-end=\"1071\">Uno de los momentos centrales fue la habilitaci\u00f3n del nuevo hospital, que cuenta con <strong data-start=\"788\" data-end=\"880\">consultorios externos, laboratorio, farmacia, servicio de guardia y salas de internaci\u00f3n<\/strong>. El edificio busca ampliar la capacidad de atenci\u00f3n m\u00e9dica de Santa Rosa y, al mismo tiempo, convertirse en un punto de referencia para habitantes de <strong data-start=\"1031\" data-end=\"1070\">Concepci\u00f3n y localidades de la zona<\/strong>.<\/p>\n<p data-start=\"1073\" data-end=\"1257\">Durante el acto tambi\u00e9n se concret\u00f3 la entrega de una <strong data-start=\"1127\" data-end=\"1147\">ambulancia nueva<\/strong>, destinada a fortalecer los traslados de urgencia y la respuesta ante situaciones que requieran derivaciones.<\/p>\n<p data-start=\"1259\" data-end=\"1518\">El ministro de Salud P\u00fablica, <strong data-start=\"1289\" data-end=\"1306\">Emilio Lanari<\/strong>, anunci\u00f3 adem\u00e1s que continuar\u00e1n las obras vinculadas al sistema sanitario en <strong data-start=\"1384\" data-end=\"1414\">Yofre y Pago de los Deseos<\/strong>, con el objetivo de seguir ampliando la infraestructura disponible en distintos puntos de la provincia.<\/p>\n<h2 data-section-id=\"1dueter\" data-start=\"1520\" data-end=\"1582\">UN NUEVO PUNTO DE RESPUESTA CONTRA LOS INCENDIOS FORESTALES<\/h2>\n<p data-start=\"1584\" data-end=\"1734\">La otra obra inaugurada durante la celebraci\u00f3n fue el nuevo <strong data-start=\"1644\" data-end=\"1678\">Cuartel de Bomberos Forestales<\/strong>, construido dentro del Parque Industrial de Santa Rosa.<\/p>\n<p data-start=\"1736\" data-end=\"1928\">Se trata de la <strong data-start=\"1751\" data-end=\"1822\">tercera sede operativa de la Brigada de Incendios Forestales (BRIF)<\/strong> en la provincia y tendr\u00e1 una capacidad de intervenci\u00f3n en un radio de aproximadamente <strong data-start=\"1909\" data-end=\"1927\">200 kil\u00f3metros<\/strong>.<\/p>\n<p data-start=\"1930\" data-end=\"2192\">El destacamento contar\u00e1 con <strong data-start=\"1958\" data-end=\"1974\">50 efectivos<\/strong>, adem\u00e1s de autobombas de \u00faltima generaci\u00f3n y veh\u00edculos con tracci\u00f3n <strong data-start=\"2043\" data-end=\"2050\">4&#215;4<\/strong>, equipamiento pensado para facilitar el desplazamiento y la respuesta en zonas rurales y forestales donde el acceso suele ser m\u00e1s complicado.<\/p>\n<p data-start=\"2194\" data-end=\"2367\">La nueva base apunta a mejorar los tiempos de reacci\u00f3n frente a incendios y reforzar el esquema de prevenci\u00f3n en una regi\u00f3n atravesada por una importante actividad forestal.<\/p>\n<p data-start=\"2369\" data-end=\"2573\">Durante la inauguraci\u00f3n tambi\u00e9n se confirm\u00f3 que el plan continuar\u00e1 con obras en la sede de <strong data-start=\"2460\" data-end=\"2483\">Gobernador Virasoro<\/strong> y con el pr\u00f3ximo llamado a licitaci\u00f3n para la construcci\u00f3n del <strong data-start=\"2547\" data-end=\"2572\">cuartel de Santo Tom\u00e9<\/strong>.<\/p>\n<h2 data-section-id=\"176mw8e\" data-start=\"2575\" data-end=\"2634\">UNA INFRAESTRUCTURA QUE ACOMPA\u00d1A EL CRECIMIENTO FORESTAL<\/h2>\n<p data-start=\"2636\" data-end=\"2770\">Las nuevas instalaciones se incorporan a una localidad cuyo perfil productivo est\u00e1 fuertemente vinculado al sector foresto-industrial.<\/p>\n<p data-start=\"2772\" data-end=\"3028\">En el marco del acto c\u00edvico-militar por el aniversario de Santa Rosa, se destac\u00f3 adem\u00e1s que el municipio cuenta con el <strong data-start=\"2891\" data-end=\"2936\">primer parque foresto-industrial del pa\u00eds<\/strong>, que ya complet\u00f3 la totalidad de sus parcelas disponibles con emprendimientos industriales.<\/p>\n<p data-start=\"3030\" data-end=\"3312\">La estrategia provincial apunta a que una mayor parte de la materia prima proveniente de los bosques correntinos pueda ser procesada dentro de la propia provincia. El objetivo es darle mayor valor a la producci\u00f3n y, al mismo tiempo, generar nuevas oportunidades de <strong data-start=\"3295\" data-end=\"3311\">empleo local<\/strong>.<\/p>\n<p data-start=\"3314\" data-end=\"3669\" data-is-last-node=\"\" data-is-only-node=\"\">Con la inauguraci\u00f3n del hospital y el nuevo cuartel de bomberos forestales, Santa Rosa sum\u00f3 as\u00ed dos estructuras que buscan acompa\u00f1ar el crecimiento de la localidad desde distintos frentes: <strong data-start=\"3503\" data-end=\"3668\">mejor atenci\u00f3n sanitaria para sus habitantes y mayor capacidad de prevenci\u00f3n y respuesta ante incendios en una de las principales zonas productivas de Corrientes<\/strong>.<\/p>\n","protected":false},"excerpt":{"rendered":"<p>Santa Rosa celebr\u00f3 sus 115 a\u00f1os con la puesta en marcha de dos obras consideradas estrat\u00e9gicas para la localidad y toda la regi\u00f3n. Durante la jornada, el gobernador Juan Pablo Vald\u00e9s encabez\u00f3 la inauguraci\u00f3n del nuevo Hospital \u201cDra. Mar\u00eda del Carmen Casellas\u201d y del Cuartel de Bomberos Forestales, ubicado en el Parque Industrial. La jornada [&hellip;]<\/p>\n","protected":false},"author":2,"featured_media":16774,"comment_status":"open","ping_status":"open","sticky":false,"template":"","format":"standard","meta":{"footnotes":""},"categories":[72],"tags":[],"class_list":["post-16772","post","type-post","status-publish","format-standard","has-post-thumbnail","category-provinciales"],"_links":{"self":[{"href":"https:\/\/elpueblonoticia.com.ar\/web\/wp-json\/wp\/v2\/posts\/16772","targetHints":{"allow":["GET"]}}],"collection":[{"href":"https:\/\/elpueblonoticia.com.ar\/web\/wp-json\/wp\/v2\/posts"}],"about":[{"href":"https:\/\/elpueblonoticia.com.ar\/web\/wp-json\/wp\/v2\/types\/post"}],"author":[{"embeddable":true,"href":"https:\/\/elpueblonoticia.com.ar\/web\/wp-json\/wp\/v2\/users\/2"}],"replies":[{"embeddable":true,"href":"https:\/\/elpueblonoticia.com.ar\/web\/wp-json\/wp\/v2\/comments?post=16772"}],"version-history":[{"count":2,"href":"https:\/\/elpueblonoticia.com.ar\/web\/wp-json\/wp\/v2\/posts\/16772\/revisions"}],"predecessor-version":[{"id":16778,"href":"https:\/\/elpueblonoticia.com.ar\/web\/wp-json\/wp\/v2\/posts\/16772\/revisions\/16778"}],"wp:featuredmedia":[{"embeddable":true,"href":"https:\/\/elpueblonoticia.com.ar\/web\/wp-json\/wp\/v2\/media\/16774"}],"wp:attachment":[{"href":"https:\/\/elpueblonoticia.com.ar\/web\/wp-json\/wp\/v2\/media?parent=16772"}],"wp:term":[{"taxonomy":"category","embeddable":true,"href":"https:\/\/elpueblonoticia.com.ar\/web\/wp-json\/wp\/v2\/categories?post=16772"},{"taxonomy":"post_tag","embeddable":true,"href":"https:\/\/elpueblonoticia.com.ar\/web\/wp-json\/wp\/v2\/tags?post=16772"}],"curies":[{"name":"wp","href":"https:\/\/api.w.org\/{rel}","templated":true}]}}