{"id":16768,"date":"2026-08-31T11:44:32","date_gmt":"2026-08-31T14:44:32","guid":{"rendered":"https:\/\/elpueblonoticia.com.ar\/web\/?p=16768"},"modified":"2026-08-31T11:44:32","modified_gmt":"2026-08-31T14:44:32","slug":"aserraderos-de-santo-tome-en-alerta-por-el-fuerte-aumento-de-la-energia","status":"publish","type":"post","link":"https:\/\/elpueblonoticia.com.ar\/web\/2026\/08\/31\/aserraderos-de-santo-tome-en-alerta-por-el-fuerte-aumento-de-la-energia\/","title":{"rendered":"ASERRADEROS DE SANTO TOM\u00c9, EN ALERTA POR EL FUERTE AUMENTO DE LA ENERG\u00cdA"},"content":{"rendered":"<p class=\"PDq2pG_selectionAnchorContainer\" data-start=\"76\" data-end=\"414\">Las \u00faltimas facturas de electricidad encendieron una nueva alarma entre los industriales madereros de Santo Tom\u00e9. Seg\u00fan se\u00f1alaron empresarios del sector, los montos llegaron a <strong data-start=\"252\" data-end=\"283\">duplicarse en apenas un mes<\/strong>, una situaci\u00f3n que consideran dif\u00edcil de sostener y que empieza a poner en duda la continuidad del crecimiento de los aserraderos.<\/p>\n<p data-start=\"416\" data-end=\"687\">El reclamo ya lleg\u00f3 al gobernador <strong data-start=\"450\" data-end=\"471\">Juan Pablo Vald\u00e9s<\/strong>. Un grupo de propietarios de establecimientos madereros aprovech\u00f3 la presencia del mandatario en Santo Tom\u00e9 para plantearle personalmente la preocupaci\u00f3n por el impacto de las tarifas sobre los costos de producci\u00f3n.<\/p>\n<p data-start=\"689\" data-end=\"979\">El contacto se produjo el pasado <strong data-start=\"722\" data-end=\"738\">27 de agosto<\/strong>, durante la inauguraci\u00f3n del nuevo acceso vial a la empresa <strong data-start=\"799\" data-end=\"815\">Zozzoli S.A.<\/strong>. All\u00ed, los empresarios expusieron el panorama que atraviesa la actividad y advirtieron sobre las consecuencias que podr\u00eda tener para la competitividad y el empleo.<\/p>\n<p data-start=\"981\" data-end=\"1251\">La respuesta fue r\u00e1pida. Para este lunes est\u00e1 prevista la llegada a la ciudad del interventor de la <strong data-start=\"1081\" data-end=\"1151\">Direcci\u00f3n Provincial de Energ\u00eda de Corrientes (DPEC), Pablo Cuenca<\/strong>, quien mantendr\u00e1 una reuni\u00f3n con representantes de la industria maderera para analizar el problema.<\/p>\n<p data-start=\"1253\" data-end=\"1484\">El encuentro ser\u00e1 principalmente t\u00e9cnico y tendr\u00e1 como eje el impacto de las \u00faltimas subas, el funcionamiento del esquema tarifario y las posibles alternativas para reducir el peso que tiene el costo energ\u00e9tico sobre la producci\u00f3n.<\/p>\n<h2 data-section-id=\"n2oail\" data-start=\"1486\" data-end=\"1530\">UNA CUENTA QUE SE VOLVI\u00d3 DIF\u00cdCIL DE PAGAR<\/h2>\n<p data-start=\"1532\" data-end=\"1726\">La preocupaci\u00f3n entre los industriales no pasa solamente por el aumento en t\u00e9rminos nominales. El punto que genera mayor malestar es la relaci\u00f3n entre el consumo y el precio final de la energ\u00eda.<\/p>\n<p data-start=\"1728\" data-end=\"2036\">Desde el sector aseguran que el esquema vigente termina castigando a las empresas que buscan aumentar su producci\u00f3n. En t\u00e9rminos concretos, sostienen que <strong data-start=\"1882\" data-end=\"1956\">cuanto m\u00e1s electricidad consumen, mayor es el costo que deben afrontar<\/strong>, lo que termina convirtiendo a la energ\u00eda en una barrera para seguir creciendo.<\/p>\n<p data-start=\"2038\" data-end=\"2161\">\u201cEst\u00e1n matando al que se preocupa por crecer\u201d, es una de las frases que resume el malestar existente entre los empresarios.<\/p>\n<p data-start=\"2163\" data-end=\"2444\">Seg\u00fan explicaron, el problema genera una situaci\u00f3n dif\u00edcil de resolver: incrementar la producci\u00f3n implica necesariamente utilizar m\u00e1s maquinaria y, por lo tanto, consumir m\u00e1s electricidad. Pero ese aumento en el consumo termina traslad\u00e1ndose de manera significativa a las facturas.<\/p>\n<p data-start=\"2446\" data-end=\"2595\">De esta manera, lo que deber\u00eda ser una se\u00f1al de crecimiento industrial puede transformarse en un problema de costos cada vez m\u00e1s dif\u00edcil de absorber.<\/p>\n<p data-start=\"2597\" data-end=\"2820\">Empresarios consultados describieron las \u00faltimas boletas como <strong data-start=\"2659\" data-end=\"2675\">\u201cimpagables\u201d<\/strong> y manifestaron su preocupaci\u00f3n por el futuro de una actividad que representa una fuente importante de trabajo y movimiento econ\u00f3mico en la zona.<\/p>\n<h2 data-section-id=\"d7xvk5\" data-start=\"2822\" data-end=\"2864\">EL RECLAMO LLEG\u00d3 AL GOBIERNO PROVINCIAL<\/h2>\n<p data-start=\"2866\" data-end=\"2972\">La situaci\u00f3n llev\u00f3 a los industriales a buscar una respuesta directamente de las autoridades provinciales.<\/p>\n<p data-start=\"2974\" data-end=\"3295\">Durante la actividad oficial realizada en Santo Tom\u00e9, los propietarios de aserraderos lograron plantear el problema al gobernador Juan Pablo Vald\u00e9s. El reclamo estuvo centrado en la p\u00e9rdida de competitividad que generan las tarifas y en el riesgo que esto representa para los puestos de trabajo vinculados a la actividad.<\/p>\n<p data-start=\"3297\" data-end=\"3587\">Mientras tanto, desde distintos sectores pol\u00edticos y t\u00e9cnicos se apunta a la estructura del mercado el\u00e9ctrico mayorista y al papel de <strong data-start=\"3431\" data-end=\"3517\">Cammesa (Compa\u00f1\u00eda Administradora del Mercado Mayorista El\u00e9ctrico Sociedad An\u00f3nima)<\/strong> como uno de los factores que inciden en la composici\u00f3n de los costos.<\/p>\n<p data-start=\"3589\" data-end=\"3775\">Pero para los empresarios, el problema ya tiene un efecto concreto y cotidiano: las boletas llegan, los costos aumentan y cada vez resulta m\u00e1s complicado sostener el nivel de producci\u00f3n.<\/p>\n<h2 data-section-id=\"yei5c7\" data-start=\"3777\" data-end=\"3817\">UNA REUNI\u00d3N QUE PUEDE MARCAR EL RUMBO<\/h2>\n<p data-start=\"3819\" data-end=\"3914\">La llegada de Pablo Cuenca a Santo Tom\u00e9 aparece ahora como el pr\u00f3ximo cap\u00edtulo de este reclamo.<\/p>\n<p data-start=\"3916\" data-end=\"4134\">Los industriales esperan poder analizar en detalle las facturas, conocer cu\u00e1les son los componentes que explican los fuertes incrementos y encontrar alg\u00fan mecanismo que permita aliviar el impacto sobre los aserraderos.<\/p>\n<p data-start=\"4136\" data-end=\"4342\">La expectativa est\u00e1 puesta en conseguir una respuesta que permita sostener la actividad sin que el costo de la electricidad termine obligando a reducir turnos, limitar la producci\u00f3n o postergar inversiones.<\/p>\n<p data-start=\"4344\" data-end=\"4549\">El escenario plantea un desaf\u00edo concreto para la industria maderera: <strong data-start=\"4413\" data-end=\"4548\">producir m\u00e1s deber\u00eda significar crecer, pero para los aserraderos de Santo Tom\u00e9 hoy puede significar pagar mucho m\u00e1s por la energ\u00eda<\/strong>.<\/p>\n<p data-start=\"4551\" data-end=\"4803\">La reuni\u00f3n con el interventor de la DPEC ser\u00e1 clave para determinar si existe margen para encontrar soluciones desde la provincia o si, como sostienen algunos sectores, el problema est\u00e1 condicionado principalmente por la estructura tarifaria mayorista.<\/p>\n<p data-start=\"4805\" data-end=\"5064\" data-is-last-node=\"\" data-is-only-node=\"\">Por ahora, la preocupaci\u00f3n ya est\u00e1 instalada. <strong data-start=\"4851\" data-end=\"5064\" data-is-last-node=\"\">La duplicaci\u00f3n de las facturas puso en alerta a los aserraderos y abri\u00f3 un debate sobre cu\u00e1nto puede soportar la industria antes de que el costo energ\u00e9tico termine frenando la producci\u00f3n y afectando el empleo.<\/strong><\/p>\n","protected":false},"excerpt":{"rendered":"<p>Las \u00faltimas facturas de electricidad encendieron una nueva alarma entre los industriales madereros de Santo Tom\u00e9. Seg\u00fan se\u00f1alaron empresarios del sector, los montos llegaron a duplicarse en apenas un mes, una situaci\u00f3n que consideran dif\u00edcil de sostener y que empieza a poner en duda la continuidad del crecimiento de los aserraderos. El reclamo ya lleg\u00f3 [&hellip;]<\/p>\n","protected":false},"author":2,"featured_media":16769,"comment_status":"open","ping_status":"open","sticky":false,"template":"","format":"standard","meta":{"footnotes":""},"categories":[65],"tags":[],"class_list":["post-16768","post","type-post","status-publish","format-standard","has-post-thumbnail","category-economia"],"_links":{"self":[{"href":"https:\/\/elpueblonoticia.com.ar\/web\/wp-json\/wp\/v2\/posts\/16768","targetHints":{"allow":["GET"]}}],"collection":[{"href":"https:\/\/elpueblonoticia.com.ar\/web\/wp-json\/wp\/v2\/posts"}],"about":[{"href":"https:\/\/elpueblonoticia.com.ar\/web\/wp-json\/wp\/v2\/types\/post"}],"author":[{"embeddable":true,"href":"https:\/\/elpueblonoticia.com.ar\/web\/wp-json\/wp\/v2\/users\/2"}],"replies":[{"embeddable":true,"href":"https:\/\/elpueblonoticia.com.ar\/web\/wp-json\/wp\/v2\/comments?post=16768"}],"version-history":[{"count":1,"href":"https:\/\/elpueblonoticia.com.ar\/web\/wp-json\/wp\/v2\/posts\/16768\/revisions"}],"predecessor-version":[{"id":16770,"href":"https:\/\/elpueblonoticia.com.ar\/web\/wp-json\/wp\/v2\/posts\/16768\/revisions\/16770"}],"wp:featuredmedia":[{"embeddable":true,"href":"https:\/\/elpueblonoticia.com.ar\/web\/wp-json\/wp\/v2\/media\/16769"}],"wp:attachment":[{"href":"https:\/\/elpueblonoticia.com.ar\/web\/wp-json\/wp\/v2\/media?parent=16768"}],"wp:term":[{"taxonomy":"category","embeddable":true,"href":"https:\/\/elpueblonoticia.com.ar\/web\/wp-json\/wp\/v2\/categories?post=16768"},{"taxonomy":"post_tag","embeddable":true,"href":"https:\/\/elpueblonoticia.com.ar\/web\/wp-json\/wp\/v2\/tags?post=16768"}],"curies":[{"name":"wp","href":"https:\/\/api.w.org\/{rel}","templated":true}]}}