{"id":16756,"date":"2026-08-31T10:44:18","date_gmt":"2026-08-31T13:44:18","guid":{"rendered":"https:\/\/elpueblonoticia.com.ar\/web\/?p=16756"},"modified":"2026-08-31T10:49:36","modified_gmt":"2026-08-31T13:49:36","slug":"massa-amplia-la-ventaja-sobre-milei-en-un-eventual-balotaje-y-kicillof-tambien-queda-arriba","status":"publish","type":"post","link":"https:\/\/elpueblonoticia.com.ar\/web\/2026\/08\/31\/massa-amplia-la-ventaja-sobre-milei-en-un-eventual-balotaje-y-kicillof-tambien-queda-arriba\/","title":{"rendered":"MASSA AMPL\u00cdA LA VENTAJA SOBRE MILEI EN UN EVENTUAL BALOTAJE Y KICILLOF TAMBI\u00c9N QUEDA ARRIBA"},"content":{"rendered":"<p data-start=\"95\" data-end=\"431\"><img loading=\"lazy\" decoding=\"async\" class=\"\" src=\"https:\/\/fotos.perfil.com\/\/2026\/08\/28\/900\/0\/proyeccion-segunda-vuelta-2314313.jpg?webp\" alt=\"Proyeccion segunda vuelta\" width=\"1378\" height=\"774\" \/><\/p>\n<p data-start=\"95\" data-end=\"431\"><img loading=\"lazy\" decoding=\"async\" class=\"\" src=\"https:\/\/fotos.perfil.com\/\/2026\/08\/28\/900\/0\/proyeccion-segunda-vuelta-2314314.jpg?webp\" alt=\"Proyeccion segunda vuelta\" width=\"1073\" height=\"603\" \/><\/p>\n<p data-start=\"95\" data-end=\"431\"><img loading=\"lazy\" decoding=\"async\" class=\"\" src=\"https:\/\/fotos.perfil.com\/\/2026\/08\/20\/900\/0\/evaluacion-de-gobierno-qsocial-2308294.jpg?webp\" alt=\"Evaluacion de gobierno Qsocial\" width=\"1084\" height=\"609\" \/><\/p>\n<p data-start=\"95\" data-end=\"431\"><img loading=\"lazy\" decoding=\"async\" class=\"alignnone wp-image-16757\" src=\"https:\/\/elpueblonoticia.com.ar\/web\/wp-content\/uploads\/2026\/08\/evaluacion-de-gobierno-qsocial-2308292-300x168.webp\" alt=\"\" width=\"714\" height=\"400\" srcset=\"https:\/\/elpueblonoticia.com.ar\/web\/wp-content\/uploads\/2026\/08\/evaluacion-de-gobierno-qsocial-2308292-300x168.webp 300w, https:\/\/elpueblonoticia.com.ar\/web\/wp-content\/uploads\/2026\/08\/evaluacion-de-gobierno-qsocial-2308292-768x431.webp 768w, https:\/\/elpueblonoticia.com.ar\/web\/wp-content\/uploads\/2026\/08\/evaluacion-de-gobierno-qsocial-2308292-749x420.webp 749w, https:\/\/elpueblonoticia.com.ar\/web\/wp-content\/uploads\/2026\/08\/evaluacion-de-gobierno-qsocial-2308292-696x391.webp 696w, https:\/\/elpueblonoticia.com.ar\/web\/wp-content\/uploads\/2026\/08\/evaluacion-de-gobierno-qsocial-2308292.webp 900w\" sizes=\"auto, (max-width: 714px) 100vw, 714px\" \/><\/p>\n<p class=\"PDq2pG_selectionAnchorContainer\" data-start=\"95\" data-end=\"431\">Una nueva encuesta de QSocial puso sobre la mesa dos posibles escenarios electorales de cara a 2027 y dej\u00f3 un dato que llam\u00f3 la atenci\u00f3n: Sergio Massa se impondr\u00eda sobre Javier Milei por 6 puntos en un eventual balotaje, mientras que Axel Kicillof tambi\u00e9n lograr\u00eda superar al Presidente, aunque por una diferencia bastante m\u00e1s estrecha.<\/p>\n<p data-start=\"433\" data-end=\"610\">El estudio volvi\u00f3 a medir qu\u00e9 podr\u00eda ocurrir en una segunda vuelta y mostr\u00f3 diferencias importantes entre los dos principales dirigentes opositores incluidos en el relevamiento.<\/p>\n<p data-start=\"612\" data-end=\"850\">En un eventual enfrentamiento entre <strong data-start=\"648\" data-end=\"680\">Javier Milei y Axel Kicillof<\/strong>, el gobernador bonaerense alcanz\u00f3 el <strong data-start=\"718\" data-end=\"725\">42%<\/strong> de las preferencias, contra el <strong data-start=\"757\" data-end=\"764\">40%<\/strong> del mandatario nacional. Otro <strong data-start=\"795\" data-end=\"802\">18%<\/strong> respondi\u00f3 que todav\u00eda no sab\u00eda a qui\u00e9n votar\u00eda.<\/p>\n<p data-start=\"852\" data-end=\"1187\">El resultado dej\u00f3 una elecci\u00f3n mucho m\u00e1s pareja que la proyectada entre Massa y Milei. Mientras <strong data-start=\"948\" data-end=\"1011\">Massa consigui\u00f3 una ventaja de 6 puntos sobre el Presidente<\/strong>, Kicillof qued\u00f3 <strong data-start=\"1028\" data-end=\"1051\">2 puntos por encima<\/strong>. Entre ambos dirigentes peronistas tambi\u00e9n hubo una diferencia de <strong data-start=\"1118\" data-end=\"1130\">2 puntos<\/strong>, aunque con caracter\u00edsticas distintas en cada escenario.<\/p>\n<p data-start=\"1189\" data-end=\"1540\">El dato cobra relevancia porque aparece apenas unos d\u00edas despu\u00e9s de otra medici\u00f3n de <strong data-start=\"1274\" data-end=\"1285\">QSocial<\/strong> que hab\u00eda registrado una recuperaci\u00f3n en la imagen de Milei. En aquel relevamiento, la aprobaci\u00f3n de la gesti\u00f3n presidencial hab\u00eda trepado nuevamente al <strong data-start=\"1439\" data-end=\"1446\">34%<\/strong>, tres puntos m\u00e1s que en junio, mientras que la desaprobaci\u00f3n hab\u00eda bajado del <strong data-start=\"1525\" data-end=\"1539\">64% al 61%<\/strong>.<\/p>\n<p data-start=\"1542\" data-end=\"1919\">Pero esa mejora conviv\u00eda con otros indicadores menos favorables para el Gobierno. El <strong data-start=\"1627\" data-end=\"1634\">63%<\/strong> de los consultados consideraba que la administraci\u00f3n libertaria <strong data-start=\"1699\" data-end=\"1772\">no ten\u00eda capacidad para solucionar los principales problemas del pa\u00eds<\/strong>. A su vez, el <strong data-start=\"1787\" data-end=\"1794\">73%<\/strong> entend\u00eda que Milei gobernaba para determinados sectores y no para la mayor\u00eda. Solo el <strong data-start=\"1881\" data-end=\"1888\">25%<\/strong> sosten\u00eda la postura contraria.<\/p>\n<p data-start=\"1921\" data-end=\"2263\">Ese contraste toma otra dimensi\u00f3n cuando se observan los posibles resultados electorales de 2027. La recuperaci\u00f3n de la aprobaci\u00f3n presidencial registrada en agosto no habr\u00eda sido suficiente, al menos seg\u00fan esta nueva encuesta, para que Milei pudiera superar a alguno de los dos dirigentes peronistas evaluados en una eventual segunda vuelta.<\/p>\n<h2 data-section-id=\"wiua08\" data-start=\"2265\" data-end=\"2324\">MASSA Y KICILLOF, DOS PERFILES DIFERENTES FRENTE A MILEI<\/h2>\n<p data-start=\"2326\" data-end=\"2629\">Lucas Klobovs, director de Opini\u00f3n P\u00fablica de <strong data-start=\"2372\" data-end=\"2392\">QSocial Big Data<\/strong>, analiz\u00f3 los resultados en <em data-start=\"2420\" data-end=\"2439\">Modo Fontevecchia<\/em> y explic\u00f3 que la actualizaci\u00f3n busc\u00f3 conocer c\u00f3mo impactaban en los escenarios de balotaje cuestiones como <strong data-start=\"2547\" data-end=\"2628\">la situaci\u00f3n econ\u00f3mica, el endeudamiento y las \u00faltimas declaraciones de Milei<\/strong>.<\/p>\n<p data-start=\"2631\" data-end=\"2764\">De acuerdo con su an\u00e1lisis, el panorama aparece m\u00e1s complejo para el oficialismo cuando la elecci\u00f3n se traslada a una segunda vuelta.<\/p>\n<p data-start=\"2766\" data-end=\"3099\">Uno de los puntos centrales est\u00e1 en la diferencia que se observa entre <strong data-start=\"2837\" data-end=\"2857\">Massa y Kicillof<\/strong>. Seg\u00fan Klobovs, el exministro de Econom\u00eda consigue conservar en mayor medida el voto de quienes se identifican con el peronismo, mientras que el gobernador bonaerense presenta una mayor p\u00e9rdida de apoyos hacia otras alternativas electorales.<\/p>\n<p data-start=\"3101\" data-end=\"3173\">La otra diferencia importante aparece entre los votantes independientes.<\/p>\n<p data-start=\"3175\" data-end=\"3498\">El consultor explic\u00f3 que <strong data-start=\"3200\" data-end=\"3254\">Kicillof est\u00e1 m\u00e1s identificado con el kirchnerismo<\/strong> en la percepci\u00f3n de los electores. Massa, en cambio, tendr\u00eda una asociaci\u00f3n menor con ese espacio pol\u00edtico y conseguir\u00eda llegar con mayor facilidad a personas que no se sienten representadas o identificadas con una fuerza pol\u00edtica determinada.<\/p>\n<p data-start=\"3500\" data-end=\"3795\">Ah\u00ed aparece uno de los datos m\u00e1s interesantes del relevamiento. La ventaja de Massa no necesariamente responder\u00eda a que tenga una estructura electoral m\u00e1s fuerte que la de Kicillof. Parte de su desempe\u00f1o podr\u00eda explicarse por un perfil que genera menos rechazo entre los sectores independientes.<\/p>\n<p data-start=\"3797\" data-end=\"3990\">Y ese aspecto puede ser determinante en un balotaje, donde no alcanza solamente con conservar el voto propio: tambi\u00e9n es necesario sumar a quienes no forman parte del n\u00facleo electoral habitual.<\/p>\n<p data-start=\"3992\" data-end=\"4337\">Klobovs relacion\u00f3 adem\u00e1s estos resultados con la percepci\u00f3n social sobre la situaci\u00f3n econ\u00f3mica. Seg\u00fan se\u00f1al\u00f3, los encuestados observan en Massa una mayor capacidad para generar <strong data-start=\"4170\" data-end=\"4235\">empat\u00eda y cercan\u00eda frente a un escenario econ\u00f3mico complicado<\/strong>. Tambi\u00e9n aparece vinculado con una mayor posibilidad de <strong data-start=\"4292\" data-end=\"4336\">construir consensos dentro del peronismo<\/strong>.<\/p>\n<p data-start=\"4339\" data-end=\"4636\">El escenario representa un cambio respecto de la medici\u00f3n anterior de <strong data-start=\"4409\" data-end=\"4420\">QSocial<\/strong>. En aquel estudio, Kicillof hab\u00eda quedado por primera vez por encima de Milei en una eventual segunda vuelta, aunque la diferencia estaba dentro del margen de error y se trataba, en los hechos, de un empate t\u00e9cnico.<\/p>\n<p data-start=\"4638\" data-end=\"4775\">Ahora el gobernador bonaerense volvi\u00f3 a ubicarse por encima del Presidente, pero el dato que sobresali\u00f3 fue la distancia que logr\u00f3 Massa.<\/p>\n<h2 data-section-id=\"1ijxy2o\" data-start=\"4777\" data-end=\"4828\">EL AJUSTE Y SU IMPACTO EN EL ESCENARIO ELECTORAL<\/h2>\n<p data-start=\"4830\" data-end=\"4967\">Otro elemento que permite interpretar estos resultados es la postura de la sociedad frente al ajuste econ\u00f3mico impulsado por el Gobierno.<\/p>\n<p data-start=\"4969\" data-end=\"5202\">En la medici\u00f3n anterior de QSocial, el <strong data-start=\"5008\" data-end=\"5015\">64%<\/strong> rechazaba la idea de que las pol\u00edticas econ\u00f3micas oficiales fueran necesarias aun cuando implicaran un costo durante el corto plazo. Solo el <strong data-start=\"5157\" data-end=\"5164\">34%<\/strong> estaba de acuerdo con esa afirmaci\u00f3n.<\/p>\n<p data-start=\"5204\" data-end=\"5358\">Adem\u00e1s, el <strong data-start=\"5215\" data-end=\"5222\">65%<\/strong> consideraba que el sacrificio econ\u00f3mico realizado en el presente no tendr\u00eda una compensaci\u00f3n que justificara ese esfuerzo en el futuro.<\/p>\n<p data-start=\"5360\" data-end=\"5529\">El nuevo sondeo no volvi\u00f3 a medir espec\u00edficamente ese indicador, pero los resultados electorales permiten observar una posible consecuencia pol\u00edtica de ese clima social.<\/p>\n<p data-start=\"5531\" data-end=\"5743\"><strong data-start=\"5531\" data-end=\"5578\">Milei mantiene un piso electoral importante<\/strong>, aunque los n\u00fameros conocidos ahora muestran que ese respaldo no le alcanza, por el momento, para imponerse en ninguno de los dos escenarios de balotaje analizados.<\/p>\n<p data-start=\"5745\" data-end=\"5956\" data-is-last-node=\"\" data-is-only-node=\"\">La encuesta de <strong data-start=\"5760\" data-end=\"5771\">QSocial<\/strong> se realiz\u00f3 entre el <strong data-start=\"5792\" data-end=\"5824\">21 y el 24 de agosto de 2026<\/strong>, sobre un total de <strong data-start=\"5844\" data-end=\"5859\">1.200 casos<\/strong>. El estudio contempla un margen de error de <strong data-start=\"5904\" data-end=\"5916\">+\/- 2,9%<\/strong>, con un nivel de confianza del <strong data-start=\"5948\" data-end=\"5955\">95%<\/strong>.<\/p>\n","protected":false},"excerpt":{"rendered":"<p>Una nueva encuesta de QSocial puso sobre la mesa dos posibles escenarios electorales de cara a 2027 y dej\u00f3 un dato que llam\u00f3 la atenci\u00f3n: Sergio Massa se impondr\u00eda sobre Javier Milei por 6 puntos en un eventual balotaje, mientras que Axel Kicillof tambi\u00e9n lograr\u00eda superar al Presidente, aunque por una diferencia bastante m\u00e1s estrecha. [&hellip;]<\/p>\n","protected":false},"author":2,"featured_media":16763,"comment_status":"open","ping_status":"open","sticky":false,"template":"","format":"standard","meta":{"footnotes":""},"categories":[66],"tags":[],"class_list":["post-16756","post","type-post","status-publish","format-standard","has-post-thumbnail","category-politica-nacionales"],"_links":{"self":[{"href":"https:\/\/elpueblonoticia.com.ar\/web\/wp-json\/wp\/v2\/posts\/16756","targetHints":{"allow":["GET"]}}],"collection":[{"href":"https:\/\/elpueblonoticia.com.ar\/web\/wp-json\/wp\/v2\/posts"}],"about":[{"href":"https:\/\/elpueblonoticia.com.ar\/web\/wp-json\/wp\/v2\/types\/post"}],"author":[{"embeddable":true,"href":"https:\/\/elpueblonoticia.com.ar\/web\/wp-json\/wp\/v2\/users\/2"}],"replies":[{"embeddable":true,"href":"https:\/\/elpueblonoticia.com.ar\/web\/wp-json\/wp\/v2\/comments?post=16756"}],"version-history":[{"count":2,"href":"https:\/\/elpueblonoticia.com.ar\/web\/wp-json\/wp\/v2\/posts\/16756\/revisions"}],"predecessor-version":[{"id":16764,"href":"https:\/\/elpueblonoticia.com.ar\/web\/wp-json\/wp\/v2\/posts\/16756\/revisions\/16764"}],"wp:featuredmedia":[{"embeddable":true,"href":"https:\/\/elpueblonoticia.com.ar\/web\/wp-json\/wp\/v2\/media\/16763"}],"wp:attachment":[{"href":"https:\/\/elpueblonoticia.com.ar\/web\/wp-json\/wp\/v2\/media?parent=16756"}],"wp:term":[{"taxonomy":"category","embeddable":true,"href":"https:\/\/elpueblonoticia.com.ar\/web\/wp-json\/wp\/v2\/categories?post=16756"},{"taxonomy":"post_tag","embeddable":true,"href":"https:\/\/elpueblonoticia.com.ar\/web\/wp-json\/wp\/v2\/tags?post=16756"}],"curies":[{"name":"wp","href":"https:\/\/api.w.org\/{rel}","templated":true}]}}