{"id":16752,"date":"2026-08-31T09:47:11","date_gmt":"2026-08-31T12:47:11","guid":{"rendered":"https:\/\/elpueblonoticia.com.ar\/web\/?p=16752"},"modified":"2026-08-31T09:47:11","modified_gmt":"2026-08-31T12:47:11","slug":"goya-suma-una-nueva-infraestructura-deportiva-con-la-construccion-de-la-pileta-semiolimpica","status":"publish","type":"post","link":"https:\/\/elpueblonoticia.com.ar\/web\/2026\/08\/31\/goya-suma-una-nueva-infraestructura-deportiva-con-la-construccion-de-la-pileta-semiolimpica\/","title":{"rendered":"GOYA SUMA UNA NUEVA INFRAESTRUCTURA DEPORTIVA CON LA CONSTRUCCI\u00d3N DE LA PILETA SEMIOL\u00cdMPICA"},"content":{"rendered":"<p class=\"isSelectedEnd\">La construcci\u00f3n de la pileta semiol\u00edmpica que se lleva adelante en el gimnasio escolar de Goya contin\u00faa avanzando y empieza a tomar forma como uno de los proyectos de infraestructura deportiva m\u00e1s importantes para la ciudad.<\/p>\n<p class=\"isSelectedEnd\">El director de Deportes, Alejandro Lago, habl\u00f3 sobre el avance de la obra y destac\u00f3 las posibilidades que tendr\u00e1 este nuevo espacio una vez que quede habilitado. D\u00edas atr\u00e1s, el funcionario acompa\u00f1\u00f3 al intendente Mariano Hormaechea durante una recorrida por las instalaciones del CEF N.\u00ba 9, donde actualmente se ejecutan los trabajos.<\/p>\n<p class=\"isSelectedEnd\">Lago remarc\u00f3 que se trata de una obra que responde a una necesidad concreta de la comunidad deportiva y que permitir\u00e1 ampliar las posibilidades de aprendizaje y entrenamiento.<\/p>\n<p class=\"isSelectedEnd\">\u201cEs una de las obras m\u00e1s importantes que emprende para la ciudad. Este espacio de infraestructura es necesario para contribuir a la pr\u00e1ctica, a la ense\u00f1anza y a perfeccionar, en algunos casos, deportes combinados como el triatl\u00f3n y el duatl\u00f3n\u201d, explic\u00f3 el director de Deportes al referirse a los distintos usos que podr\u00e1 tener la pileta.<\/p>\n<p class=\"isSelectedEnd\">La expectativa est\u00e1 puesta no solamente en quienes ya practican nataci\u00f3n, sino tambi\u00e9n en aquellos que quieran iniciarse en esta disciplina, mejorar su t\u00e9cnica o utilizar la pileta como parte de la preparaci\u00f3n para otras actividades deportivas.<\/p>\n<h3>UNA OBRA INCLUIDA EN EL PACTO GOYA 2030<\/h3>\n<p class=\"isSelectedEnd\">Lago record\u00f3 adem\u00e1s que la construcci\u00f3n de la pileta semiol\u00edmpica hab\u00eda sido contemplada dentro de los objetivos establecidos en el Pacto Goya 2030. En ese marco, se\u00f1al\u00f3 que el proyecto responde al compromiso asumido por el intendente Mariano Hormaechea para continuar ampliando la infraestructura deportiva disponible en la ciudad.<\/p>\n<p class=\"isSelectedEnd\">\u201cEsta obra se hab\u00eda puesto en el Pacto Goya 2030, con el compromiso y decisi\u00f3n del Intendente, para cumplir con este objetivo de brindar mayor infraestructura deportiva a la ciudad\u201d, sostuvo.<\/p>\n<p class=\"isSelectedEnd\">Para el funcionario, la concreci\u00f3n del proyecto representa tambi\u00e9n un motivo de orgullo y abre la posibilidad de desarrollar nuevas actividades deportivas y formativas.<\/p>\n<p class=\"isSelectedEnd\">\u201cEs un orgullo, seguramente disfrutaremos de su uso, sacaremos lo m\u00e1s productivo en actividades\u201d, expres\u00f3 Lago.<\/p>\n<p class=\"isSelectedEnd\">Una vez finalizados los trabajos, la intenci\u00f3n es coordinar con el Centro de Educaci\u00f3n F\u00edsica N.\u00ba 9 la utilizaci\u00f3n del espacio y establecer un cronograma que permita organizar las distintas propuestas.<\/p>\n<p class=\"isSelectedEnd\">\u201cBuscaremos establecer un cronograma de manera conjunta con el CEF, sin dudas nos genera expectativas\u201d, se\u00f1al\u00f3.<\/p>\n<p class=\"isSelectedEnd\">Otro de los aspectos que se encuentra en an\u00e1lisis es la administraci\u00f3n del nuevo espacio. Seg\u00fan explic\u00f3 el director de Deportes, se apunta a que la pileta pueda contar con una administraci\u00f3n aut\u00f3noma e independiente, con el objetivo de organizar su funcionamiento y lograr el mayor aprovechamiento posible para la comunidad.<\/p>\n<p class=\"isSelectedEnd\">\u201cAhora trabajaremos para que la pileta tenga una administraci\u00f3n aut\u00f3noma, independiente, con la finalidad de su mejor aprovechamiento para todos los goyanos\u201d, concluy\u00f3 Lago.<\/p>\n<p>La obra avanza as\u00ed con una expectativa concreta: sumar a Goya un espacio que pueda servir tanto para aprender a nadar como para entrenar y desarrollar distintas disciplinas, ampliando las alternativas deportivas disponibles para la comunidad.<\/p>\n","protected":false},"excerpt":{"rendered":"<p>La construcci\u00f3n de la pileta semiol\u00edmpica que se lleva adelante en el gimnasio escolar de Goya contin\u00faa avanzando y empieza a tomar forma como uno de los proyectos de infraestructura deportiva m\u00e1s importantes para la ciudad. El director de Deportes, Alejandro Lago, habl\u00f3 sobre el avance de la obra y destac\u00f3 las posibilidades que tendr\u00e1 [&hellip;]<\/p>\n","protected":false},"author":2,"featured_media":16753,"comment_status":"open","ping_status":"open","sticky":false,"template":"","format":"standard","meta":{"footnotes":""},"categories":[56],"tags":[],"class_list":["post-16752","post","type-post","status-publish","format-standard","has-post-thumbnail","category-locales"],"_links":{"self":[{"href":"https:\/\/elpueblonoticia.com.ar\/web\/wp-json\/wp\/v2\/posts\/16752","targetHints":{"allow":["GET"]}}],"collection":[{"href":"https:\/\/elpueblonoticia.com.ar\/web\/wp-json\/wp\/v2\/posts"}],"about":[{"href":"https:\/\/elpueblonoticia.com.ar\/web\/wp-json\/wp\/v2\/types\/post"}],"author":[{"embeddable":true,"href":"https:\/\/elpueblonoticia.com.ar\/web\/wp-json\/wp\/v2\/users\/2"}],"replies":[{"embeddable":true,"href":"https:\/\/elpueblonoticia.com.ar\/web\/wp-json\/wp\/v2\/comments?post=16752"}],"version-history":[{"count":1,"href":"https:\/\/elpueblonoticia.com.ar\/web\/wp-json\/wp\/v2\/posts\/16752\/revisions"}],"predecessor-version":[{"id":16754,"href":"https:\/\/elpueblonoticia.com.ar\/web\/wp-json\/wp\/v2\/posts\/16752\/revisions\/16754"}],"wp:featuredmedia":[{"embeddable":true,"href":"https:\/\/elpueblonoticia.com.ar\/web\/wp-json\/wp\/v2\/media\/16753"}],"wp:attachment":[{"href":"https:\/\/elpueblonoticia.com.ar\/web\/wp-json\/wp\/v2\/media?parent=16752"}],"wp:term":[{"taxonomy":"category","embeddable":true,"href":"https:\/\/elpueblonoticia.com.ar\/web\/wp-json\/wp\/v2\/categories?post=16752"},{"taxonomy":"post_tag","embeddable":true,"href":"https:\/\/elpueblonoticia.com.ar\/web\/wp-json\/wp\/v2\/tags?post=16752"}],"curies":[{"name":"wp","href":"https:\/\/api.w.org\/{rel}","templated":true}]}}