{"id":16747,"date":"2026-08-31T09:16:27","date_gmt":"2026-08-31T12:16:27","guid":{"rendered":"https:\/\/elpueblonoticia.com.ar\/web\/?p=16747"},"modified":"2026-08-31T09:16:27","modified_gmt":"2026-08-31T12:16:27","slug":"goya-conecta-primera-ronda-de-negocios-para-impulsar-nuevas-alianzas-turisticas","status":"publish","type":"post","link":"https:\/\/elpueblonoticia.com.ar\/web\/2026\/08\/31\/goya-conecta-primera-ronda-de-negocios-para-impulsar-nuevas-alianzas-turisticas\/","title":{"rendered":"GOYA CONECTA: PRIMERA RONDA DE NEGOCIOS PARA IMPULSAR NUEVAS ALIANZAS TUR\u00cdSTICAS"},"content":{"rendered":"<p><img loading=\"lazy\" decoding=\"async\" class=\"alignnone  wp-image-16749\" src=\"https:\/\/elpueblonoticia.com.ar\/web\/wp-content\/uploads\/2026\/08\/FotoJet-1-3-300x216.jpg\" alt=\"\" width=\"713\" height=\"513\" srcset=\"https:\/\/elpueblonoticia.com.ar\/web\/wp-content\/uploads\/2026\/08\/FotoJet-1-3-300x216.jpg 300w, https:\/\/elpueblonoticia.com.ar\/web\/wp-content\/uploads\/2026\/08\/FotoJet-1-3-1024x738.jpg 1024w, https:\/\/elpueblonoticia.com.ar\/web\/wp-content\/uploads\/2026\/08\/FotoJet-1-3-768x554.jpg 768w, https:\/\/elpueblonoticia.com.ar\/web\/wp-content\/uploads\/2026\/08\/FotoJet-1-3-1536x1108.jpg 1536w, https:\/\/elpueblonoticia.com.ar\/web\/wp-content\/uploads\/2026\/08\/FotoJet-1-3-582x420.jpg 582w, https:\/\/elpueblonoticia.com.ar\/web\/wp-content\/uploads\/2026\/08\/FotoJet-1-3-696x502.jpg 696w, https:\/\/elpueblonoticia.com.ar\/web\/wp-content\/uploads\/2026\/08\/FotoJet-1-3-1068x770.jpg 1068w, https:\/\/elpueblonoticia.com.ar\/web\/wp-content\/uploads\/2026\/08\/FotoJet-1-3.jpg 1664w\" sizes=\"auto, (max-width: 713px) 100vw, 713px\" \/><\/p>\n<p class=\"isSelectedEnd\">El sector tur\u00edstico de Goya tuvo este s\u00e1bado un nuevo espacio para encontrarse, intercambiar ideas y pensar en propuestas conjuntas. En el sal\u00f3n de usos m\u00faltiples \u201cCoqui\u201d Correa, ubicado en el predio Costa Surub\u00ed, se llev\u00f3 adelante la primera Ronda de Negocios de \u201cGoya Conecta\u201d, una iniciativa que reuni\u00f3 durante la tarde a emprendedores, operadores tur\u00edsticos, prestadores de servicios, agencias y empresas vinculadas a la actividad.<\/p>\n<p class=\"isSelectedEnd\">La propuesta apunt\u00f3 a generar un \u00e1mbito de intercambio que permitiera a quienes forman parte del sector conocerse mejor, compartir informaci\u00f3n sobre sus actividades y, a partir de ese contacto, encontrar oportunidades para establecer alianzas estrat\u00e9gicas.<\/p>\n<p class=\"isSelectedEnd\">El encuentro cont\u00f3 con la participaci\u00f3n del secretario de Turismo, Sebasti\u00e1n Candia; la secretaria de Industria, Mar\u00eda Paz Lampugnani; y la coordinadora del espacio, Stella Araya. Tambi\u00e9n estuvieron presentes representantes de distintos sectores relacionados con el turismo y la producci\u00f3n local.<\/p>\n<p class=\"isSelectedEnd\">La din\u00e1mica se organiz\u00f3 a trav\u00e9s de mesas identificadas con diferentes colores, de acuerdo con cada rubro. All\u00ed participaron prestadores de alojamientos, gastronom\u00eda, gu\u00edas de turismo y pesca, comercios de distintos sectores, artesanos, productores locales, prestadores de servicios tur\u00edsticos y agencias de turismo.<\/p>\n<p class=\"isSelectedEnd\">La modalidad permiti\u00f3 que los participantes fueran rotando e intercambiando informaci\u00f3n sobre lo que cada uno ofrece. La intenci\u00f3n fue generar un conocimiento m\u00e1s amplio de las propuestas existentes en Goya y facilitar futuras vinculaciones entre los distintos actores.<\/p>\n<p class=\"isSelectedEnd\">Uno de los momentos centrales de la jornada fue el trabajo destinado al dise\u00f1o de paquetes tur\u00edsticos para fines de semana y feriados. La actividad busc\u00f3 integrar las diferentes propuestas disponibles en la ciudad para armar alternativas que permitan potenciar la oferta y mostrar todo lo que Goya tiene para ofrecer a quienes la visitan.<\/p>\n<p class=\"isSelectedEnd\">La iniciativa se encuentra vinculada a la marca tur\u00edstica \u201cGoya Ciudad Energ\u00eda Natural\u201d, que propone fortalecer el sentido de pertenencia y el compromiso de la comunidad con la actividad tur\u00edstica. En ese marco, se plantea que cada vecino pueda convertirse en un verdadero anfitri\u00f3n de la ciudad, reconociendo, valorando y creyendo en los recursos y atractivos locales.<\/p>\n<p>Desde la organizaci\u00f3n y entre los propios participantes, el balance de esta primera experiencia fue considerado positivo y productivo. La Ronda de Negocios dej\u00f3 as\u00ed un primer paso para seguir conectando a quienes forman parte del entramado tur\u00edstico y comercial de Goya, con la mirada puesta en generar nuevas propuestas y oportunidades a partir del trabajo conjunto.<\/p>\n","protected":false},"excerpt":{"rendered":"<p>El sector tur\u00edstico de Goya tuvo este s\u00e1bado un nuevo espacio para encontrarse, intercambiar ideas y pensar en propuestas conjuntas. En el sal\u00f3n de usos m\u00faltiples \u201cCoqui\u201d Correa, ubicado en el predio Costa Surub\u00ed, se llev\u00f3 adelante la primera Ronda de Negocios de \u201cGoya Conecta\u201d, una iniciativa que reuni\u00f3 durante la tarde a emprendedores, operadores [&hellip;]<\/p>\n","protected":false},"author":2,"featured_media":16748,"comment_status":"open","ping_status":"open","sticky":false,"template":"","format":"standard","meta":{"footnotes":""},"categories":[56],"tags":[],"class_list":["post-16747","post","type-post","status-publish","format-standard","has-post-thumbnail","category-locales"],"_links":{"self":[{"href":"https:\/\/elpueblonoticia.com.ar\/web\/wp-json\/wp\/v2\/posts\/16747","targetHints":{"allow":["GET"]}}],"collection":[{"href":"https:\/\/elpueblonoticia.com.ar\/web\/wp-json\/wp\/v2\/posts"}],"about":[{"href":"https:\/\/elpueblonoticia.com.ar\/web\/wp-json\/wp\/v2\/types\/post"}],"author":[{"embeddable":true,"href":"https:\/\/elpueblonoticia.com.ar\/web\/wp-json\/wp\/v2\/users\/2"}],"replies":[{"embeddable":true,"href":"https:\/\/elpueblonoticia.com.ar\/web\/wp-json\/wp\/v2\/comments?post=16747"}],"version-history":[{"count":1,"href":"https:\/\/elpueblonoticia.com.ar\/web\/wp-json\/wp\/v2\/posts\/16747\/revisions"}],"predecessor-version":[{"id":16750,"href":"https:\/\/elpueblonoticia.com.ar\/web\/wp-json\/wp\/v2\/posts\/16747\/revisions\/16750"}],"wp:featuredmedia":[{"embeddable":true,"href":"https:\/\/elpueblonoticia.com.ar\/web\/wp-json\/wp\/v2\/media\/16748"}],"wp:attachment":[{"href":"https:\/\/elpueblonoticia.com.ar\/web\/wp-json\/wp\/v2\/media?parent=16747"}],"wp:term":[{"taxonomy":"category","embeddable":true,"href":"https:\/\/elpueblonoticia.com.ar\/web\/wp-json\/wp\/v2\/categories?post=16747"},{"taxonomy":"post_tag","embeddable":true,"href":"https:\/\/elpueblonoticia.com.ar\/web\/wp-json\/wp\/v2\/tags?post=16747"}],"curies":[{"name":"wp","href":"https:\/\/api.w.org\/{rel}","templated":true}]}}