{"id":16741,"date":"2026-08-31T07:56:47","date_gmt":"2026-08-31T10:56:47","guid":{"rendered":"https:\/\/elpueblonoticia.com.ar\/web\/?p=16741"},"modified":"2026-08-31T07:56:47","modified_gmt":"2026-08-31T10:56:47","slug":"costa-surubi-se-vistio-de-fiesta-para-celebrar-el-dia-del-nino","status":"publish","type":"post","link":"https:\/\/elpueblonoticia.com.ar\/web\/2026\/08\/31\/costa-surubi-se-vistio-de-fiesta-para-celebrar-el-dia-del-nino\/","title":{"rendered":"COSTA SURUB\u00cd SE VISTI\u00d3 DE FIESTA PARA CELEBRAR EL D\u00cdA DEL NI\u00d1O"},"content":{"rendered":"<div class=\"qMYqUG_convSearchResultHighlightRoot\">\n<div class=\"\" data-turn-id-container=\"request-WEB:dadde5e5-9759-48a4-ae35-f7f050d0528a-0\" data-is-intersecting=\"true\">\n<section class=\"text-token-text-primary w-full focus:outline-none has-data-writing-block:pointer-events-none [&amp;:has([data-writing-block])&gt;*]:pointer-events-auto R6Vx5W_threadScrollVars scroll-mb-[calc(var(--scroll-root-safe-area-inset-bottom,0px)+var(--thread-response-height))] scroll-mt-[calc(var(--header-height)+min(200px,max(70px,20svh)))]\" dir=\"auto\" data-turn-id=\"request-WEB:dadde5e5-9759-48a4-ae35-f7f050d0528a-0\" data-turn-id-container=\"request-WEB:dadde5e5-9759-48a4-ae35-f7f050d0528a-0\" data-testid=\"conversation-turn-2\" data-turn=\"assistant\">\n<div class=\"text-base my-auto mx-auto pb-8 [--thread-content-margin:var(--thread-content-margin-xs,calc(var(--spacing)*4))] @w-sm\/main:[--thread-content-margin:var(--thread-content-margin-sm,calc(var(--spacing)*6))] @w-lg\/main:[--thread-content-margin:var(--thread-content-margin-lg,calc(var(--spacing)*16))] px-(--thread-content-margin)\">\n<div class=\"[--thread-content-max-width:40rem] @w-lg\/main:[--thread-content-max-width:48rem] mx-auto max-w-(--thread-content-max-width) flex-1 group\/turn-messages focus-visible:outline-hidden relative flex w-full min-w-0 flex-col agent-turn\" data-conversation-screenshot-content=\"\">\n<div class=\"flex max-w-full flex-col gap-4 grow\">\n<div class=\"min-h-8 text-message relative flex w-full flex-col items-end gap-2 text-start break-words whitespace-normal outline-none keyboard-focused:focus-ring [.text-message+&amp;]:mt-1\" dir=\"auto\" tabindex=\"0\" data-message-author-role=\"assistant\" data-message-id=\"0f88a226-3b73-48d6-b309-2a9659932981\" data-turn-start-message=\"true\" data-message-model-slug=\"gpt-5-6\">\n<div class=\"flex w-full flex-col gap-1 empty:hidden\">\n<div class=\"yWcLfW_streamingContainer markdown prose dark:prose-invert wrap-break-word w-full light markdown-new-styling\">\n<p data-start=\"67\" data-end=\"406\"><img loading=\"lazy\" decoding=\"async\" class=\"alignnone  wp-image-16744\" src=\"https:\/\/elpueblonoticia.com.ar\/web\/wp-content\/uploads\/2026\/08\/FotoJet-11-300x251.jpg\" alt=\"\" width=\"739\" height=\"618\" srcset=\"https:\/\/elpueblonoticia.com.ar\/web\/wp-content\/uploads\/2026\/08\/FotoJet-11-300x251.jpg 300w, https:\/\/elpueblonoticia.com.ar\/web\/wp-content\/uploads\/2026\/08\/FotoJet-11-1024x858.jpg 1024w, https:\/\/elpueblonoticia.com.ar\/web\/wp-content\/uploads\/2026\/08\/FotoJet-11-1536x1287.jpg 1536w, https:\/\/elpueblonoticia.com.ar\/web\/wp-content\/uploads\/2026\/08\/FotoJet-11-501x420.jpg 501w, https:\/\/elpueblonoticia.com.ar\/web\/wp-content\/uploads\/2026\/08\/FotoJet-11-696x583.jpg 696w, https:\/\/elpueblonoticia.com.ar\/web\/wp-content\/uploads\/2026\/08\/FotoJet-11-1068x895.jpg 1068w, https:\/\/elpueblonoticia.com.ar\/web\/wp-content\/uploads\/2026\/08\/FotoJet-11.jpg 1709w\" sizes=\"auto, (max-width: 739px) 100vw, 739px\" \/><\/p>\n<p class=\"PDq2pG_selectionAnchorContainer\" data-start=\"67\" data-end=\"406\">Una multitud de familias se acerc\u00f3 este domingo al Multiespacio Ferial Costa Surub\u00ed para compartir una tarde pensada especialmente para los m\u00e1s chicos. Desde las 14, el predio comenz\u00f3 a llenarse de ni\u00f1os y familias que llegaron para disfrutar de juegos, m\u00fasica, espect\u00e1culos y distintas propuestas organizadas por la Municipalidad de Goya.<\/p>\n<p data-start=\"408\" data-end=\"887\">El festejo tuvo como escenario principal al Juan Mellero del Anfiteatro de Costa Surub\u00ed, donde se sucedieron distintas presentaciones art\u00edsticas. El Grupo PASI, La Banda de Carlitos, los grupos musicales de la Escuela de M\u00fasica Amanecer Guaran\u00ed, Los Soles Correntinos, la Banda Militar \u201cPuerto Argentino\u201d y los j\u00f3venes que integran Los Ajolotes de la Cumbia fueron parte de una programaci\u00f3n que combin\u00f3 m\u00fasica aut\u00f3ctona, chamam\u00e9, folclore, repertorio popular y ritmos tropicales.<\/p>\n<p data-start=\"889\" data-end=\"1209\">El intendente Mariano Hormaechea tambi\u00e9n estuvo presente durante la jornada y comparti\u00f3 el festejo junto a las familias. En ese marco, destac\u00f3 el trabajo realizado por las distintas \u00e1reas municipales y agradeci\u00f3 la participaci\u00f3n de las comisiones vecinales, el Ej\u00e9rcito y los emprendedores que se sumaron a la propuesta.<\/p>\n<p data-start=\"1211\" data-end=\"1430\">\u201cEste es un gran encuentro de las familias para agasajar a nuestros ni\u00f1os. Gracias al equipo municipal, a las comisiones barriales, al Ej\u00e9rcito y a los emprendedores por sumarse a este festejo\u201d, sostuvo el jefe comunal.<\/p>\n<p data-start=\"1432\" data-end=\"1716\">Mientras los espect\u00e1culos se desarrollaban sobre el escenario, en distintos sectores del predio se desplegaron actividades organizadas por las \u00e1reas de la Municipalidad. Hubo propuestas l\u00fadicas, did\u00e1cticas y recreativas que mantuvieron a los chicos participando durante toda la tarde.<\/p>\n<p data-start=\"1718\" data-end=\"2061\">La celebraci\u00f3n tambi\u00e9n cont\u00f3 con el acompa\u00f1amiento de los consejos vecinales, que colaboraron en la preparaci\u00f3n y distribuci\u00f3n del tradicional chocolate para los ni\u00f1os. Adem\u00e1s, se dispuso un servicio de colectivos destinado a facilitar el traslado de chicos y familias desde distintos puntos de la ciudad y de la zona rural hasta Costa Surub\u00ed.<\/p>\n<p class=\"\" data-start=\"2063\" data-end=\"2293\">Uno de los momentos que mayor expectativa gener\u00f3 lleg\u00f3 con el sorteo de las bicicletas. Los animadores y los personajes de series animadas fueron preparando el clima hasta que comenz\u00f3 la extracci\u00f3n de los n\u00fameros de la \u201ccuponera\u201d.<\/p>\n<p data-start=\"2295\" data-end=\"2531\">Cada vez que aparec\u00eda un n\u00famero ganador, la emoci\u00f3n se hac\u00eda notar entre los presentes. El ni\u00f1o favorecido se acercaba hasta el escenario para recibir su bicicleta de manos de los funcionarios municipales que participaron de la entrega.<\/p>\n<h3 data-section-id=\"1giq457\" data-start=\"2533\" data-end=\"2581\">EL MENSAJE DEL INTENDENTE MARIANO HORMAECHEA<\/h3>\n<p data-start=\"2583\" data-end=\"2801\">Durante su saludo a las familias, Hormaechea puso en valor el trabajo realizado durante todo el mes de agosto para darle protagonismo a los ni\u00f1os a trav\u00e9s de distintas actividades e instituciones deportivas y sociales.<\/p>\n<p data-start=\"2803\" data-end=\"3042\">\u201cNuevamente estamos celebrando el d\u00eda del ni\u00f1o, en este predio Costa Surub\u00ed, agasajando a cada uno de ellos. Durante este mes de agosto, instituciones deportivas, sociales nos disponemos a darle ese protagonismo a nuestros ni\u00f1os\u201d, expres\u00f3.<\/p>\n<p data-start=\"3044\" data-end=\"3242\">El intendente explic\u00f3 que, junto al equipo municipal, decidieron realizar el encuentro el 30 de agosto y destac\u00f3 especialmente el acompa\u00f1amiento de las comisiones vecinales durante los d\u00edas previos.<\/p>\n<p data-start=\"3244\" data-end=\"3489\">\u201cGracias a las comisiones vecinales por su trabajo en los d\u00edas previos, por el servicio del chocolate, a los emprendedores, al Ej\u00e9rcito, a APS por el cuidado, a cada \u00e1rea municipal, concejales, nuestras reinas y reyes que nos acompa\u00f1an\u201d, se\u00f1al\u00f3.<\/p>\n<p data-start=\"3491\" data-end=\"3731\">Tambi\u00e9n resalt\u00f3 las condiciones clim\u00e1ticas que acompa\u00f1aron la jornada y el esp\u00edritu familiar del encuentro: \u201cNos ha tocado una tarde maravillosa para disfrutar y compartir en familia. Nuevamente muchas gracias a todos y Feliz D\u00eda del Ni\u00f1o\u201d.<\/p>\n<p data-start=\"3733\" data-end=\"3978\">La tarde termin\u00f3 dejando una postal marcada por la alegr\u00eda de los m\u00e1s chicos. Cuando lleg\u00f3 el momento de regresar, los colectivos comenzaron a trasladar nuevamente a las familias hacia sus hogares y distintos puntos de la ciudad y la zona rural.<\/p>\n<p data-start=\"3980\" data-end=\"4220\" data-is-last-node=\"\" data-is-only-node=\"\">Entre cantos, comentarios sobre lo vivido y los recuerdos de una jornada especial, los ni\u00f1os fueron dejando Costa Surub\u00ed despu\u00e9s de una celebraci\u00f3n que tuvo como principal objetivo brindarles un d\u00eda de juegos, m\u00fasica y encuentro en familia.<\/p>\n<\/div>\n<\/div>\n<\/div>\n<\/div>\n<div class=\"z-0 flex min-h-[46px] justify-start\"><\/div>\n<div class=\"mt-3 w-full empty:hidden has-[&gt;_:empty]:hidden\">\n<div class=\"text-center\"><\/div>\n<\/div>\n<\/div>\n<div class=\"[--thread-content-max-width:40rem] @w-lg\/main:[--thread-content-max-width:48rem] mx-auto max-w-(--thread-content-max-width) flex-1\" data-conversation-screenshot-content=\"\">\n<div><\/div>\n<\/div>\n<\/div>\n<\/section>\n<\/div>\n<\/div>\n<div class=\"pointer-events-none -mt-px h-px translate-y-(--scroll-root-safe-area-inset-bottom)\" aria-hidden=\"true\"><\/div>\n","protected":false},"excerpt":{"rendered":"<p>Una multitud de familias se acerc\u00f3 este domingo al Multiespacio Ferial Costa Surub\u00ed para compartir una tarde pensada especialmente para los m\u00e1s chicos. Desde las 14, el predio comenz\u00f3 a llenarse de ni\u00f1os y familias que llegaron para disfrutar de juegos, m\u00fasica, espect\u00e1culos y distintas propuestas organizadas por la Municipalidad de Goya. El festejo tuvo [&hellip;]<\/p>\n","protected":false},"author":2,"featured_media":16743,"comment_status":"open","ping_status":"open","sticky":false,"template":"","format":"standard","meta":{"footnotes":""},"categories":[56],"tags":[],"class_list":["post-16741","post","type-post","status-publish","format-standard","has-post-thumbnail","category-locales"],"_links":{"self":[{"href":"https:\/\/elpueblonoticia.com.ar\/web\/wp-json\/wp\/v2\/posts\/16741","targetHints":{"allow":["GET"]}}],"collection":[{"href":"https:\/\/elpueblonoticia.com.ar\/web\/wp-json\/wp\/v2\/posts"}],"about":[{"href":"https:\/\/elpueblonoticia.com.ar\/web\/wp-json\/wp\/v2\/types\/post"}],"author":[{"embeddable":true,"href":"https:\/\/elpueblonoticia.com.ar\/web\/wp-json\/wp\/v2\/users\/2"}],"replies":[{"embeddable":true,"href":"https:\/\/elpueblonoticia.com.ar\/web\/wp-json\/wp\/v2\/comments?post=16741"}],"version-history":[{"count":1,"href":"https:\/\/elpueblonoticia.com.ar\/web\/wp-json\/wp\/v2\/posts\/16741\/revisions"}],"predecessor-version":[{"id":16745,"href":"https:\/\/elpueblonoticia.com.ar\/web\/wp-json\/wp\/v2\/posts\/16741\/revisions\/16745"}],"wp:featuredmedia":[{"embeddable":true,"href":"https:\/\/elpueblonoticia.com.ar\/web\/wp-json\/wp\/v2\/media\/16743"}],"wp:attachment":[{"href":"https:\/\/elpueblonoticia.com.ar\/web\/wp-json\/wp\/v2\/media?parent=16741"}],"wp:term":[{"taxonomy":"category","embeddable":true,"href":"https:\/\/elpueblonoticia.com.ar\/web\/wp-json\/wp\/v2\/categories?post=16741"},{"taxonomy":"post_tag","embeddable":true,"href":"https:\/\/elpueblonoticia.com.ar\/web\/wp-json\/wp\/v2\/tags?post=16741"}],"curies":[{"name":"wp","href":"https:\/\/api.w.org\/{rel}","templated":true}]}}