{"id":16732,"date":"2026-08-30T19:17:04","date_gmt":"2026-08-30T22:17:04","guid":{"rendered":"https:\/\/elpueblonoticia.com.ar\/web\/?p=16732"},"modified":"2026-08-30T19:17:04","modified_gmt":"2026-08-30T22:17:04","slug":"kicillof-prepara-un-plenario-federal-para-impulsar-el-movimiento-derecho-al-futuro","status":"publish","type":"post","link":"https:\/\/elpueblonoticia.com.ar\/web\/2026\/08\/30\/kicillof-prepara-un-plenario-federal-para-impulsar-el-movimiento-derecho-al-futuro\/","title":{"rendered":"KICILLOF PREPARA UN PLENARIO FEDERAL PARA IMPULSAR EL MOVIMIENTO DERECHO AL FUTURO"},"content":{"rendered":"<p>El Movimiento Derecho al Futuro (MDF), el espacio pol\u00edtico que tiene como principal referente al gobernador bonaerense Axel Kicillof, dar\u00e1 un nuevo paso en su intento por ampliar su estructura m\u00e1s all\u00e1 de la provincia de Buenos Aires. El pr\u00f3ximo 19 de septiembre realizar\u00e1 un Plenario Federal en Avellaneda, donde dirigentes y referentes de distintos puntos del pa\u00eds participar\u00e1n de mesas de debate y escuchar\u00e1n un discurso de cierre del mandatario.<\/p>\n<p>La actividad comenzar\u00e1 a las 11 en la sede de la Universidad Tecnol\u00f3gica Nacional (UTN) de Villa Dom\u00ednico, en Avellaneda. La convocatoria llevar\u00e1 como consigna &#8220;A organizar la esperanza&#8221; y tendr\u00e1 como uno de sus objetivos centrales avanzar en la organizaci\u00f3n nacional del MDF y discutir una propuesta pol\u00edtica que permita fortalecer su presencia en otros distritos.<\/p>\n<p>El encuentro ser\u00e1 una continuidad de las discusiones que el espacio viene impulsando en las \u00faltimas semanas. La convocatoria se conoci\u00f3 luego de que Kicillof encabezara el cierre del Encuentro Federal por el Derecho al Futuro, organizado por el Centro de Estudios Derecho al Futuro (CEDAF) en la Facultad de Ciencias Exactas y Naturales de la Universidad de Buenos Aires (UBA).<\/p>\n<p>En aquella jornada participaron universidades, observatorios, especialistas y referentes de diferentes lugares del pa\u00eds. El trabajo se organiz\u00f3 alrededor de cuatro ejes: Argentina Soberana en el Mundo; Argentina Productiva con Trabajo de Calidad; Argentina Justa y Humana; y Argentina Democr\u00e1tica y Transparente.<\/p>\n<p>Durante su intervenci\u00f3n, Kicillof puso el foco en la necesidad de construir una alternativa pol\u00edtica de alcance nacional frente al gobierno de Javier Milei. Tambi\u00e9n sostuvo que la Argentina atraviesa un escenario internacional en plena reconfiguraci\u00f3n y una transformaci\u00f3n tecnol\u00f3gica acelerada, dos procesos que, seg\u00fan plante\u00f3, requieren planificaci\u00f3n y una estrategia de desarrollo.<\/p>\n<p>&#8220;La Argentina tiene riesgos, pero tambi\u00e9n oportunidades enormes: contamos con recursos naturales valios\u00edsimos, capacidades cient\u00edficas, universidades y un entramado industrial que tenemos que aprovechar con una estrategia nacional de desarrollo&#8221;, afirm\u00f3 el gobernador.<\/p>\n<p>Kicillof tambi\u00e9n cuestion\u00f3 el rumbo de la pol\u00edtica exterior de la administraci\u00f3n libertaria y critic\u00f3 el alineamiento con Estados Unidos e Israel. &#8220;No podemos subordinar los intereses nacionales a estrategias de otros pa\u00edses. Que nuestras decisiones de pol\u00edtica exterior est\u00e9n dictadas por Estados Unidos e Israel es rid\u00edculo, nocivo y grave&#8221;, expres\u00f3.<\/p>\n<p>El gobernador plante\u00f3 adem\u00e1s que el federalismo, la ciencia y la industria nacional deben formar parte de una construcci\u00f3n pol\u00edtica m\u00e1s amplia. En ese sentido, remarc\u00f3: &#8220;No podemos perder un minuto m\u00e1s, debemos construir esa estrategia que entusiasme y convoque&#8221;.<\/p>\n<p>Otro de los puntos de su discurso estuvo relacionado con las pol\u00edticas del Gobierno nacional hacia el sector productivo y el sistema cient\u00edfico y tecnol\u00f3gico. Kicillof sostuvo que Milei &#8220;ataca a la industria&#8221; y cuestion\u00f3 la reducci\u00f3n de recursos destinados a las universidades, la ciencia y el sistema tecnol\u00f3gico.<\/p>\n<p>&#8220;El gran desaf\u00edo es construir un proyecto de pa\u00eds que fortalezca nuestra soberan\u00eda: frente a quienes dicen que no hay alternativa, tenemos la obligaci\u00f3n impostergable de construir una propuesta viable, real, que convoque, entusiasme e incluya&#8221;, concluy\u00f3.<\/p>\n<p>Ahora, esas discusiones tendr\u00e1n una nueva instancia el 19 de septiembre en Avellaneda. El Plenario Federal del Movimiento Derecho al Futuro buscar\u00e1 llevar esos planteos al terreno de la organizaci\u00f3n pol\u00edtica, con la presencia de dirigentes y referentes del espacio provenientes de distintos puntos del pa\u00eds.<\/p>\n","protected":false},"excerpt":{"rendered":"<p>El Movimiento Derecho al Futuro (MDF), el espacio pol\u00edtico que tiene como principal referente al gobernador bonaerense Axel Kicillof, dar\u00e1 un nuevo paso en su intento por ampliar su estructura m\u00e1s all\u00e1 de la provincia de Buenos Aires. El pr\u00f3ximo 19 de septiembre realizar\u00e1 un Plenario Federal en Avellaneda, donde dirigentes y referentes de distintos [&hellip;]<\/p>\n","protected":false},"author":2,"featured_media":16733,"comment_status":"open","ping_status":"open","sticky":false,"template":"","format":"standard","meta":{"footnotes":""},"categories":[66],"tags":[],"class_list":["post-16732","post","type-post","status-publish","format-standard","has-post-thumbnail","category-politica-nacionales"],"_links":{"self":[{"href":"https:\/\/elpueblonoticia.com.ar\/web\/wp-json\/wp\/v2\/posts\/16732","targetHints":{"allow":["GET"]}}],"collection":[{"href":"https:\/\/elpueblonoticia.com.ar\/web\/wp-json\/wp\/v2\/posts"}],"about":[{"href":"https:\/\/elpueblonoticia.com.ar\/web\/wp-json\/wp\/v2\/types\/post"}],"author":[{"embeddable":true,"href":"https:\/\/elpueblonoticia.com.ar\/web\/wp-json\/wp\/v2\/users\/2"}],"replies":[{"embeddable":true,"href":"https:\/\/elpueblonoticia.com.ar\/web\/wp-json\/wp\/v2\/comments?post=16732"}],"version-history":[{"count":1,"href":"https:\/\/elpueblonoticia.com.ar\/web\/wp-json\/wp\/v2\/posts\/16732\/revisions"}],"predecessor-version":[{"id":16734,"href":"https:\/\/elpueblonoticia.com.ar\/web\/wp-json\/wp\/v2\/posts\/16732\/revisions\/16734"}],"wp:featuredmedia":[{"embeddable":true,"href":"https:\/\/elpueblonoticia.com.ar\/web\/wp-json\/wp\/v2\/media\/16733"}],"wp:attachment":[{"href":"https:\/\/elpueblonoticia.com.ar\/web\/wp-json\/wp\/v2\/media?parent=16732"}],"wp:term":[{"taxonomy":"category","embeddable":true,"href":"https:\/\/elpueblonoticia.com.ar\/web\/wp-json\/wp\/v2\/categories?post=16732"},{"taxonomy":"post_tag","embeddable":true,"href":"https:\/\/elpueblonoticia.com.ar\/web\/wp-json\/wp\/v2\/tags?post=16732"}],"curies":[{"name":"wp","href":"https:\/\/api.w.org\/{rel}","templated":true}]}}