{"id":1654,"date":"2025-10-13T12:12:48","date_gmt":"2025-10-13T15:12:48","guid":{"rendered":"https:\/\/elpueblonoticia.com.ar\/web\/?p=1654"},"modified":"2025-10-13T12:12:48","modified_gmt":"2025-10-13T15:12:48","slug":"mercedes-gran-convocatoria-en-la-mision-diocesana","status":"publish","type":"post","link":"https:\/\/elpueblonoticia.com.ar\/web\/2025\/10\/13\/mercedes-gran-convocatoria-en-la-mision-diocesana\/","title":{"rendered":"MERCEDES: Gran convocatoria en la misi\u00f3n diocesana"},"content":{"rendered":"<p><img loading=\"lazy\" decoding=\"async\" class=\"alignnone size-medium wp-image-1656\" src=\"https:\/\/elpueblonoticia.com.ar\/web\/wp-content\/uploads\/2025\/10\/descarga-2-2-300x138.jpg\" alt=\"\" width=\"300\" height=\"138\" srcset=\"https:\/\/elpueblonoticia.com.ar\/web\/wp-content\/uploads\/2025\/10\/descarga-2-2-300x138.jpg 300w, https:\/\/elpueblonoticia.com.ar\/web\/wp-content\/uploads\/2025\/10\/descarga-2-2-1024x472.jpg 1024w, https:\/\/elpueblonoticia.com.ar\/web\/wp-content\/uploads\/2025\/10\/descarga-2-2-768x354.jpg 768w, https:\/\/elpueblonoticia.com.ar\/web\/wp-content\/uploads\/2025\/10\/descarga-2-2-911x420.jpg 911w, https:\/\/elpueblonoticia.com.ar\/web\/wp-content\/uploads\/2025\/10\/descarga-2-2-696x321.jpg 696w, https:\/\/elpueblonoticia.com.ar\/web\/wp-content\/uploads\/2025\/10\/descarga-2-2-1068x492.jpg 1068w, https:\/\/elpueblonoticia.com.ar\/web\/wp-content\/uploads\/2025\/10\/descarga-2-2.jpg 1280w\" sizes=\"auto, (max-width: 300px) 100vw, 300px\" \/><img loading=\"lazy\" decoding=\"async\" class=\"alignnone size-medium wp-image-1657\" src=\"https:\/\/elpueblonoticia.com.ar\/web\/wp-content\/uploads\/2025\/10\/descarga-3-2-300x186.jpg\" alt=\"\" width=\"300\" height=\"186\" srcset=\"https:\/\/elpueblonoticia.com.ar\/web\/wp-content\/uploads\/2025\/10\/descarga-3-2-300x186.jpg 300w, https:\/\/elpueblonoticia.com.ar\/web\/wp-content\/uploads\/2025\/10\/descarga-3-2-768x477.jpg 768w, https:\/\/elpueblonoticia.com.ar\/web\/wp-content\/uploads\/2025\/10\/descarga-3-2-676x420.jpg 676w, https:\/\/elpueblonoticia.com.ar\/web\/wp-content\/uploads\/2025\/10\/descarga-3-2-696x433.jpg 696w, https:\/\/elpueblonoticia.com.ar\/web\/wp-content\/uploads\/2025\/10\/descarga-3-2-356x220.jpg 356w, https:\/\/elpueblonoticia.com.ar\/web\/wp-content\/uploads\/2025\/10\/descarga-3-2.jpg 856w\" sizes=\"auto, (max-width: 300px) 100vw, 300px\" \/><\/p>\n<p>Decenas de misioneros pertenecientes a los siete departamentos de la Di\u00f3cesis de Goya, confluyeron el s\u00e1bado en la ciudad de Mercedes, Corrientes, para llevar adelante la gran misi\u00f3n diocesana que se desarroll\u00f3 bajo el lema &#8220;Peregrinos de Esperanza entre los Pueblos&#8221;. La jornada concluy\u00f3 con la Santa Misa, presidida por Monse\u00f1or Adolfo Ram\u00f3n Canec\u00edn, acompa\u00f1ado por los sacerdotes y di\u00e1conos. &#8220;El term\u00f3metro de mi filiaci\u00f3n \u2014dijo el Obispo\u2014 es la misi\u00f3n. Dime cu\u00e1nto misionas, y te dir\u00e9 cu\u00e1n central es Jes\u00fas en tu vida&#8221;.<\/p>\n<p>La jornada comenz\u00f3 a las 8 de la ma\u00f1ana con la llegada de las delegaciones de los siete departamentos de la di\u00f3cesis, que fueron alojadas en las tres parroquias de la ciudad de Mercedes.<\/p>\n<p>De 9 a 12 hs, los misioneros salieron a visitar a las familias de los barrios asignados, acompa\u00f1ados por los servidores de las comunidades anfitrionas.<\/p>\n<p>Por la tarde, frente al Templo Parroquial de Nuestra Se\u00f1ora de las Mercedes, se vivi\u00f3 la Expo Carismas, un espacio para mostrar la diversidad de dones y servicios que enriquecen nuestra Iglesia diocesana. Cada grupo present\u00f3 mediante din\u00e1micas, tarjetas, folletos su carisma al servicio de misi\u00f3n en la Iglesia e invitaron a los presentes a sumarse a sus actividades pastorales.<\/p>\n<p>La jornada concluy\u00f3 con la Santa Misa, presidida por Monse\u00f1or Adolfo Ram\u00f3n Canec\u00edn, acompa\u00f1ado por sacerdotes y di\u00e1conos de la di\u00f3cesis.<\/p>\n<p><b>HOMILIA DE MONSE\u00d1OR ADOLFO CANECIN<\/b><\/p>\n<p>El obispo monse\u00f1or Adolfo Ram\u00f3n Canecin, centro su homil\u00eda en una de las prioridades pastorales de la Di\u00f3cesis de Goya &#8220;Una Iglesia en salida: la misi\u00f3n que brota de la centralidad en Cristo&#8221;.<\/p>\n<p>El Obispo reflexion\u00f3 sobre la Misi\u00f3n Ad Gentes, recordando que estamos llamados a llevar la Palabra de Dios a todas las naciones, porque &#8220;la Palabra de Dios no est\u00e1 encadenada&#8221; dijo.<\/p>\n<p>Destac\u00f3 la importancia de la misi\u00f3n diocesana, una di\u00f3cesis en salida misionera que se enlaza con el Plan Diocesano de Pastoral, al cual todos estamos invitados a sumarnos.<\/p>\n<p>&#8220;Ojal\u00e1 que toda actividad que realicemos est\u00e9 en consonancia con este plan \u2014se\u00f1al\u00f3\u2014, porque lo que realmente edifica es vivir en comuni\u00f3n: con el Obispo, con los p\u00e1rrocos, con toda la Iglesia diocesana.&#8221;<\/p>\n<p>Record\u00f3 tambi\u00e9n las tres orientaciones del Plan Pastoral, subrayando especialmente la tercera: &#8220;Ser una Iglesia en salida. La misi\u00f3n nace de la centralidad en Jesucristo, el Misionero del Padre. Si en cada \u00e1rea o grupo pastoral Jes\u00fas es verdaderamente el centro, la actitud que brota de all\u00ed es la misi\u00f3n&#8221;.<\/p>\n<p>El obispo agradeci\u00f3 la participaci\u00f3n de los grupos misioneros que llegaron acompa\u00f1ados de sus p\u00e1rrocos, di\u00e1conos, consagradas y catequistas. Expres\u00f3 su reconocimiento al equipo diocesano de la Pastoral Misionera y a todos los que animaron la participaci\u00f3n que realmente fue amplia y masiva.<\/p>\n<p>&#8220;Dios quiere que todos se salven, no s\u00f3lo quienes se acercan al templo; por eso, estamos llamados a salir, a ir m\u00e1s all\u00e1. La misi\u00f3n no es un capricho, una moda de algunos, sino el querer mismo del Padre&#8221; destac\u00f3 monse\u00f1or Canecin.<\/p>\n<p>&#8220;El term\u00f3metro de mi filiaci\u00f3n \u2014dijo el Obispo\u2014 es la misi\u00f3n. Dime cu\u00e1nto misionas, y te dir\u00e9 cu\u00e1n central es Jes\u00fas en tu vida.&#8221;<\/p>\n<p>&#8220;La misi\u00f3n renueva y rejuvenece a las personas y a las comunidades. Por eso, estamos llamados a planificar nuestras actividades \u2014grupos, movimientos y pastorales\u2014 desde el Plan Pastoral Diocesano. Hay que revisarlo, potenciando y vivi\u00e9ndolo en comuni\u00f3n, porque s\u00f3lo as\u00ed se construye la Iglesia&#8221;.<\/p>\n<p>Finalmente, nos invit\u00f3 a mirar el testimonio de nuestros patronos: Santa Teresita, que or\u00f3 incansablemente por las misiones; San Francisco Javier y Mama Antula, incansables caminantes. Todos ellos vivieron &#8220;en salida&#8221;, porque Jes\u00fas era el centro de sus vidas.<\/p>\n<p><b>TESTIMONIO<\/b><\/p>\n<p>Un joven proveniente de San Mart\u00edn (Chaco) y residente del Hogar de Cristo, brind\u00f3 un conmovedor testimonio frente a la Iglesia Nuestra Se\u00f1ora de las Mercedes, donde relat\u00f3 su historia de lucha, ca\u00edda y resurrecci\u00f3n con la fe como gu\u00eda.<\/p>\n<p>Con palabras sinceras y cargadas de emoci\u00f3n, J.R. relat\u00f3 su dura historia de vida marcada por la ausencia familiar, el consumo de drogas desde temprana edad y el dolor de haber perdido el rumbo, pero tambi\u00e9n por la esperanza y la recuperaci\u00f3n gracias al acompa\u00f1amiento del Hogar de Cristo y su fe en Dios.<\/p>\n<p>J.R. dirigi\u00f3 un mensaje especial a los j\u00f3venes que enfrentan problemas de adicci\u00f3n: &#8220;Si se puede salir. Solo no se puede, pero con la ayuda de Dios s\u00ed. No juzguen a quienes est\u00e1n en consumo, ay\u00fadenlos. A m\u00ed nadie me ayud\u00f3, solo Dios. Hoy aprend\u00ed a vivir, a sentir, a valorar la vida&#8221;.<\/p>\n<p>Conmovido, concluy\u00f3 su testimonio con una frase que resume su experiencia y esperanza: &#8220;Ni un pibe menos en la droga. La vida es hermosa, cuesta, pero se puede. Todo con Dios y con la Virgen Mar\u00eda que siempre nos abraza y nos protege&#8221;.-<\/p>\n","protected":false},"excerpt":{"rendered":"<p>Decenas de misioneros pertenecientes a los siete departamentos de la Di\u00f3cesis de Goya, confluyeron el s\u00e1bado en la ciudad de Mercedes, Corrientes, para llevar adelante la gran misi\u00f3n diocesana que se desarroll\u00f3 bajo el lema &#8220;Peregrinos de Esperanza entre los Pueblos&#8221;. La jornada concluy\u00f3 con la Santa Misa, presidida por Monse\u00f1or Adolfo Ram\u00f3n Canec\u00edn, acompa\u00f1ado [&hellip;]<\/p>\n","protected":false},"author":2,"featured_media":1655,"comment_status":"open","ping_status":"open","sticky":false,"template":"","format":"standard","meta":{"footnotes":""},"categories":[78],"tags":[],"class_list":{"0":"post-1654","1":"post","2":"type-post","3":"status-publish","4":"format-standard","5":"has-post-thumbnail","7":"category-generales"},"_links":{"self":[{"href":"https:\/\/elpueblonoticia.com.ar\/web\/wp-json\/wp\/v2\/posts\/1654","targetHints":{"allow":["GET"]}}],"collection":[{"href":"https:\/\/elpueblonoticia.com.ar\/web\/wp-json\/wp\/v2\/posts"}],"about":[{"href":"https:\/\/elpueblonoticia.com.ar\/web\/wp-json\/wp\/v2\/types\/post"}],"author":[{"embeddable":true,"href":"https:\/\/elpueblonoticia.com.ar\/web\/wp-json\/wp\/v2\/users\/2"}],"replies":[{"embeddable":true,"href":"https:\/\/elpueblonoticia.com.ar\/web\/wp-json\/wp\/v2\/comments?post=1654"}],"version-history":[{"count":0,"href":"https:\/\/elpueblonoticia.com.ar\/web\/wp-json\/wp\/v2\/posts\/1654\/revisions"}],"wp:featuredmedia":[{"embeddable":true,"href":"https:\/\/elpueblonoticia.com.ar\/web\/wp-json\/wp\/v2\/media\/1655"}],"wp:attachment":[{"href":"https:\/\/elpueblonoticia.com.ar\/web\/wp-json\/wp\/v2\/media?parent=1654"}],"wp:term":[{"taxonomy":"category","embeddable":true,"href":"https:\/\/elpueblonoticia.com.ar\/web\/wp-json\/wp\/v2\/categories?post=1654"},{"taxonomy":"post_tag","embeddable":true,"href":"https:\/\/elpueblonoticia.com.ar\/web\/wp-json\/wp\/v2\/tags?post=1654"}],"curies":[{"name":"wp","href":"https:\/\/api.w.org\/{rel}","templated":true}]}}