{"id":1642,"date":"2025-10-13T11:54:24","date_gmt":"2025-10-13T14:54:24","guid":{"rendered":"https:\/\/elpueblonoticia.com.ar\/web\/?p=1642"},"modified":"2025-10-13T11:54:24","modified_gmt":"2025-10-13T14:54:24","slug":"liga-rio-parana-u15-masculino-amad-gano-en-la-doble-jornada-en-esquina","status":"publish","type":"post","link":"https:\/\/elpueblonoticia.com.ar\/web\/2025\/10\/13\/liga-rio-parana-u15-masculino-amad-gano-en-la-doble-jornada-en-esquina\/","title":{"rendered":"LIGA R\u00cdO PARAN\u00c1 U15 MASCULINO: AMAD GAN\u00d3 EN LA DOBLE JORNADA EN ESQUINA"},"content":{"rendered":"<p data-olk-copy-source=\"MessageBody\"><img loading=\"lazy\" decoding=\"async\" class=\"alignnone size-medium wp-image-1645\" src=\"https:\/\/elpueblonoticia.com.ar\/web\/wp-content\/uploads\/2025\/10\/WhatsApp-Image-2025-10-12-at-21.28.19-300x169.jpeg\" alt=\"\" width=\"300\" height=\"169\" srcset=\"https:\/\/elpueblonoticia.com.ar\/web\/wp-content\/uploads\/2025\/10\/WhatsApp-Image-2025-10-12-at-21.28.19-300x169.jpeg 300w, https:\/\/elpueblonoticia.com.ar\/web\/wp-content\/uploads\/2025\/10\/WhatsApp-Image-2025-10-12-at-21.28.19-1024x576.jpeg 1024w, https:\/\/elpueblonoticia.com.ar\/web\/wp-content\/uploads\/2025\/10\/WhatsApp-Image-2025-10-12-at-21.28.19-768x432.jpeg 768w, https:\/\/elpueblonoticia.com.ar\/web\/wp-content\/uploads\/2025\/10\/WhatsApp-Image-2025-10-12-at-21.28.19-1536x864.jpeg 1536w, https:\/\/elpueblonoticia.com.ar\/web\/wp-content\/uploads\/2025\/10\/WhatsApp-Image-2025-10-12-at-21.28.19-747x420.jpeg 747w, https:\/\/elpueblonoticia.com.ar\/web\/wp-content\/uploads\/2025\/10\/WhatsApp-Image-2025-10-12-at-21.28.19-696x391.jpeg 696w, https:\/\/elpueblonoticia.com.ar\/web\/wp-content\/uploads\/2025\/10\/WhatsApp-Image-2025-10-12-at-21.28.19-1068x600.jpeg 1068w, https:\/\/elpueblonoticia.com.ar\/web\/wp-content\/uploads\/2025\/10\/WhatsApp-Image-2025-10-12-at-21.28.19.jpeg 1599w\" sizes=\"auto, (max-width: 300px) 100vw, 300px\" \/><\/p>\n<p class=\"x_MsoNormal\" data-olk-copy-source=\"MessageBody\">El certamen organizado por la AEB comenz\u00f3 el pasado viernes con seis partidos, complet\u00e1ndose este domingo con 4 encuentros en la modalidad todos contra todos.<\/p>\n<p class=\"x_MsoNormal\">El equipo del barrio \u201cTapoc\u00f3\u201d se qued\u00f3 con el juego ante Sociedad Sportiva Esquinense por 72 a 66; en el segundo partido de la jornada AMAD tuvo una amplia diferencia de 87 a 18 sobre Santa Rita, de esta manera la categor\u00eda U15 tuvo un buen comienzo en el inicio de la Liga R\u00edo Paran\u00e1 que tiene como sede a la ciudad de Esquina.<\/p>\n<p class=\"x_MsoNormal\">Participaron del torneo los equipos de Foot Ball, Sportiva y Santa Rita (Esquina), AMAD (Goya), Atl\u00e9tico Litoral (Mar\u00eda Grande, ER), Progreso y Urquiza (Santa Elena, ER) y Comercio (La Paz, ER).<\/p>\n<p class=\"x_MsoNormal\" aria-hidden=\"true\">\n","protected":false},"excerpt":{"rendered":"<p>El certamen organizado por la AEB comenz\u00f3 el pasado viernes con seis partidos, complet\u00e1ndose este domingo con 4 encuentros en la modalidad todos contra todos. El equipo del barrio \u201cTapoc\u00f3\u201d se qued\u00f3 con el juego ante Sociedad Sportiva Esquinense por 72 a 66; en el segundo partido de la jornada AMAD tuvo una amplia diferencia [&hellip;]<\/p>\n","protected":false},"author":2,"featured_media":1644,"comment_status":"open","ping_status":"open","sticky":false,"template":"","format":"standard","meta":{"footnotes":""},"categories":[76],"tags":[],"class_list":{"0":"post-1642","1":"post","2":"type-post","3":"status-publish","4":"format-standard","5":"has-post-thumbnail","7":"category-deportes"},"_links":{"self":[{"href":"https:\/\/elpueblonoticia.com.ar\/web\/wp-json\/wp\/v2\/posts\/1642","targetHints":{"allow":["GET"]}}],"collection":[{"href":"https:\/\/elpueblonoticia.com.ar\/web\/wp-json\/wp\/v2\/posts"}],"about":[{"href":"https:\/\/elpueblonoticia.com.ar\/web\/wp-json\/wp\/v2\/types\/post"}],"author":[{"embeddable":true,"href":"https:\/\/elpueblonoticia.com.ar\/web\/wp-json\/wp\/v2\/users\/2"}],"replies":[{"embeddable":true,"href":"https:\/\/elpueblonoticia.com.ar\/web\/wp-json\/wp\/v2\/comments?post=1642"}],"version-history":[{"count":0,"href":"https:\/\/elpueblonoticia.com.ar\/web\/wp-json\/wp\/v2\/posts\/1642\/revisions"}],"wp:featuredmedia":[{"embeddable":true,"href":"https:\/\/elpueblonoticia.com.ar\/web\/wp-json\/wp\/v2\/media\/1644"}],"wp:attachment":[{"href":"https:\/\/elpueblonoticia.com.ar\/web\/wp-json\/wp\/v2\/media?parent=1642"}],"wp:term":[{"taxonomy":"category","embeddable":true,"href":"https:\/\/elpueblonoticia.com.ar\/web\/wp-json\/wp\/v2\/categories?post=1642"},{"taxonomy":"post_tag","embeddable":true,"href":"https:\/\/elpueblonoticia.com.ar\/web\/wp-json\/wp\/v2\/tags?post=1642"}],"curies":[{"name":"wp","href":"https:\/\/api.w.org\/{rel}","templated":true}]}}