{"id":1627,"date":"2025-10-13T09:47:16","date_gmt":"2025-10-13T12:47:16","guid":{"rendered":"https:\/\/elpueblonoticia.com.ar\/web\/?p=1627"},"modified":"2025-10-13T09:47:16","modified_gmt":"2025-10-13T12:47:16","slug":"crisis-en-las-pymes-las-ventas-minoristas-bajaron-un-42-interanual-en-septiembre","status":"publish","type":"post","link":"https:\/\/elpueblonoticia.com.ar\/web\/2025\/10\/13\/crisis-en-las-pymes-las-ventas-minoristas-bajaron-un-42-interanual-en-septiembre\/","title":{"rendered":"Crisis en las pymes: las ventas minoristas bajaron un 4,2% interanual en septiembre"},"content":{"rendered":"<p><strong>As\u00ed lo inform\u00f3 la Confederaci\u00f3n Argentina de la Mediana Empresa. Adem\u00e1s, retrocedieron un 2% sobre agosto, aunque en lo que va del a\u00f1o acumulan una suba del 5%.<\/strong><\/p>\n<p>La\u00a0<strong>Confederaci\u00f3n Argentina de la Mediana Empresa (CAME)\u00a0<\/strong>advirti\u00f3 que\u00a0<strong>las ventas minoristas pymes bajaron un 4,2% en septiembre en la comparaci\u00f3n interanual<\/strong>, adem\u00e1s de un\u00a0<strong>2% con respecto a agosto.\u00a0<\/strong>No obstante, en lo que va del a\u00f1o acumulan un crecimiento del 5%.<\/p>\n<p>En un informe, la CAME marc\u00f3 que el 55% de los comercios mantuvieron su nivel de ventas en septiembre en comparaci\u00f3n con 2024, aunque<strong>\u00a0el 38% reconoci\u00f3 un empeoramiento<\/strong>, tres puntos porcentuales por encima de agosto, lo cual se observ\u00f3 en el descenso del porcentaje de vendedores que marc\u00f3 una mejora (7,2%).<\/p>\n<p>En tal sentido,\u00a0<strong>el 47,6% respondi\u00f3 que espera mejoras en 2026, el 41,5% se\u00f1ala que no habr\u00e1 cambios y el 10,8% estima que su situaci\u00f3n empeorar\u00e1.\u00a0<\/strong>En tanto, el 60,1% rechaz\u00f3 la posibilidad de invertir, el 12% la acept\u00f3 y el 27,8% expuso que no tiene una postura.<\/p>\n<p>En este marco, la entidad que re\u00fane a pymes alert\u00f3 sobre el c\u00f3ctel que llev\u00f3 a la baja en las ventas:<strong>\u00a0&#8220;La p\u00e9rdida de poder adquisitivo, el endeudamiento de los hogares y la falta de est\u00edmulos comerciales<\/strong>\u00a0condicionaron la demanda, en un escenario donde predominan la prudencia y la expectativa de estabilidad de cara a los \u00faltimos meses del a\u00f1o&#8221;.<\/p>\n<h2><strong>Todos los rubros de CAME bajaron sus ventas en septiembre interanual<\/strong><\/h2>\n<p>La CAME tambi\u00e9n advirti\u00f3 que todos los sectores que integran las mediciones de ventas minoristas pymes cayeron en septiembre, con respecto al mismo mes de 2024:\u00a0<strong>Textil e indumentaria<\/strong>\u00a0(-10,9%),<strong>\u00a0Bazar, decoraci\u00f3n, textiles de hogar y muebles\u00a0<\/strong>(-6,2%),\u00a0<strong>Perfumer\u00eda\u00a0<\/strong>(6%) y\u00a0<strong>Calzado y marroquiner\u00eda<\/strong>\u00a0(-4,3%).<\/p>\n<p>Tambi\u00e9n se registraron bajas en\u00a0<strong>Alimentos y bebidas\u00a0<\/strong>(-3,1%),\u00a0<strong>Farmacia\u00a0<\/strong>(-1,4%) y\u00a0<strong>Ferreter\u00eda, materiales el\u00e9ctricos y de la construcci\u00f3n\u00a0<\/strong>(-0,5%). Sin embargo, todos los rubros acumulan incrementos en lo que va del a\u00f1o.<\/p>\n","protected":false},"excerpt":{"rendered":"<p>As\u00ed lo inform\u00f3 la Confederaci\u00f3n Argentina de la Mediana Empresa. Adem\u00e1s, retrocedieron un 2% sobre agosto, aunque en lo que va del a\u00f1o acumulan una suba del 5%. La\u00a0Confederaci\u00f3n Argentina de la Mediana Empresa (CAME)\u00a0advirti\u00f3 que\u00a0las ventas minoristas pymes bajaron un 4,2% en septiembre en la comparaci\u00f3n interanual, adem\u00e1s de un\u00a02% con respecto a agosto.\u00a0No [&hellip;]<\/p>\n","protected":false},"author":2,"featured_media":1628,"comment_status":"open","ping_status":"open","sticky":false,"template":"","format":"standard","meta":{"footnotes":""},"categories":[65],"tags":[],"class_list":{"0":"post-1627","1":"post","2":"type-post","3":"status-publish","4":"format-standard","5":"has-post-thumbnail","7":"category-economia"},"_links":{"self":[{"href":"https:\/\/elpueblonoticia.com.ar\/web\/wp-json\/wp\/v2\/posts\/1627","targetHints":{"allow":["GET"]}}],"collection":[{"href":"https:\/\/elpueblonoticia.com.ar\/web\/wp-json\/wp\/v2\/posts"}],"about":[{"href":"https:\/\/elpueblonoticia.com.ar\/web\/wp-json\/wp\/v2\/types\/post"}],"author":[{"embeddable":true,"href":"https:\/\/elpueblonoticia.com.ar\/web\/wp-json\/wp\/v2\/users\/2"}],"replies":[{"embeddable":true,"href":"https:\/\/elpueblonoticia.com.ar\/web\/wp-json\/wp\/v2\/comments?post=1627"}],"version-history":[{"count":0,"href":"https:\/\/elpueblonoticia.com.ar\/web\/wp-json\/wp\/v2\/posts\/1627\/revisions"}],"wp:featuredmedia":[{"embeddable":true,"href":"https:\/\/elpueblonoticia.com.ar\/web\/wp-json\/wp\/v2\/media\/1628"}],"wp:attachment":[{"href":"https:\/\/elpueblonoticia.com.ar\/web\/wp-json\/wp\/v2\/media?parent=1627"}],"wp:term":[{"taxonomy":"category","embeddable":true,"href":"https:\/\/elpueblonoticia.com.ar\/web\/wp-json\/wp\/v2\/categories?post=1627"},{"taxonomy":"post_tag","embeddable":true,"href":"https:\/\/elpueblonoticia.com.ar\/web\/wp-json\/wp\/v2\/tags?post=1627"}],"curies":[{"name":"wp","href":"https:\/\/api.w.org\/{rel}","templated":true}]}}