{"id":1612,"date":"2025-10-13T09:27:28","date_gmt":"2025-10-13T12:27:28","guid":{"rendered":"https:\/\/elpueblonoticia.com.ar\/web\/?p=1612"},"modified":"2025-10-13T09:27:28","modified_gmt":"2025-10-13T12:27:28","slug":"motociclista-perdio-una-de-sus-piernas-tras-accidente-en-puente-san-juan","status":"publish","type":"post","link":"https:\/\/elpueblonoticia.com.ar\/web\/2025\/10\/13\/motociclista-perdio-una-de-sus-piernas-tras-accidente-en-puente-san-juan\/","title":{"rendered":"Motociclista perdi\u00f3 una de sus piernas tras accidente en Puente San Juan"},"content":{"rendered":"<p><img loading=\"lazy\" decoding=\"async\" class=\"alignnone size-medium wp-image-1614\" src=\"https:\/\/elpueblonoticia.com.ar\/web\/wp-content\/uploads\/2025\/10\/descarga-4-169x300.jpg\" alt=\"\" width=\"169\" height=\"300\" srcset=\"https:\/\/elpueblonoticia.com.ar\/web\/wp-content\/uploads\/2025\/10\/descarga-4-169x300.jpg 169w, https:\/\/elpueblonoticia.com.ar\/web\/wp-content\/uploads\/2025\/10\/descarga-4-576x1024.jpg 576w, https:\/\/elpueblonoticia.com.ar\/web\/wp-content\/uploads\/2025\/10\/descarga-4-236x420.jpg 236w, https:\/\/elpueblonoticia.com.ar\/web\/wp-content\/uploads\/2025\/10\/descarga-4-696x1237.jpg 696w, https:\/\/elpueblonoticia.com.ar\/web\/wp-content\/uploads\/2025\/10\/descarga-4.jpg 720w\" sizes=\"auto, (max-width: 169px) 100vw, 169px\" \/><img loading=\"lazy\" decoding=\"async\" class=\"alignnone size-medium wp-image-1615\" src=\"https:\/\/elpueblonoticia.com.ar\/web\/wp-content\/uploads\/2025\/10\/descarga-1-1-225x300.jpg\" alt=\"\" width=\"225\" height=\"300\" srcset=\"https:\/\/elpueblonoticia.com.ar\/web\/wp-content\/uploads\/2025\/10\/descarga-1-1-225x300.jpg 225w, https:\/\/elpueblonoticia.com.ar\/web\/wp-content\/uploads\/2025\/10\/descarga-1-1-768x1024.jpg 768w, https:\/\/elpueblonoticia.com.ar\/web\/wp-content\/uploads\/2025\/10\/descarga-1-1-315x420.jpg 315w, https:\/\/elpueblonoticia.com.ar\/web\/wp-content\/uploads\/2025\/10\/descarga-1-1-696x928.jpg 696w, https:\/\/elpueblonoticia.com.ar\/web\/wp-content\/uploads\/2025\/10\/descarga-1-1.jpg 960w\" sizes=\"auto, (max-width: 225px) 100vw, 225px\" \/><img loading=\"lazy\" decoding=\"async\" class=\"alignnone size-medium wp-image-1616\" src=\"https:\/\/elpueblonoticia.com.ar\/web\/wp-content\/uploads\/2025\/10\/descarga-2-1-300x134.jpg\" alt=\"\" width=\"300\" height=\"134\" srcset=\"https:\/\/elpueblonoticia.com.ar\/web\/wp-content\/uploads\/2025\/10\/descarga-2-1-300x134.jpg 300w, https:\/\/elpueblonoticia.com.ar\/web\/wp-content\/uploads\/2025\/10\/descarga-2-1-768x343.jpg 768w, https:\/\/elpueblonoticia.com.ar\/web\/wp-content\/uploads\/2025\/10\/descarga-2-1-696x311.jpg 696w, https:\/\/elpueblonoticia.com.ar\/web\/wp-content\/uploads\/2025\/10\/descarga-2-1.jpg 922w\" sizes=\"auto, (max-width: 300px) 100vw, 300px\" \/><\/p>\n<p>El joven identificado como Agust\u00edn Ortiz circulaba en una motocicleta marca Honda 125 cc por ruta nacional 12 cuando un autom\u00f3vil gol power, cuyo conductor sali\u00f3 ileso, que ten\u00eda destino la ciudad de Corrientes habr\u00eda embestido al veh\u00edculo menor. El hecho se registr\u00f3 en la ma\u00f1ana de este domingo en paraje Puente San Juan, (km740), ruta nacional 12 que une Goya con Esquina.<\/p>\n<p>El motociclista fue trasladado de urgencia al hospital Regional \u201cCamilo Muniagurria\u201d, donde fue intervenido quir\u00fargicamente. Las diligencias estuvieron a cargo de la Comisar\u00eda Primera de Goya.<\/p>\n","protected":false},"excerpt":{"rendered":"<p>El joven identificado como Agust\u00edn Ortiz circulaba en una motocicleta marca Honda 125 cc por ruta nacional 12 cuando un autom\u00f3vil gol power, cuyo conductor sali\u00f3 ileso, que ten\u00eda destino la ciudad de Corrientes habr\u00eda embestido al veh\u00edculo menor. El hecho se registr\u00f3 en la ma\u00f1ana de este domingo en paraje Puente San Juan, (km740), [&hellip;]<\/p>\n","protected":false},"author":2,"featured_media":1613,"comment_status":"open","ping_status":"open","sticky":false,"template":"","format":"standard","meta":{"footnotes":""},"categories":[56],"tags":[],"class_list":{"0":"post-1612","1":"post","2":"type-post","3":"status-publish","4":"format-standard","5":"has-post-thumbnail","7":"category-locales"},"_links":{"self":[{"href":"https:\/\/elpueblonoticia.com.ar\/web\/wp-json\/wp\/v2\/posts\/1612","targetHints":{"allow":["GET"]}}],"collection":[{"href":"https:\/\/elpueblonoticia.com.ar\/web\/wp-json\/wp\/v2\/posts"}],"about":[{"href":"https:\/\/elpueblonoticia.com.ar\/web\/wp-json\/wp\/v2\/types\/post"}],"author":[{"embeddable":true,"href":"https:\/\/elpueblonoticia.com.ar\/web\/wp-json\/wp\/v2\/users\/2"}],"replies":[{"embeddable":true,"href":"https:\/\/elpueblonoticia.com.ar\/web\/wp-json\/wp\/v2\/comments?post=1612"}],"version-history":[{"count":0,"href":"https:\/\/elpueblonoticia.com.ar\/web\/wp-json\/wp\/v2\/posts\/1612\/revisions"}],"wp:featuredmedia":[{"embeddable":true,"href":"https:\/\/elpueblonoticia.com.ar\/web\/wp-json\/wp\/v2\/media\/1613"}],"wp:attachment":[{"href":"https:\/\/elpueblonoticia.com.ar\/web\/wp-json\/wp\/v2\/media?parent=1612"}],"wp:term":[{"taxonomy":"category","embeddable":true,"href":"https:\/\/elpueblonoticia.com.ar\/web\/wp-json\/wp\/v2\/categories?post=1612"},{"taxonomy":"post_tag","embeddable":true,"href":"https:\/\/elpueblonoticia.com.ar\/web\/wp-json\/wp\/v2\/tags?post=1612"}],"curies":[{"name":"wp","href":"https:\/\/api.w.org\/{rel}","templated":true}]}}