{"id":1607,"date":"2025-10-13T09:04:41","date_gmt":"2025-10-13T12:04:41","guid":{"rendered":"https:\/\/elpueblonoticia.com.ar\/web\/?p=1607"},"modified":"2025-10-13T09:04:41","modified_gmt":"2025-10-13T12:04:41","slug":"presentacion-del-autorefractometro-pediatrico","status":"publish","type":"post","link":"https:\/\/elpueblonoticia.com.ar\/web\/2025\/10\/13\/presentacion-del-autorefractometro-pediatrico\/","title":{"rendered":"PRESENTACI\u00d3N DEL AUTOREFRACTOMETRO PEDI\u00c1TRICO"},"content":{"rendered":"<p style=\"font-weight: 400;\">El Club de Leones invita a la comunidad a la presentaci\u00f3n de este dispositivo el mi\u00e9rcoles 15 de octubre a las 20 horas, en su sede de calle Espa\u00f1a 254<\/p>\n<p style=\"font-weight: 400;\">\n<p style=\"font-weight: 400;\">La presentaci\u00f3n estar\u00e1 a cargo del equipo de Visi\u00f3n de la entidad de servicio de nuestra ciudad.<\/p>\n<p style=\"font-weight: 400;\">El Autorrefract\u00f3metro Pedi\u00e1trico se ha recibido gracias a un Proyecto presentado ante la Fundaci\u00f3n LCIF, del Leonismo Internacional.<\/p>\n<p style=\"font-weight: 400;\">\n<p style=\"font-weight: 400;\">Objetivo<\/p>\n<p style=\"font-weight: 400;\">\n<p style=\"font-weight: 400;\">Presentar a la sociedad y a las organizaciones involucradas el detector de visi\u00f3n Plusoptix, que nos permitir\u00e1 obtener valiosa informaci\u00f3n sobre la prevenci\u00f3n, el diagn\u00f3stico y las opciones de tratamiento oftalmol\u00f3gico para ni\u00f1os.<\/p>\n<p style=\"font-weight: 400;\">\n<p style=\"font-weight: 400;\">Servicio Gratuito<\/p>\n<p style=\"font-weight: 400;\">\n<p style=\"font-weight: 400;\">Nuestro Club de Leones se compromete a ofrecer este servicio de forma gratuita, con la presencia de padres, docentes y voluntarios capacitados.<\/p>\n<p style=\"font-weight: 400;\">\n<p style=\"font-weight: 400;\">Requisitos y Procedimientos<\/p>\n<p style=\"font-weight: 400;\">\n<p style=\"font-weight: 400;\">&#8211; Las revisiones oculares se realizar\u00e1n con formularios de autorizaci\u00f3n y con la presencia de padres o tutores.<\/p>\n<p style=\"font-weight: 400;\">&#8211; Los voluntarios participar\u00e1n en cada momento de las revisiones oculares.<\/p>\n<p style=\"font-weight: 400;\">\n<p style=\"font-weight: 400;\">Con el lema \u201cNosotros servimos\u201d se invita a la comunidad a participar de la presentaci\u00f3n, el mi\u00e9rcoles 15 a las 20 horas, en la sede del Club de Leones Goya, sito en calle Espa\u00f1a 254<\/p>\n","protected":false},"excerpt":{"rendered":"<p>El Club de Leones invita a la comunidad a la presentaci\u00f3n de este dispositivo el mi\u00e9rcoles 15 de octubre a las 20 horas, en su sede de calle Espa\u00f1a 254 La presentaci\u00f3n estar\u00e1 a cargo del equipo de Visi\u00f3n de la entidad de servicio de nuestra ciudad. El Autorrefract\u00f3metro Pedi\u00e1trico se ha recibido gracias a [&hellip;]<\/p>\n","protected":false},"author":2,"featured_media":1608,"comment_status":"open","ping_status":"open","sticky":false,"template":"","format":"standard","meta":{"footnotes":""},"categories":[56],"tags":[],"class_list":{"0":"post-1607","1":"post","2":"type-post","3":"status-publish","4":"format-standard","5":"has-post-thumbnail","7":"category-locales"},"_links":{"self":[{"href":"https:\/\/elpueblonoticia.com.ar\/web\/wp-json\/wp\/v2\/posts\/1607","targetHints":{"allow":["GET"]}}],"collection":[{"href":"https:\/\/elpueblonoticia.com.ar\/web\/wp-json\/wp\/v2\/posts"}],"about":[{"href":"https:\/\/elpueblonoticia.com.ar\/web\/wp-json\/wp\/v2\/types\/post"}],"author":[{"embeddable":true,"href":"https:\/\/elpueblonoticia.com.ar\/web\/wp-json\/wp\/v2\/users\/2"}],"replies":[{"embeddable":true,"href":"https:\/\/elpueblonoticia.com.ar\/web\/wp-json\/wp\/v2\/comments?post=1607"}],"version-history":[{"count":0,"href":"https:\/\/elpueblonoticia.com.ar\/web\/wp-json\/wp\/v2\/posts\/1607\/revisions"}],"wp:featuredmedia":[{"embeddable":true,"href":"https:\/\/elpueblonoticia.com.ar\/web\/wp-json\/wp\/v2\/media\/1608"}],"wp:attachment":[{"href":"https:\/\/elpueblonoticia.com.ar\/web\/wp-json\/wp\/v2\/media?parent=1607"}],"wp:term":[{"taxonomy":"category","embeddable":true,"href":"https:\/\/elpueblonoticia.com.ar\/web\/wp-json\/wp\/v2\/categories?post=1607"},{"taxonomy":"post_tag","embeddable":true,"href":"https:\/\/elpueblonoticia.com.ar\/web\/wp-json\/wp\/v2\/tags?post=1607"}],"curies":[{"name":"wp","href":"https:\/\/api.w.org\/{rel}","templated":true}]}}