{"id":1564,"date":"2025-10-09T13:07:09","date_gmt":"2025-10-09T16:07:09","guid":{"rendered":"https:\/\/elpueblonoticia.com.ar\/web\/?p=1564"},"modified":"2025-10-09T13:07:09","modified_gmt":"2025-10-09T16:07:09","slug":"lamentable-en-el-ibera-guacamayo-rojo-perdio-la-vida-por-un-ataque-con-gomera","status":"publish","type":"post","link":"https:\/\/elpueblonoticia.com.ar\/web\/2025\/10\/09\/lamentable-en-el-ibera-guacamayo-rojo-perdio-la-vida-por-un-ataque-con-gomera\/","title":{"rendered":"Lamentable en el Iber\u00e1: guacamayo rojo perdi\u00f3 la vida por un ataque con gomera"},"content":{"rendered":"<p><strong>Infomacion general<\/strong><\/p>\n<p>9 de Octubre de 2025<\/p>\n<div class=\"x14z9mp xat24cr x1lziwak x1vvkbs xtlvy1s x126k92a\">\n<div dir=\"auto\">La Fundaci\u00f3n Rewilding Argentina confirm\u00f3 la muerte de un ejemplar de Guacamayo Rojo, que era parte del proyecto de reintroducci\u00f3n en los Esteros del Iber\u00e1.<\/div>\n<div dir=\"auto\"><\/div>\n<\/div>\n<div class=\"x14z9mp xat24cr x1lziwak x1vvkbs xtlvy1s x126k92a\">\n<div dir=\"auto\">El ave llamada Charr\u00faa fue abatido en la localidad de Concepci\u00f3n del Yaguaret\u00e9 Cor\u00e1, y se trat\u00f3 del primer guacamayo muerto a manos de personas en los 10 a\u00f1os de existencia del proyecto.<\/div>\n<div dir=\"auto\"><\/div>\n<\/div>\n<div class=\"x14z9mp xat24cr x1lziwak x1vvkbs xtlvy1s x126k92a\">\n<div dir=\"auto\"><strong>La tragedia del vuelo libre<\/strong><\/div>\n<div dir=\"auto\"><\/div>\n<\/div>\n<div class=\"x14z9mp xat24cr x1lziwak x1vvkbs xtlvy1s x126k92a\">\n<div dir=\"auto\">Charr\u00faa, junto a Pampa y Toba, formaba parte de un tr\u00edo de juveniles nacidos en libertad el a\u00f1o pasado en el Iber\u00e1. Recientemente, los tres hab\u00edan emprendido un &#8220;incre\u00edble periplo&#8221;, volando mucho m\u00e1s all\u00e1 de su zona de nacimiento durante aproximadamente un mes.<\/div>\n<\/div>\n<div class=\"x14z9mp xat24cr x1lziwak x1vvkbs xtlvy1s x126k92a\">\n<div dir=\"auto\">Sin embargo, este viaje termin\u00f3 tr\u00e1gicamente. Charr\u00faa fue alcanzado por el impacto de una gomera. Pese a que el animal recibi\u00f3 atenci\u00f3n r\u00e1pidamente, la gravedad de la herida result\u00f3 fatal, causando su muerte a los pocos d\u00edas.<\/div>\n<div dir=\"auto\"><\/div>\n<\/div>\n<div class=\"x14z9mp xat24cr x1lziwak x1vvkbs xtlvy1s x126k92a\">\n<div dir=\"auto\">Se recuerda que, el guacamayo rojo ha sido declarado Monumento Natural de Corrientes, lo que le otorga una protecci\u00f3n legal espec\u00edfica contra cualquier forma de da\u00f1o. Seg\u00fan indicaron, dado el grave ataque, ya presentaron la denuncia correspondiente ante la justicia.<\/div>\n<div dir=\"auto\"><\/div>\n<\/div>\n<div class=\"x14z9mp xat24cr x1lziwak x1vvkbs xtlvy1s x126k92a\">\n<div dir=\"auto\">Los responsables del proyecto esperan que la p\u00e9rdida de Charr\u00faa no sea en vano. La muerte del juvenil es vista como un ejemplo del &#8220;terrible e innecesario da\u00f1o&#8221; que podemos infligir a la fauna.<\/div>\n<\/div>\n","protected":false},"excerpt":{"rendered":"<p>Infomacion general 9 de Octubre de 2025 La Fundaci\u00f3n Rewilding Argentina confirm\u00f3 la muerte de un ejemplar de Guacamayo Rojo, que era parte del proyecto de reintroducci\u00f3n en los Esteros del Iber\u00e1. El ave llamada Charr\u00faa fue abatido en la localidad de Concepci\u00f3n del Yaguaret\u00e9 Cor\u00e1, y se trat\u00f3 del primer guacamayo muerto a manos [&hellip;]<\/p>\n","protected":false},"author":2,"featured_media":1565,"comment_status":"open","ping_status":"open","sticky":false,"template":"","format":"standard","meta":{"footnotes":""},"categories":[72],"tags":[],"class_list":{"0":"post-1564","1":"post","2":"type-post","3":"status-publish","4":"format-standard","5":"has-post-thumbnail","7":"category-provinciales"},"_links":{"self":[{"href":"https:\/\/elpueblonoticia.com.ar\/web\/wp-json\/wp\/v2\/posts\/1564","targetHints":{"allow":["GET"]}}],"collection":[{"href":"https:\/\/elpueblonoticia.com.ar\/web\/wp-json\/wp\/v2\/posts"}],"about":[{"href":"https:\/\/elpueblonoticia.com.ar\/web\/wp-json\/wp\/v2\/types\/post"}],"author":[{"embeddable":true,"href":"https:\/\/elpueblonoticia.com.ar\/web\/wp-json\/wp\/v2\/users\/2"}],"replies":[{"embeddable":true,"href":"https:\/\/elpueblonoticia.com.ar\/web\/wp-json\/wp\/v2\/comments?post=1564"}],"version-history":[{"count":0,"href":"https:\/\/elpueblonoticia.com.ar\/web\/wp-json\/wp\/v2\/posts\/1564\/revisions"}],"wp:featuredmedia":[{"embeddable":true,"href":"https:\/\/elpueblonoticia.com.ar\/web\/wp-json\/wp\/v2\/media\/1565"}],"wp:attachment":[{"href":"https:\/\/elpueblonoticia.com.ar\/web\/wp-json\/wp\/v2\/media?parent=1564"}],"wp:term":[{"taxonomy":"category","embeddable":true,"href":"https:\/\/elpueblonoticia.com.ar\/web\/wp-json\/wp\/v2\/categories?post=1564"},{"taxonomy":"post_tag","embeddable":true,"href":"https:\/\/elpueblonoticia.com.ar\/web\/wp-json\/wp\/v2\/tags?post=1564"}],"curies":[{"name":"wp","href":"https:\/\/api.w.org\/{rel}","templated":true}]}}