{"id":1560,"date":"2025-10-08T11:17:47","date_gmt":"2025-10-08T14:17:47","guid":{"rendered":"https:\/\/elpueblonoticia.com.ar\/web\/?p=1560"},"modified":"2025-10-08T11:17:47","modified_gmt":"2025-10-08T14:17:47","slug":"javier-milei-llega-a-corrientes-y-se-muestra-junto-a-la-candidata-virginia-gallardo","status":"publish","type":"post","link":"https:\/\/elpueblonoticia.com.ar\/web\/2025\/10\/08\/javier-milei-llega-a-corrientes-y-se-muestra-junto-a-la-candidata-virginia-gallardo\/","title":{"rendered":"Javier Milei llega a Corrientes y se muestra junto a la candidata Virginia Gallardo"},"content":{"rendered":"<p><strong>Politica<\/strong><\/p>\n<p>8 de Octubre de 2025<\/p>\n<p>&nbsp;<\/p>\n<div class=\"x14z9mp xat24cr x1lziwak x1vvkbs xtlvy1s x126k92a\">\n<div dir=\"auto\">El presidente Javier Milei llegar\u00e1 el s\u00e1bado a la Capital correntina para apoyar a su candidata a diputada nacional Virginia Gallardo (LLA), en la elecciones del 26 de octubre.<\/div>\n<\/div>\n<div class=\"x14z9mp xat24cr x1lziwak x1vvkbs xtlvy1s x126k92a\">\n<div dir=\"auto\">Javier Milei volver\u00e1 al litoral. Despu\u00e9s de su accidentado viaje a Santa Fe y del ba\u00f1o de multitud que se dio en Entre R\u00edos, arribar\u00e1 el pr\u00f3ximo s\u00e1bado a Corrientes.<\/div>\n<div dir=\"auto\"><\/div>\n<\/div>\n<div class=\"x14z9mp xat24cr x1lziwak x1vvkbs xtlvy1s x126k92a\">\n<div dir=\"auto\">Uno de los posibles escenarios podr\u00eda ser la costanera de la ciudad capital. La din\u00e1mica ser\u00e1 similar a la que viene implementando: contacto con la gente y discurso amplificado por meg\u00e1fono.<\/div>\n<div dir=\"auto\"><\/div>\n<\/div>\n<div class=\"x14z9mp xat24cr x1lziwak x1vvkbs xtlvy1s x126k92a\">\n<div dir=\"auto\">El objetivo de la visita de Milei a Corrientes ser\u00e1 dar un espaldarazo a la ex vedette e influencer Virgina Gallardo. La medi\u00e1tica encabeza la lista de candidatos a diputados nacionales de LLA. Junto a ellos estar\u00e1 el segundo en la n\u00f3mina, Isidoro Redcozub.<\/div>\n<\/div>\n<div class=\"x14z9mp xat24cr x1lziwak x1vvkbs xtlvy1s x126k92a\">\n<div dir=\"auto\">La provincia renovar\u00e1 tres bancas en Diputados el 26 de octubre. Ser\u00e1n las que dejen vacantes a partir del 10 de diciembre Manuel Aguirre (Democracia para Siempre), Sof\u00eda Brambilla (PRO) y Jorge Romero (Uni\u00f3n por la Patria).<\/div>\n<\/div>\n","protected":false},"excerpt":{"rendered":"<p>Politica 8 de Octubre de 2025 &nbsp; El presidente Javier Milei llegar\u00e1 el s\u00e1bado a la Capital correntina para apoyar a su candidata a diputada nacional Virginia Gallardo (LLA), en la elecciones del 26 de octubre. Javier Milei volver\u00e1 al litoral. Despu\u00e9s de su accidentado viaje a Santa Fe y del ba\u00f1o de multitud que [&hellip;]<\/p>\n","protected":false},"author":2,"featured_media":1561,"comment_status":"open","ping_status":"open","sticky":false,"template":"","format":"standard","meta":{"footnotes":""},"categories":[79],"tags":[],"class_list":{"0":"post-1560","1":"post","2":"type-post","3":"status-publish","4":"format-standard","5":"has-post-thumbnail","7":"category-corrientes"},"_links":{"self":[{"href":"https:\/\/elpueblonoticia.com.ar\/web\/wp-json\/wp\/v2\/posts\/1560","targetHints":{"allow":["GET"]}}],"collection":[{"href":"https:\/\/elpueblonoticia.com.ar\/web\/wp-json\/wp\/v2\/posts"}],"about":[{"href":"https:\/\/elpueblonoticia.com.ar\/web\/wp-json\/wp\/v2\/types\/post"}],"author":[{"embeddable":true,"href":"https:\/\/elpueblonoticia.com.ar\/web\/wp-json\/wp\/v2\/users\/2"}],"replies":[{"embeddable":true,"href":"https:\/\/elpueblonoticia.com.ar\/web\/wp-json\/wp\/v2\/comments?post=1560"}],"version-history":[{"count":0,"href":"https:\/\/elpueblonoticia.com.ar\/web\/wp-json\/wp\/v2\/posts\/1560\/revisions"}],"wp:featuredmedia":[{"embeddable":true,"href":"https:\/\/elpueblonoticia.com.ar\/web\/wp-json\/wp\/v2\/media\/1561"}],"wp:attachment":[{"href":"https:\/\/elpueblonoticia.com.ar\/web\/wp-json\/wp\/v2\/media?parent=1560"}],"wp:term":[{"taxonomy":"category","embeddable":true,"href":"https:\/\/elpueblonoticia.com.ar\/web\/wp-json\/wp\/v2\/categories?post=1560"},{"taxonomy":"post_tag","embeddable":true,"href":"https:\/\/elpueblonoticia.com.ar\/web\/wp-json\/wp\/v2\/tags?post=1560"}],"curies":[{"name":"wp","href":"https:\/\/api.w.org\/{rel}","templated":true}]}}