{"id":1554,"date":"2025-10-08T10:40:49","date_gmt":"2025-10-08T13:40:49","guid":{"rendered":"https:\/\/elpueblonoticia.com.ar\/web\/?p=1554"},"modified":"2025-10-08T10:40:49","modified_gmt":"2025-10-08T13:40:49","slug":"para-la-fiscalia-karen-reihardt-y-no-diego-santilli-debe-encabezar-la-boleta-de-lla-en-la-provincia-de-buenos-aires","status":"publish","type":"post","link":"https:\/\/elpueblonoticia.com.ar\/web\/2025\/10\/08\/para-la-fiscalia-karen-reihardt-y-no-diego-santilli-debe-encabezar-la-boleta-de-lla-en-la-provincia-de-buenos-aires\/","title":{"rendered":"Para la Fiscal\u00eda, Karen Reihardt y no Diego Santilli debe encabezar la boleta de LLA en la provincia de Buenos Aires"},"content":{"rendered":"<p>La fiscal\u00eda electoral dictamin\u00f3 que la dirigente libertaria es la candidata leg\u00edtima para liderar la lista de La Libertad Avanza en territorio bonaerense, en medio de la disputa interna por el armado electoral.<\/p>\n<p>La Fiscal\u00eda electoral se pronunci\u00f3 este martes a favor de que Karen Reihardt encabece la boleta de La Libertad Avanza (LLA) en la provincia de Buenos Aires, en contra del pedido de La Libertad Avanza de que Diego Santilli, actual tercero en la lista, ocupara el lugar de Jos\u00e9 Luis Espert tras la renuncia.<\/p>\n<div>\nLa fiscal\u00eda emiti\u00f3 su opini\u00f3n tras una consulta del titular del Juzgado Federal N\u00b01 con competencia electoral, Alejo Ramos Padilla, quien ahora deber\u00e1 tomar una decisi\u00f3n definitiva.<\/div>\n","protected":false},"excerpt":{"rendered":"<p>La fiscal\u00eda electoral dictamin\u00f3 que la dirigente libertaria es la candidata leg\u00edtima para liderar la lista de La Libertad Avanza en territorio bonaerense, en medio de la disputa interna por el armado electoral. La Fiscal\u00eda electoral se pronunci\u00f3 este martes a favor de que Karen Reihardt encabece la boleta de La Libertad Avanza (LLA) en [&hellip;]<\/p>\n","protected":false},"author":2,"featured_media":1555,"comment_status":"open","ping_status":"open","sticky":false,"template":"","format":"standard","meta":{"footnotes":""},"categories":[66],"tags":[],"class_list":{"0":"post-1554","1":"post","2":"type-post","3":"status-publish","4":"format-standard","5":"has-post-thumbnail","7":"category-politica-nacionales"},"_links":{"self":[{"href":"https:\/\/elpueblonoticia.com.ar\/web\/wp-json\/wp\/v2\/posts\/1554","targetHints":{"allow":["GET"]}}],"collection":[{"href":"https:\/\/elpueblonoticia.com.ar\/web\/wp-json\/wp\/v2\/posts"}],"about":[{"href":"https:\/\/elpueblonoticia.com.ar\/web\/wp-json\/wp\/v2\/types\/post"}],"author":[{"embeddable":true,"href":"https:\/\/elpueblonoticia.com.ar\/web\/wp-json\/wp\/v2\/users\/2"}],"replies":[{"embeddable":true,"href":"https:\/\/elpueblonoticia.com.ar\/web\/wp-json\/wp\/v2\/comments?post=1554"}],"version-history":[{"count":0,"href":"https:\/\/elpueblonoticia.com.ar\/web\/wp-json\/wp\/v2\/posts\/1554\/revisions"}],"wp:featuredmedia":[{"embeddable":true,"href":"https:\/\/elpueblonoticia.com.ar\/web\/wp-json\/wp\/v2\/media\/1555"}],"wp:attachment":[{"href":"https:\/\/elpueblonoticia.com.ar\/web\/wp-json\/wp\/v2\/media?parent=1554"}],"wp:term":[{"taxonomy":"category","embeddable":true,"href":"https:\/\/elpueblonoticia.com.ar\/web\/wp-json\/wp\/v2\/categories?post=1554"},{"taxonomy":"post_tag","embeddable":true,"href":"https:\/\/elpueblonoticia.com.ar\/web\/wp-json\/wp\/v2\/tags?post=1554"}],"curies":[{"name":"wp","href":"https:\/\/api.w.org\/{rel}","templated":true}]}}