{"id":1549,"date":"2025-10-08T10:05:57","date_gmt":"2025-10-08T13:05:57","guid":{"rendered":"https:\/\/elpueblonoticia.com.ar\/web\/?p=1549"},"modified":"2025-10-08T10:05:57","modified_gmt":"2025-10-08T13:05:57","slug":"imputaron-a-jose-luis-espert-por-lavado-de-dinero-en-la-causa-vinculada-a-fred-machado","status":"publish","type":"post","link":"https:\/\/elpueblonoticia.com.ar\/web\/2025\/10\/08\/imputaron-a-jose-luis-espert-por-lavado-de-dinero-en-la-causa-vinculada-a-fred-machado\/","title":{"rendered":"Imputaron a Jos\u00e9 Luis Espert por lavado de dinero en la causa vinculada a Fred Machado"},"content":{"rendered":"<p class=\"ignore-parser\"><strong>El diputado nacional es investigado. El domingo renunci\u00f3 a su candidatura por la Alianza La Libertad Avanza en la provincia de Buenos Aires.<\/strong><\/p>\n<section class=\"detail-body first-paragraph\">\n<section class=\"body-content note-body content-protected-false\" data-twitter-link=\"&lt;a href=\">\n<p class=\"\">El fiscal federal de San Isidro\u00a0<strong>Fernando Dom\u00ednguez<\/strong>\u00a0promovi\u00f3 una investigaci\u00f3n contra el diputado nacional oficialista\u00a0<strong>Jos\u00e9 Luis Espert<\/strong>\u00a0por presunto\u00a0<strong>lavado de dinero.<\/strong><\/p>\n<\/section>\n<\/section>\n<section class=\"detail-body second-paragraph\">\n<section class=\"body-content note-body content-protected-false\">\n<p class=\"\">La investigaci\u00f3n se da en el marco de la causa que se abri\u00f3 por la denuncia presentada contra Espert por el candidato a diputado nacional por el Frente de Todos,\u00a0<strong>Juan Grabois<\/strong>, a ra\u00edz de los 200.000 d\u00f3lares que el diputado libertario cobr\u00f3 en 2020 de\u00a0<strong>Federico \u201cFred\u201d Machado<\/strong>, el empresario que Estados Unidos reclama que la Argentina le entregue para juzgarlo por una serie de cargos que incluyen conspiraci\u00f3n para el narcotr\u00e1fico, el lavado de dinero y la estafa.<\/p>\n<\/section>\n<\/section>\n","protected":false},"excerpt":{"rendered":"<p>El diputado nacional es investigado. El domingo renunci\u00f3 a su candidatura por la Alianza La Libertad Avanza en la provincia de Buenos Aires. El fiscal federal de San Isidro\u00a0Fernando Dom\u00ednguez\u00a0promovi\u00f3 una investigaci\u00f3n contra el diputado nacional oficialista\u00a0Jos\u00e9 Luis Espert\u00a0por presunto\u00a0lavado de dinero. La investigaci\u00f3n se da en el marco de la causa que se abri\u00f3 [&hellip;]<\/p>\n","protected":false},"author":2,"featured_media":1550,"comment_status":"open","ping_status":"open","sticky":false,"template":"","format":"standard","meta":{"footnotes":""},"categories":[64],"tags":[],"class_list":{"0":"post-1549","1":"post","2":"type-post","3":"status-publish","4":"format-standard","5":"has-post-thumbnail","7":"category-nacionales"},"_links":{"self":[{"href":"https:\/\/elpueblonoticia.com.ar\/web\/wp-json\/wp\/v2\/posts\/1549","targetHints":{"allow":["GET"]}}],"collection":[{"href":"https:\/\/elpueblonoticia.com.ar\/web\/wp-json\/wp\/v2\/posts"}],"about":[{"href":"https:\/\/elpueblonoticia.com.ar\/web\/wp-json\/wp\/v2\/types\/post"}],"author":[{"embeddable":true,"href":"https:\/\/elpueblonoticia.com.ar\/web\/wp-json\/wp\/v2\/users\/2"}],"replies":[{"embeddable":true,"href":"https:\/\/elpueblonoticia.com.ar\/web\/wp-json\/wp\/v2\/comments?post=1549"}],"version-history":[{"count":0,"href":"https:\/\/elpueblonoticia.com.ar\/web\/wp-json\/wp\/v2\/posts\/1549\/revisions"}],"wp:featuredmedia":[{"embeddable":true,"href":"https:\/\/elpueblonoticia.com.ar\/web\/wp-json\/wp\/v2\/media\/1550"}],"wp:attachment":[{"href":"https:\/\/elpueblonoticia.com.ar\/web\/wp-json\/wp\/v2\/media?parent=1549"}],"wp:term":[{"taxonomy":"category","embeddable":true,"href":"https:\/\/elpueblonoticia.com.ar\/web\/wp-json\/wp\/v2\/categories?post=1549"},{"taxonomy":"post_tag","embeddable":true,"href":"https:\/\/elpueblonoticia.com.ar\/web\/wp-json\/wp\/v2\/tags?post=1549"}],"curies":[{"name":"wp","href":"https:\/\/api.w.org\/{rel}","templated":true}]}}